{"id":98,"date":"2023-08-01T15:29:25","date_gmt":"2023-08-01T15:29:25","guid":{"rendered":"https:\/\/ventanasprodeco.com\/noticias\/?p=98"},"modified":"2023-08-01T15:36:52","modified_gmt":"2023-08-01T15:36:52","slug":"ultimas-tendencias-en-diseno-y-tecnologia-en-ventanas","status":"publish","type":"post","link":"https:\/\/www.ventanasprodeco.com\/noticias\/ultimas-tendencias-en-diseno-y-tecnologia-en-ventanas\/","title":{"rendered":"\u00daltimas tendencias en dise\u00f1o y tecnolog\u00eda en ventanas"},"content":{"rendered":"<p>A lo largo de los a\u00f1os, las ventanas han experimentado una incre\u00edble evoluci\u00f3n, pasando de ser simples aberturas a elementos clave en la arquitectura y el dise\u00f1o de interiores. Exploraremos las <strong>\u00faltimas tendencias en dise\u00f1o y tecnolog\u00eda de ventanas<\/strong> que est\u00e1n revolucionando el mercado, brindando estilos vanguardistas y caracter\u00edsticas innovadoras para mejorar la calidad de vida en nuestros hogares.<\/p>\n<h2>Ventanas inteligentes<\/h2>\n<p>Una de las tendencias m\u00e1s destacadas es el surgimiento de las ventanas inteligentes. Estas ventanas cuentan con tecnolog\u00eda integrada que permite controlarlas de manera remota mediante aplicaciones m\u00f3viles o asistentes de voz. Desde regular la apertura y cierre hasta ajustar el nivel de opacidad del vidrio, las ventanas inteligentes brindan una experiencia personalizada y c\u00f3moda para los usuarios.<\/p>\n<h2>Eficiencia energ\u00e9tica<\/h2>\n<p>La preocupaci\u00f3n por la sostenibilidad y el ahorro energ\u00e9tico ha llevado a un enfoque creciente en ventanas con altos est\u00e1ndares de eficiencia. <strong>Ventanas con vidrios de doble o triple acristalamiento<\/strong>, marcos aislados y tecnolog\u00eda de sellado avanzada aseguran un \u00f3ptimo aislamiento t\u00e9rmico y ac\u00fastico, reduciendo la p\u00e9rdida de energ\u00eda y contribuyendo al bienestar del hogar y el medio ambiente.<\/p>\n<h2>Ventanas de gran tama\u00f1o<\/h2>\n<p>Las <strong>ventanas de gran tama\u00f1o y estilo panor\u00e1mico<\/strong> est\u00e1n ganando popularidad. Estas ventanas crean una conexi\u00f3n perfecta entre el interior y el exterior, permitiendo disfrutar de vistas espectaculares y llenando los espacios interiores con abundante luz natural. Son ideales para realzar el dise\u00f1o arquitect\u00f3nico y brindar una sensaci\u00f3n de amplitud y modernidad a los hogares.<\/p>\n<h2>Dise\u00f1os minimalistas<\/h2>\n<p>El minimalismo es una tendencia en auge en el dise\u00f1o de interiores, y las ventanas no son una excepci\u00f3n. Las l\u00edneas limpias y los perfiles delgados en las ventanas ofrecen un aspecto contempor\u00e1neo y elegante que se adapta perfectamente a una variedad de estilos de decoraci\u00f3n. Estas ventanas minimalistas dan protagonismo a las vistas y permiten que la luz natural sea la protagonista en los espacios.<\/p>\n<h2>Seguridad y comodidad<\/h2>\n<p>La seguridad es un factor crucial en la elecci\u00f3n de ventanas. Las \u00faltimas tendencias en ventanas incluyen sistemas de seguridad avanzados, como cerraduras multipunto, vidrios laminados y sensores de intrusi\u00f3n. Adem\u00e1s, los avances en tecnolog\u00eda tambi\u00e9n han facilitado la operaci\u00f3n y el mantenimiento de las ventanas, ofreciendo una experiencia m\u00e1s c\u00f3moda y segura para los usuarios.<\/p>\n<p>La evoluci\u00f3n de las ventanas ha llevado a la incorporaci\u00f3n de tecnolog\u00eda innovadora y dise\u00f1os vanguardistas que mejoran significativamente la funcionalidad y el estilo de nuestros hogares. Desde ventanas inteligentes hasta dise\u00f1os minimalistas y soluciones eficientes, las tendencias actuales en ventanas nos ofrecen una amplia gama de opciones para adaptar nuestras viviendas a nuestros gustos y necesidades. En Ventanas Prodeco, estamos comprometidos a seguir ofreciendo las \u00faltimas tendencias en dise\u00f1o y tecnolog\u00eda para brindarte ventanas que marquen la diferencia en tu hogar.<\/p>\n<p>cubre las \u00faltimas tendencias en dise\u00f1o y tecnolog\u00eda con <a href=\"\/\">Ventanas Prodeco<\/a>. \u00a1Estilo y funcionalidad en cada detalle!<\/p>\n","protected":false},"excerpt":{"rendered":"<p>A lo largo de los a\u00f1os, las ventanas han experimentado una incre\u00edble evoluci\u00f3n, pasando de ser simples aberturas a elementos clave en la arquitectura y el dise\u00f1o de interiores. Exploraremos las \u00faltimas tendencias en dise\u00f1o y tecnolog\u00eda de ventanas que est\u00e1n revolucionando el mercado, brindando estilos vanguardistas y caracter\u00edsticas innovadoras para mejorar la calidad de&hellip; <a class=\"more-link\" href=\"https:\/\/www.ventanasprodeco.com\/noticias\/ultimas-tendencias-en-diseno-y-tecnologia-en-ventanas\/\">Seguir leyendo <span class=\"screen-reader-text\">\u00daltimas tendencias en dise\u00f1o y tecnolog\u00eda en ventanas<\/span><\/a><\/p>\n","protected":false},"author":1,"featured_media":105,"comment_status":"closed","ping_status":"open","sticky":false,"template":"","format":"standard","meta":{"footnotes":""},"categories":[1],"tags":[6,10,14,9],"class_list":["post-98","post","type-post","status-publish","format-standard","has-post-thumbnail","hentry","category-noticias","tag-ventanas","tag-ventanas-calidad","tag-ventanas-modernas","tag-ventanas-prodeco","entry"],"yoast_head":"<!-- This site is optimized with the Yoast SEO plugin v27.4 - https:\/\/yoast.com\/product\/yoast-seo-wordpress\/ -->\n<title>\u00daltimas tendencias en dise\u00f1o y tecnolog\u00eda en ventanas - Ventanas Prodeco<\/title>\n<meta name=\"description\" content=\"Exploraremos las \u00faltimas tendencias en dise\u00f1o y tecnolog\u00eda de ventanas que est\u00e1n revolucionando el mercado de las ventanas.\" \/>\n<meta name=\"robots\" content=\"index, follow, max-snippet:-1, max-image-preview:large, max-video-preview:-1\" \/>\n<link rel=\"canonical\" href=\"https:\/\/www.ventanasprodeco.com\/noticias\/ultimas-tendencias-en-diseno-y-tecnologia-en-ventanas\/\" \/>\n<meta property=\"og:locale\" content=\"es_ES\" \/>\n<meta property=\"og:type\" content=\"article\" \/>\n<meta property=\"og:title\" content=\"\u00daltimas tendencias en dise\u00f1o y tecnolog\u00eda en ventanas - Ventanas Prodeco\" \/>\n<meta property=\"og:description\" content=\"Exploraremos las \u00faltimas tendencias en dise\u00f1o y tecnolog\u00eda de ventanas que est\u00e1n revolucionando el mercado de las ventanas.\" \/>\n<meta property=\"og:url\" content=\"https:\/\/www.ventanasprodeco.com\/noticias\/ultimas-tendencias-en-diseno-y-tecnologia-en-ventanas\/\" \/>\n<meta property=\"og:site_name\" content=\"Ventanas Prodeco\" \/>\n<meta property=\"article:publisher\" content=\"https:\/\/www.facebook.com\/VentanasProdeco\" \/>\n<meta property=\"article:published_time\" content=\"2023-08-01T15:29:25+00:00\" \/>\n<meta property=\"article:modified_time\" content=\"2023-08-01T15:36:52+00:00\" \/>\n<meta property=\"og:image\" content=\"https:\/\/www.ventanasprodeco.com\/noticias\/wp-content\/uploads\/2023\/08\/ultima-tecnologia-ventanas-prodeco.jpg\" \/>\n\t<meta property=\"og:image:width\" content=\"1568\" \/>\n\t<meta property=\"og:image:height\" content=\"1046\" \/>\n\t<meta property=\"og:image:type\" content=\"image\/jpeg\" \/>\n<meta name=\"author\" content=\"Ventanas Prodeco\" \/>\n<meta name=\"twitter:card\" content=\"summary_large_image\" \/>\n<meta name=\"twitter:creator\" content=\"@VentanasProdeco\" \/>\n<meta name=\"twitter:site\" content=\"@VentanasProdeco\" \/>\n<meta name=\"twitter:label1\" content=\"Escrito por\" \/>\n\t<meta name=\"twitter:data1\" content=\"Ventanas Prodeco\" \/>\n\t<meta name=\"twitter:label2\" content=\"Tiempo de lectura\" \/>\n\t<meta name=\"twitter:data2\" content=\"3 minutos\" \/>\n<script type=\"application\/ld+json\" class=\"yoast-schema-graph\">{\"@context\":\"https:\\\/\\\/schema.org\",\"@graph\":[{\"@type\":\"Article\",\"@id\":\"https:\\\/\\\/www.ventanasprodeco.com\\\/noticias\\\/ultimas-tendencias-en-diseno-y-tecnologia-en-ventanas\\\/#article\",\"isPartOf\":{\"@id\":\"https:\\\/\\\/www.ventanasprodeco.com\\\/noticias\\\/ultimas-tendencias-en-diseno-y-tecnologia-en-ventanas\\\/\"},\"author\":{\"name\":\"Ventanas Prodeco\",\"@id\":\"https:\\\/\\\/www.ventanasprodeco.com\\\/noticias\\\/#\\\/schema\\\/person\\\/e2913647ff79c129e55984ab50faf21a\"},\"headline\":\"\u00daltimas tendencias en dise\u00f1o y tecnolog\u00eda en ventanas\",\"datePublished\":\"2023-08-01T15:29:25+00:00\",\"dateModified\":\"2023-08-01T15:36:52+00:00\",\"mainEntityOfPage\":{\"@id\":\"https:\\\/\\\/www.ventanasprodeco.com\\\/noticias\\\/ultimas-tendencias-en-diseno-y-tecnologia-en-ventanas\\\/\"},\"wordCount\":527,\"publisher\":{\"@id\":\"https:\\\/\\\/www.ventanasprodeco.com\\\/noticias\\\/#organization\"},\"image\":{\"@id\":\"https:\\\/\\\/www.ventanasprodeco.com\\\/noticias\\\/ultimas-tendencias-en-diseno-y-tecnologia-en-ventanas\\\/#primaryimage\"},\"thumbnailUrl\":\"https:\\\/\\\/www.ventanasprodeco.com\\\/noticias\\\/wp-content\\\/uploads\\\/2023\\\/08\\\/ultima-tecnologia-ventanas-prodeco.jpg\",\"keywords\":[\"Ventanas\",\"Ventanas Calidad\",\"Ventanas Modernas\",\"Ventanas Prodeco\"],\"articleSection\":[\"Noticias\"],\"inLanguage\":\"es\"},{\"@type\":\"WebPage\",\"@id\":\"https:\\\/\\\/www.ventanasprodeco.com\\\/noticias\\\/ultimas-tendencias-en-diseno-y-tecnologia-en-ventanas\\\/\",\"url\":\"https:\\\/\\\/www.ventanasprodeco.com\\\/noticias\\\/ultimas-tendencias-en-diseno-y-tecnologia-en-ventanas\\\/\",\"name\":\"\u00daltimas tendencias en dise\u00f1o y tecnolog\u00eda en ventanas - Ventanas Prodeco\",\"isPartOf\":{\"@id\":\"https:\\\/\\\/www.ventanasprodeco.com\\\/noticias\\\/#website\"},\"primaryImageOfPage\":{\"@id\":\"https:\\\/\\\/www.ventanasprodeco.com\\\/noticias\\\/ultimas-tendencias-en-diseno-y-tecnologia-en-ventanas\\\/#primaryimage\"},\"image\":{\"@id\":\"https:\\\/\\\/www.ventanasprodeco.com\\\/noticias\\\/ultimas-tendencias-en-diseno-y-tecnologia-en-ventanas\\\/#primaryimage\"},\"thumbnailUrl\":\"https:\\\/\\\/www.ventanasprodeco.com\\\/noticias\\\/wp-content\\\/uploads\\\/2023\\\/08\\\/ultima-tecnologia-ventanas-prodeco.jpg\",\"datePublished\":\"2023-08-01T15:29:25+00:00\",\"dateModified\":\"2023-08-01T15:36:52+00:00\",\"description\":\"Exploraremos las \u00faltimas tendencias en dise\u00f1o y tecnolog\u00eda de ventanas que est\u00e1n revolucionando el mercado de las ventanas.\",\"breadcrumb\":{\"@id\":\"https:\\\/\\\/www.ventanasprodeco.com\\\/noticias\\\/ultimas-tendencias-en-diseno-y-tecnologia-en-ventanas\\\/#breadcrumb\"},\"inLanguage\":\"es\",\"potentialAction\":[{\"@type\":\"ReadAction\",\"target\":[\"https:\\\/\\\/www.ventanasprodeco.com\\\/noticias\\\/ultimas-tendencias-en-diseno-y-tecnologia-en-ventanas\\\/\"]}]},{\"@type\":\"ImageObject\",\"inLanguage\":\"es\",\"@id\":\"https:\\\/\\\/www.ventanasprodeco.com\\\/noticias\\\/ultimas-tendencias-en-diseno-y-tecnologia-en-ventanas\\\/#primaryimage\",\"url\":\"https:\\\/\\\/www.ventanasprodeco.com\\\/noticias\\\/wp-content\\\/uploads\\\/2023\\\/08\\\/ultima-tecnologia-ventanas-prodeco.jpg\",\"contentUrl\":\"https:\\\/\\\/www.ventanasprodeco.com\\\/noticias\\\/wp-content\\\/uploads\\\/2023\\\/08\\\/ultima-tecnologia-ventanas-prodeco.jpg\",\"width\":1568,\"height\":1046},{\"@type\":\"BreadcrumbList\",\"@id\":\"https:\\\/\\\/www.ventanasprodeco.com\\\/noticias\\\/ultimas-tendencias-en-diseno-y-tecnologia-en-ventanas\\\/#breadcrumb\",\"itemListElement\":[{\"@type\":\"ListItem\",\"position\":1,\"name\":\"Portada\",\"item\":\"https:\\\/\\\/www.ventanasprodeco.com\\\/noticias\\\/\"},{\"@type\":\"ListItem\",\"position\":2,\"name\":\"\u00daltimas tendencias en dise\u00f1o y tecnolog\u00eda en ventanas\"}]},{\"@type\":\"WebSite\",\"@id\":\"https:\\\/\\\/www.ventanasprodeco.com\\\/noticias\\\/#website\",\"url\":\"https:\\\/\\\/www.ventanasprodeco.com\\\/noticias\\\/\",\"name\":\"VentanasProdeco.com\",\"description\":\"Especialistas en Ventanas\",\"publisher\":{\"@id\":\"https:\\\/\\\/www.ventanasprodeco.com\\\/noticias\\\/#organization\"},\"potentialAction\":[{\"@type\":\"SearchAction\",\"target\":{\"@type\":\"EntryPoint\",\"urlTemplate\":\"https:\\\/\\\/www.ventanasprodeco.com\\\/noticias\\\/?s={search_term_string}\"},\"query-input\":{\"@type\":\"PropertyValueSpecification\",\"valueRequired\":true,\"valueName\":\"search_term_string\"}}],\"inLanguage\":\"es\"},{\"@type\":\"Organization\",\"@id\":\"https:\\\/\\\/www.ventanasprodeco.com\\\/noticias\\\/#organization\",\"name\":\"Ventanas Prodeco\",\"url\":\"https:\\\/\\\/www.ventanasprodeco.com\\\/noticias\\\/\",\"logo\":{\"@type\":\"ImageObject\",\"inLanguage\":\"es\",\"@id\":\"https:\\\/\\\/www.ventanasprodeco.com\\\/noticias\\\/#\\\/schema\\\/logo\\\/image\\\/\",\"url\":\"https:\\\/\\\/www.ventanasprodeco.com\\\/noticias\\\/wp-content\\\/uploads\\\/2023\\\/06\\\/cropped-logo.png\",\"contentUrl\":\"https:\\\/\\\/www.ventanasprodeco.com\\\/noticias\\\/wp-content\\\/uploads\\\/2023\\\/06\\\/cropped-logo.png\",\"width\":300,\"height\":65,\"caption\":\"Ventanas Prodeco\"},\"image\":{\"@id\":\"https:\\\/\\\/www.ventanasprodeco.com\\\/noticias\\\/#\\\/schema\\\/logo\\\/image\\\/\"},\"sameAs\":[\"https:\\\/\\\/www.facebook.com\\\/VentanasProdeco\",\"https:\\\/\\\/x.com\\\/VentanasProdeco\",\"https:\\\/\\\/www.tiktok.com\\\/@VentanasProdeco\",\"https:\\\/\\\/www.youtube.com\\\/@VentanasProdeco\"]},{\"@type\":\"Person\",\"@id\":\"https:\\\/\\\/www.ventanasprodeco.com\\\/noticias\\\/#\\\/schema\\\/person\\\/e2913647ff79c129e55984ab50faf21a\",\"name\":\"Ventanas Prodeco\",\"image\":{\"@type\":\"ImageObject\",\"inLanguage\":\"es\",\"@id\":\"https:\\\/\\\/secure.gravatar.com\\\/avatar\\\/c5f8fa291da6699f0d04718e30fdb7ff9fa47d2ae84c79a8f68922349513ce31?s=96&d=mm&r=g\",\"url\":\"https:\\\/\\\/secure.gravatar.com\\\/avatar\\\/c5f8fa291da6699f0d04718e30fdb7ff9fa47d2ae84c79a8f68922349513ce31?s=96&d=mm&r=g\",\"contentUrl\":\"https:\\\/\\\/secure.gravatar.com\\\/avatar\\\/c5f8fa291da6699f0d04718e30fdb7ff9fa47d2ae84c79a8f68922349513ce31?s=96&d=mm&r=g\",\"caption\":\"Ventanas Prodeco\"},\"sameAs\":[\"http:\\\/\\\/ventanasprodeco.com\\\/noticias\"],\"url\":\"https:\\\/\\\/www.ventanasprodeco.com\\\/noticias\\\/author\\\/admin\\\/\"}]}<\/script>\n<!-- \/ Yoast SEO plugin. -->","yoast_head_json":{"title":"\u00daltimas tendencias en dise\u00f1o y tecnolog\u00eda en ventanas - Ventanas Prodeco","description":"Exploraremos las \u00faltimas tendencias en dise\u00f1o y tecnolog\u00eda de ventanas que est\u00e1n revolucionando el mercado de las ventanas.","robots":{"index":"index","follow":"follow","max-snippet":"max-snippet:-1","max-image-preview":"max-image-preview:large","max-video-preview":"max-video-preview:-1"},"canonical":"https:\/\/www.ventanasprodeco.com\/noticias\/ultimas-tendencias-en-diseno-y-tecnologia-en-ventanas\/","og_locale":"es_ES","og_type":"article","og_title":"\u00daltimas tendencias en dise\u00f1o y tecnolog\u00eda en ventanas - Ventanas Prodeco","og_description":"Exploraremos las \u00faltimas tendencias en dise\u00f1o y tecnolog\u00eda de ventanas que est\u00e1n revolucionando el mercado de las ventanas.","og_url":"https:\/\/www.ventanasprodeco.com\/noticias\/ultimas-tendencias-en-diseno-y-tecnologia-en-ventanas\/","og_site_name":"Ventanas Prodeco","article_publisher":"https:\/\/www.facebook.com\/VentanasProdeco","article_published_time":"2023-08-01T15:29:25+00:00","article_modified_time":"2023-08-01T15:36:52+00:00","og_image":[{"width":1568,"height":1046,"url":"https:\/\/www.ventanasprodeco.com\/noticias\/wp-content\/uploads\/2023\/08\/ultima-tecnologia-ventanas-prodeco.jpg","type":"image\/jpeg"}],"author":"Ventanas Prodeco","twitter_card":"summary_large_image","twitter_creator":"@VentanasProdeco","twitter_site":"@VentanasProdeco","twitter_misc":{"Escrito por":"Ventanas Prodeco","Tiempo de lectura":"3 minutos"},"schema":{"@context":"https:\/\/schema.org","@graph":[{"@type":"Article","@id":"https:\/\/www.ventanasprodeco.com\/noticias\/ultimas-tendencias-en-diseno-y-tecnologia-en-ventanas\/#article","isPartOf":{"@id":"https:\/\/www.ventanasprodeco.com\/noticias\/ultimas-tendencias-en-diseno-y-tecnologia-en-ventanas\/"},"author":{"name":"Ventanas Prodeco","@id":"https:\/\/www.ventanasprodeco.com\/noticias\/#\/schema\/person\/e2913647ff79c129e55984ab50faf21a"},"headline":"\u00daltimas tendencias en dise\u00f1o y tecnolog\u00eda en ventanas","datePublished":"2023-08-01T15:29:25+00:00","dateModified":"2023-08-01T15:36:52+00:00","mainEntityOfPage":{"@id":"https:\/\/www.ventanasprodeco.com\/noticias\/ultimas-tendencias-en-diseno-y-tecnologia-en-ventanas\/"},"wordCount":527,"publisher":{"@id":"https:\/\/www.ventanasprodeco.com\/noticias\/#organization"},"image":{"@id":"https:\/\/www.ventanasprodeco.com\/noticias\/ultimas-tendencias-en-diseno-y-tecnologia-en-ventanas\/#primaryimage"},"thumbnailUrl":"https:\/\/www.ventanasprodeco.com\/noticias\/wp-content\/uploads\/2023\/08\/ultima-tecnologia-ventanas-prodeco.jpg","keywords":["Ventanas","Ventanas Calidad","Ventanas Modernas","Ventanas Prodeco"],"articleSection":["Noticias"],"inLanguage":"es"},{"@type":"WebPage","@id":"https:\/\/www.ventanasprodeco.com\/noticias\/ultimas-tendencias-en-diseno-y-tecnologia-en-ventanas\/","url":"https:\/\/www.ventanasprodeco.com\/noticias\/ultimas-tendencias-en-diseno-y-tecnologia-en-ventanas\/","name":"\u00daltimas tendencias en dise\u00f1o y tecnolog\u00eda en ventanas - Ventanas Prodeco","isPartOf":{"@id":"https:\/\/www.ventanasprodeco.com\/noticias\/#website"},"primaryImageOfPage":{"@id":"https:\/\/www.ventanasprodeco.com\/noticias\/ultimas-tendencias-en-diseno-y-tecnologia-en-ventanas\/#primaryimage"},"image":{"@id":"https:\/\/www.ventanasprodeco.com\/noticias\/ultimas-tendencias-en-diseno-y-tecnologia-en-ventanas\/#primaryimage"},"thumbnailUrl":"https:\/\/www.ventanasprodeco.com\/noticias\/wp-content\/uploads\/2023\/08\/ultima-tecnologia-ventanas-prodeco.jpg","datePublished":"2023-08-01T15:29:25+00:00","dateModified":"2023-08-01T15:36:52+00:00","description":"Exploraremos las \u00faltimas tendencias en dise\u00f1o y tecnolog\u00eda de ventanas que est\u00e1n revolucionando el mercado de las ventanas.","breadcrumb":{"@id":"https:\/\/www.ventanasprodeco.com\/noticias\/ultimas-tendencias-en-diseno-y-tecnologia-en-ventanas\/#breadcrumb"},"inLanguage":"es","potentialAction":[{"@type":"ReadAction","target":["https:\/\/www.ventanasprodeco.com\/noticias\/ultimas-tendencias-en-diseno-y-tecnologia-en-ventanas\/"]}]},{"@type":"ImageObject","inLanguage":"es","@id":"https:\/\/www.ventanasprodeco.com\/noticias\/ultimas-tendencias-en-diseno-y-tecnologia-en-ventanas\/#primaryimage","url":"https:\/\/www.ventanasprodeco.com\/noticias\/wp-content\/uploads\/2023\/08\/ultima-tecnologia-ventanas-prodeco.jpg","contentUrl":"https:\/\/www.ventanasprodeco.com\/noticias\/wp-content\/uploads\/2023\/08\/ultima-tecnologia-ventanas-prodeco.jpg","width":1568,"height":1046},{"@type":"BreadcrumbList","@id":"https:\/\/www.ventanasprodeco.com\/noticias\/ultimas-tendencias-en-diseno-y-tecnologia-en-ventanas\/#breadcrumb","itemListElement":[{"@type":"ListItem","position":1,"name":"Portada","item":"https:\/\/www.ventanasprodeco.com\/noticias\/"},{"@type":"ListItem","position":2,"name":"\u00daltimas tendencias en dise\u00f1o y tecnolog\u00eda en ventanas"}]},{"@type":"WebSite","@id":"https:\/\/www.ventanasprodeco.com\/noticias\/#website","url":"https:\/\/www.ventanasprodeco.com\/noticias\/","name":"VentanasProdeco.com","description":"Especialistas en Ventanas","publisher":{"@id":"https:\/\/www.ventanasprodeco.com\/noticias\/#organization"},"potentialAction":[{"@type":"SearchAction","target":{"@type":"EntryPoint","urlTemplate":"https:\/\/www.ventanasprodeco.com\/noticias\/?s={search_term_string}"},"query-input":{"@type":"PropertyValueSpecification","valueRequired":true,"valueName":"search_term_string"}}],"inLanguage":"es"},{"@type":"Organization","@id":"https:\/\/www.ventanasprodeco.com\/noticias\/#organization","name":"Ventanas Prodeco","url":"https:\/\/www.ventanasprodeco.com\/noticias\/","logo":{"@type":"ImageObject","inLanguage":"es","@id":"https:\/\/www.ventanasprodeco.com\/noticias\/#\/schema\/logo\/image\/","url":"https:\/\/www.ventanasprodeco.com\/noticias\/wp-content\/uploads\/2023\/06\/cropped-logo.png","contentUrl":"https:\/\/www.ventanasprodeco.com\/noticias\/wp-content\/uploads\/2023\/06\/cropped-logo.png","width":300,"height":65,"caption":"Ventanas Prodeco"},"image":{"@id":"https:\/\/www.ventanasprodeco.com\/noticias\/#\/schema\/logo\/image\/"},"sameAs":["https:\/\/www.facebook.com\/VentanasProdeco","https:\/\/x.com\/VentanasProdeco","https:\/\/www.tiktok.com\/@VentanasProdeco","https:\/\/www.youtube.com\/@VentanasProdeco"]},{"@type":"Person","@id":"https:\/\/www.ventanasprodeco.com\/noticias\/#\/schema\/person\/e2913647ff79c129e55984ab50faf21a","name":"Ventanas Prodeco","image":{"@type":"ImageObject","inLanguage":"es","@id":"https:\/\/secure.gravatar.com\/avatar\/c5f8fa291da6699f0d04718e30fdb7ff9fa47d2ae84c79a8f68922349513ce31?s=96&d=mm&r=g","url":"https:\/\/secure.gravatar.com\/avatar\/c5f8fa291da6699f0d04718e30fdb7ff9fa47d2ae84c79a8f68922349513ce31?s=96&d=mm&r=g","contentUrl":"https:\/\/secure.gravatar.com\/avatar\/c5f8fa291da6699f0d04718e30fdb7ff9fa47d2ae84c79a8f68922349513ce31?s=96&d=mm&r=g","caption":"Ventanas Prodeco"},"sameAs":["http:\/\/ventanasprodeco.com\/noticias"],"url":"https:\/\/www.ventanasprodeco.com\/noticias\/author\/admin\/"}]}},"_links":{"self":[{"href":"https:\/\/www.ventanasprodeco.com\/noticias\/wp-json\/wp\/v2\/posts\/98","targetHints":{"allow":["GET"]}}],"collection":[{"href":"https:\/\/www.ventanasprodeco.com\/noticias\/wp-json\/wp\/v2\/posts"}],"about":[{"href":"https:\/\/www.ventanasprodeco.com\/noticias\/wp-json\/wp\/v2\/types\/post"}],"author":[{"embeddable":true,"href":"https:\/\/www.ventanasprodeco.com\/noticias\/wp-json\/wp\/v2\/users\/1"}],"replies":[{"embeddable":true,"href":"https:\/\/www.ventanasprodeco.com\/noticias\/wp-json\/wp\/v2\/comments?post=98"}],"version-history":[{"count":0,"href":"https:\/\/www.ventanasprodeco.com\/noticias\/wp-json\/wp\/v2\/posts\/98\/revisions"}],"wp:featuredmedia":[{"embeddable":true,"href":"https:\/\/www.ventanasprodeco.com\/noticias\/wp-json\/wp\/v2\/media\/105"}],"wp:attachment":[{"href":"https:\/\/www.ventanasprodeco.com\/noticias\/wp-json\/wp\/v2\/media?parent=98"}],"wp:term":[{"taxonomy":"category","embeddable":true,"href":"https:\/\/www.ventanasprodeco.com\/noticias\/wp-json\/wp\/v2\/categories?post=98"},{"taxonomy":"post_tag","embeddable":true,"href":"https:\/\/www.ventanasprodeco.com\/noticias\/wp-json\/wp\/v2\/tags?post=98"}],"curies":[{"name":"wp","href":"https:\/\/api.w.org\/{rel}","templated":true}]}}