{"id":84,"date":"2023-07-25T07:49:22","date_gmt":"2023-07-25T07:49:22","guid":{"rendered":"https:\/\/ventanasprodeco.com\/noticias\/?p=84"},"modified":"2023-07-25T07:55:33","modified_gmt":"2023-07-25T07:55:33","slug":"maximiza-la-iluminacion-natural-en-tu-hogar","status":"publish","type":"post","link":"https:\/\/www.ventanasprodeco.com\/noticias\/maximiza-la-iluminacion-natural-en-tu-hogar\/","title":{"rendered":"Maximiza la iluminaci\u00f3n natural en tu hogar"},"content":{"rendered":"<p>La iluminaci\u00f3n natural es un elemento clave para crear espacios acogedores y vibrantes en tu hogar. En <a href=\"\/\">Ventanas Prodeco<\/a>, entendemos la importancia de aprovechar al m\u00e1ximo la luz natural para mejorar la calidad de vida en tus espacios interiores.<\/p>\n<p>Nuestras ventanas te permiten maximizar la iluminaci\u00f3n natural en tu hogar, brindando beneficios tanto est\u00e9ticos como pr\u00e1cticos.<\/p>\n<h2>Ventanas dise\u00f1adas para una entrada \u00f3ptima de luz<\/h2>\n<p>Nuestras ventanas est\u00e1n dise\u00f1adas estrat\u00e9gicamente para maximizar la entrada de luz natural en tus espacios interiores. Utilizamos \u00e1reas de vidrio amplias y perfiles delgados que permiten que la luz fluya libremente, creando una sensaci\u00f3n de amplitud y luminosidad en tus habitaciones. Aprovechar la luz natural mejora la est\u00e9tica de tu hogar y crea un ambiente m\u00e1s agradable y positivo.<\/p>\n<h2>Ambientes m\u00e1s c\u00e1lidos y acogedores<\/h2>\n<p>La luz natural no solo hace que tus espacios se vean m\u00e1s brillantes, sino que tambi\u00e9n aporta una sensaci\u00f3n de calidez y comodidad. Al maximizar la iluminaci\u00f3n natural en tu hogar, podr\u00e1s disfrutar de <b>ambientes m\u00e1s c\u00e1lidos y acogedores<\/b>, lo que es especialmente importante durante los meses m\u00e1s oscuros y fr\u00edos del a\u00f1o.<\/p>\n<h2>Beneficios para la salud y bienestar<\/h2>\n<p>La luz natural tiene numerosos beneficios para la salud y el bienestar. Exponerte a la luz solar durante el d\u00eda ayuda a regular tu ritmo circadiano, mejorando la calidad del sue\u00f1o y aumentando la energ\u00eda y el estado de \u00e1nimo. Maximizar la iluminaci\u00f3n natural en tu hogar te permitir\u00e1 disfrutar de estos beneficios y crear un <b>ambiente m\u00e1s saludable<\/b> para ti y tu familia.<\/p>\n<h2>Ahorro energ\u00e9tico y sostenibilidad<\/h2>\n<p>Aprovechar la luz natural tambi\u00e9n tiene un impacto positivo en el consumo de energ\u00eda en tu hogar. Al reducir la necesidad de iluminaci\u00f3n artificial durante el d\u00eda, puedes <b>disminuir el consumo de energ\u00eda<\/b> y, por lo tanto, tus facturas de electricidad. Adem\u00e1s, al reducir el uso de iluminaci\u00f3n artificial, est\u00e1s contribuyendo a la sostenibilidad y al cuidado del medio ambiente.<\/p>\n<p>Maximizar la iluminaci\u00f3n natural en tu hogar con las ventanas de <strong>Ventanas Prodeco<\/strong> es una decisi\u00f3n inteligente que mejora la est\u00e9tica, el bienestar y la sostenibilidad de tu hogar. Nuestras ventanas est\u00e1n dise\u00f1adas para permitir que la luz natural llene tus espacios, creando ambientes m\u00e1s c\u00e1lidos, acogedores y saludables. \u00a1Descubre c\u00f3mo nuestras ventanas pueden transformar tus espacios y mejorar tu calidad de vida!<\/p>\n","protected":false},"excerpt":{"rendered":"<p>La iluminaci\u00f3n natural es un elemento clave para crear espacios acogedores y vibrantes en tu hogar. En Ventanas Prodeco, entendemos la importancia de aprovechar al m\u00e1ximo la luz natural para mejorar la calidad de vida en tus espacios interiores. Nuestras ventanas te permiten maximizar la iluminaci\u00f3n natural en tu hogar, brindando beneficios tanto est\u00e9ticos como&hellip; <a class=\"more-link\" href=\"https:\/\/www.ventanasprodeco.com\/noticias\/maximiza-la-iluminacion-natural-en-tu-hogar\/\">Seguir leyendo <span class=\"screen-reader-text\">Maximiza la iluminaci\u00f3n natural en tu hogar<\/span><\/a><\/p>\n","protected":false},"author":1,"featured_media":89,"comment_status":"closed","ping_status":"open","sticky":false,"template":"","format":"standard","meta":{"footnotes":""},"categories":[1],"tags":[6,10,13,9,15,7],"class_list":["post-84","post","type-post","status-publish","format-standard","has-post-thumbnail","hentry","category-noticias","tag-ventanas","tag-ventanas-calidad","tag-ventanas-elegantes","tag-ventanas-prodeco","tag-ventanas-seguridad","tag-ventanas-termicas","entry"],"yoast_head":"<!-- This site is optimized with the Yoast SEO plugin v27.5 - https:\/\/yoast.com\/product\/yoast-seo-wordpress\/ -->\n<title>Maximiza la iluminaci\u00f3n natural en tu hogar - Ventanas Prodeco<\/title>\n<meta name=\"description\" content=\"Nuestras ventanas te permiten maximizar la iluminaci\u00f3n natural en tu hogar. Solicita presupuesto sin compromiso ahora.\" \/>\n<meta name=\"robots\" content=\"index, follow, max-snippet:-1, max-image-preview:large, max-video-preview:-1\" \/>\n<link rel=\"canonical\" href=\"https:\/\/www.ventanasprodeco.com\/noticias\/maximiza-la-iluminacion-natural-en-tu-hogar\/\" \/>\n<meta property=\"og:locale\" content=\"es_ES\" \/>\n<meta property=\"og:type\" content=\"article\" \/>\n<meta property=\"og:title\" content=\"Maximiza la iluminaci\u00f3n natural en tu hogar - Ventanas Prodeco\" \/>\n<meta property=\"og:description\" content=\"Nuestras ventanas te permiten maximizar la iluminaci\u00f3n natural en tu hogar. Solicita presupuesto sin compromiso ahora.\" \/>\n<meta property=\"og:url\" content=\"https:\/\/www.ventanasprodeco.com\/noticias\/maximiza-la-iluminacion-natural-en-tu-hogar\/\" \/>\n<meta property=\"og:site_name\" content=\"Ventanas Prodeco\" \/>\n<meta property=\"article:publisher\" content=\"https:\/\/www.facebook.com\/VentanasProdeco\" \/>\n<meta property=\"article:published_time\" content=\"2023-07-25T07:49:22+00:00\" \/>\n<meta property=\"article:modified_time\" content=\"2023-07-25T07:55:33+00:00\" \/>\n<meta property=\"og:image\" content=\"https:\/\/www.ventanasprodeco.com\/noticias\/wp-content\/uploads\/2023\/07\/maximizar-iluminacion.jpg\" \/>\n\t<meta property=\"og:image:width\" content=\"1568\" \/>\n\t<meta property=\"og:image:height\" content=\"1046\" \/>\n\t<meta property=\"og:image:type\" content=\"image\/jpeg\" \/>\n<meta name=\"author\" content=\"Ventanas Prodeco\" \/>\n<meta name=\"twitter:card\" content=\"summary_large_image\" \/>\n<meta name=\"twitter:creator\" content=\"@VentanasProdeco\" \/>\n<meta name=\"twitter:site\" content=\"@VentanasProdeco\" \/>\n<meta name=\"twitter:label1\" content=\"Escrito por\" \/>\n\t<meta name=\"twitter:data1\" content=\"Ventanas Prodeco\" \/>\n\t<meta name=\"twitter:label2\" content=\"Tiempo de lectura\" \/>\n\t<meta name=\"twitter:data2\" content=\"2 minutos\" \/>\n<script type=\"application\/ld+json\" class=\"yoast-schema-graph\">{\"@context\":\"https:\\\/\\\/schema.org\",\"@graph\":[{\"@type\":\"Article\",\"@id\":\"https:\\\/\\\/www.ventanasprodeco.com\\\/noticias\\\/maximiza-la-iluminacion-natural-en-tu-hogar\\\/#article\",\"isPartOf\":{\"@id\":\"https:\\\/\\\/www.ventanasprodeco.com\\\/noticias\\\/maximiza-la-iluminacion-natural-en-tu-hogar\\\/\"},\"author\":{\"name\":\"Ventanas Prodeco\",\"@id\":\"https:\\\/\\\/www.ventanasprodeco.com\\\/noticias\\\/#\\\/schema\\\/person\\\/e2913647ff79c129e55984ab50faf21a\"},\"headline\":\"Maximiza la iluminaci\u00f3n natural en tu hogar\",\"datePublished\":\"2023-07-25T07:49:22+00:00\",\"dateModified\":\"2023-07-25T07:55:33+00:00\",\"mainEntityOfPage\":{\"@id\":\"https:\\\/\\\/www.ventanasprodeco.com\\\/noticias\\\/maximiza-la-iluminacion-natural-en-tu-hogar\\\/\"},\"wordCount\":432,\"publisher\":{\"@id\":\"https:\\\/\\\/www.ventanasprodeco.com\\\/noticias\\\/#organization\"},\"image\":{\"@id\":\"https:\\\/\\\/www.ventanasprodeco.com\\\/noticias\\\/maximiza-la-iluminacion-natural-en-tu-hogar\\\/#primaryimage\"},\"thumbnailUrl\":\"https:\\\/\\\/www.ventanasprodeco.com\\\/noticias\\\/wp-content\\\/uploads\\\/2023\\\/07\\\/maximizar-iluminacion.jpg\",\"keywords\":[\"Ventanas\",\"Ventanas Calidad\",\"Ventanas Elegantes\",\"Ventanas Prodeco\",\"Ventanas Seguridad\",\"Ventanas T\u00e9rmicas\"],\"articleSection\":[\"Noticias\"],\"inLanguage\":\"es\"},{\"@type\":\"WebPage\",\"@id\":\"https:\\\/\\\/www.ventanasprodeco.com\\\/noticias\\\/maximiza-la-iluminacion-natural-en-tu-hogar\\\/\",\"url\":\"https:\\\/\\\/www.ventanasprodeco.com\\\/noticias\\\/maximiza-la-iluminacion-natural-en-tu-hogar\\\/\",\"name\":\"Maximiza la iluminaci\u00f3n natural en tu hogar - Ventanas Prodeco\",\"isPartOf\":{\"@id\":\"https:\\\/\\\/www.ventanasprodeco.com\\\/noticias\\\/#website\"},\"primaryImageOfPage\":{\"@id\":\"https:\\\/\\\/www.ventanasprodeco.com\\\/noticias\\\/maximiza-la-iluminacion-natural-en-tu-hogar\\\/#primaryimage\"},\"image\":{\"@id\":\"https:\\\/\\\/www.ventanasprodeco.com\\\/noticias\\\/maximiza-la-iluminacion-natural-en-tu-hogar\\\/#primaryimage\"},\"thumbnailUrl\":\"https:\\\/\\\/www.ventanasprodeco.com\\\/noticias\\\/wp-content\\\/uploads\\\/2023\\\/07\\\/maximizar-iluminacion.jpg\",\"datePublished\":\"2023-07-25T07:49:22+00:00\",\"dateModified\":\"2023-07-25T07:55:33+00:00\",\"description\":\"Nuestras ventanas te permiten maximizar la iluminaci\u00f3n natural en tu hogar. Solicita presupuesto sin compromiso ahora.\",\"breadcrumb\":{\"@id\":\"https:\\\/\\\/www.ventanasprodeco.com\\\/noticias\\\/maximiza-la-iluminacion-natural-en-tu-hogar\\\/#breadcrumb\"},\"inLanguage\":\"es\",\"potentialAction\":[{\"@type\":\"ReadAction\",\"target\":[\"https:\\\/\\\/www.ventanasprodeco.com\\\/noticias\\\/maximiza-la-iluminacion-natural-en-tu-hogar\\\/\"]}]},{\"@type\":\"ImageObject\",\"inLanguage\":\"es\",\"@id\":\"https:\\\/\\\/www.ventanasprodeco.com\\\/noticias\\\/maximiza-la-iluminacion-natural-en-tu-hogar\\\/#primaryimage\",\"url\":\"https:\\\/\\\/www.ventanasprodeco.com\\\/noticias\\\/wp-content\\\/uploads\\\/2023\\\/07\\\/maximizar-iluminacion.jpg\",\"contentUrl\":\"https:\\\/\\\/www.ventanasprodeco.com\\\/noticias\\\/wp-content\\\/uploads\\\/2023\\\/07\\\/maximizar-iluminacion.jpg\",\"width\":1568,\"height\":1046},{\"@type\":\"BreadcrumbList\",\"@id\":\"https:\\\/\\\/www.ventanasprodeco.com\\\/noticias\\\/maximiza-la-iluminacion-natural-en-tu-hogar\\\/#breadcrumb\",\"itemListElement\":[{\"@type\":\"ListItem\",\"position\":1,\"name\":\"Portada\",\"item\":\"https:\\\/\\\/www.ventanasprodeco.com\\\/noticias\\\/\"},{\"@type\":\"ListItem\",\"position\":2,\"name\":\"Maximiza la iluminaci\u00f3n natural en tu hogar\"}]},{\"@type\":\"WebSite\",\"@id\":\"https:\\\/\\\/www.ventanasprodeco.com\\\/noticias\\\/#website\",\"url\":\"https:\\\/\\\/www.ventanasprodeco.com\\\/noticias\\\/\",\"name\":\"VentanasProdeco.com\",\"description\":\"Especialistas en Ventanas\",\"publisher\":{\"@id\":\"https:\\\/\\\/www.ventanasprodeco.com\\\/noticias\\\/#organization\"},\"potentialAction\":[{\"@type\":\"SearchAction\",\"target\":{\"@type\":\"EntryPoint\",\"urlTemplate\":\"https:\\\/\\\/www.ventanasprodeco.com\\\/noticias\\\/?s={search_term_string}\"},\"query-input\":{\"@type\":\"PropertyValueSpecification\",\"valueRequired\":true,\"valueName\":\"search_term_string\"}}],\"inLanguage\":\"es\"},{\"@type\":\"Organization\",\"@id\":\"https:\\\/\\\/www.ventanasprodeco.com\\\/noticias\\\/#organization\",\"name\":\"Ventanas Prodeco\",\"url\":\"https:\\\/\\\/www.ventanasprodeco.com\\\/noticias\\\/\",\"logo\":{\"@type\":\"ImageObject\",\"inLanguage\":\"es\",\"@id\":\"https:\\\/\\\/www.ventanasprodeco.com\\\/noticias\\\/#\\\/schema\\\/logo\\\/image\\\/\",\"url\":\"https:\\\/\\\/www.ventanasprodeco.com\\\/noticias\\\/wp-content\\\/uploads\\\/2023\\\/06\\\/cropped-logo.png\",\"contentUrl\":\"https:\\\/\\\/www.ventanasprodeco.com\\\/noticias\\\/wp-content\\\/uploads\\\/2023\\\/06\\\/cropped-logo.png\",\"width\":300,\"height\":65,\"caption\":\"Ventanas Prodeco\"},\"image\":{\"@id\":\"https:\\\/\\\/www.ventanasprodeco.com\\\/noticias\\\/#\\\/schema\\\/logo\\\/image\\\/\"},\"sameAs\":[\"https:\\\/\\\/www.facebook.com\\\/VentanasProdeco\",\"https:\\\/\\\/x.com\\\/VentanasProdeco\",\"https:\\\/\\\/www.tiktok.com\\\/@VentanasProdeco\",\"https:\\\/\\\/www.youtube.com\\\/@VentanasProdeco\"]},{\"@type\":\"Person\",\"@id\":\"https:\\\/\\\/www.ventanasprodeco.com\\\/noticias\\\/#\\\/schema\\\/person\\\/e2913647ff79c129e55984ab50faf21a\",\"name\":\"Ventanas Prodeco\",\"image\":{\"@type\":\"ImageObject\",\"inLanguage\":\"es\",\"@id\":\"https:\\\/\\\/secure.gravatar.com\\\/avatar\\\/c5f8fa291da6699f0d04718e30fdb7ff9fa47d2ae84c79a8f68922349513ce31?s=96&d=mm&r=g\",\"url\":\"https:\\\/\\\/secure.gravatar.com\\\/avatar\\\/c5f8fa291da6699f0d04718e30fdb7ff9fa47d2ae84c79a8f68922349513ce31?s=96&d=mm&r=g\",\"contentUrl\":\"https:\\\/\\\/secure.gravatar.com\\\/avatar\\\/c5f8fa291da6699f0d04718e30fdb7ff9fa47d2ae84c79a8f68922349513ce31?s=96&d=mm&r=g\",\"caption\":\"Ventanas Prodeco\"},\"sameAs\":[\"http:\\\/\\\/ventanasprodeco.com\\\/noticias\"],\"url\":\"https:\\\/\\\/www.ventanasprodeco.com\\\/noticias\\\/author\\\/admin\\\/\"}]}<\/script>\n<!-- \/ Yoast SEO plugin. -->","yoast_head_json":{"title":"Maximiza la iluminaci\u00f3n natural en tu hogar - Ventanas Prodeco","description":"Nuestras ventanas te permiten maximizar la iluminaci\u00f3n natural en tu hogar. Solicita presupuesto sin compromiso ahora.","robots":{"index":"index","follow":"follow","max-snippet":"max-snippet:-1","max-image-preview":"max-image-preview:large","max-video-preview":"max-video-preview:-1"},"canonical":"https:\/\/www.ventanasprodeco.com\/noticias\/maximiza-la-iluminacion-natural-en-tu-hogar\/","og_locale":"es_ES","og_type":"article","og_title":"Maximiza la iluminaci\u00f3n natural en tu hogar - Ventanas Prodeco","og_description":"Nuestras ventanas te permiten maximizar la iluminaci\u00f3n natural en tu hogar. Solicita presupuesto sin compromiso ahora.","og_url":"https:\/\/www.ventanasprodeco.com\/noticias\/maximiza-la-iluminacion-natural-en-tu-hogar\/","og_site_name":"Ventanas Prodeco","article_publisher":"https:\/\/www.facebook.com\/VentanasProdeco","article_published_time":"2023-07-25T07:49:22+00:00","article_modified_time":"2023-07-25T07:55:33+00:00","og_image":[{"width":1568,"height":1046,"url":"https:\/\/www.ventanasprodeco.com\/noticias\/wp-content\/uploads\/2023\/07\/maximizar-iluminacion.jpg","type":"image\/jpeg"}],"author":"Ventanas Prodeco","twitter_card":"summary_large_image","twitter_creator":"@VentanasProdeco","twitter_site":"@VentanasProdeco","twitter_misc":{"Escrito por":"Ventanas Prodeco","Tiempo de lectura":"2 minutos"},"schema":{"@context":"https:\/\/schema.org","@graph":[{"@type":"Article","@id":"https:\/\/www.ventanasprodeco.com\/noticias\/maximiza-la-iluminacion-natural-en-tu-hogar\/#article","isPartOf":{"@id":"https:\/\/www.ventanasprodeco.com\/noticias\/maximiza-la-iluminacion-natural-en-tu-hogar\/"},"author":{"name":"Ventanas Prodeco","@id":"https:\/\/www.ventanasprodeco.com\/noticias\/#\/schema\/person\/e2913647ff79c129e55984ab50faf21a"},"headline":"Maximiza la iluminaci\u00f3n natural en tu hogar","datePublished":"2023-07-25T07:49:22+00:00","dateModified":"2023-07-25T07:55:33+00:00","mainEntityOfPage":{"@id":"https:\/\/www.ventanasprodeco.com\/noticias\/maximiza-la-iluminacion-natural-en-tu-hogar\/"},"wordCount":432,"publisher":{"@id":"https:\/\/www.ventanasprodeco.com\/noticias\/#organization"},"image":{"@id":"https:\/\/www.ventanasprodeco.com\/noticias\/maximiza-la-iluminacion-natural-en-tu-hogar\/#primaryimage"},"thumbnailUrl":"https:\/\/www.ventanasprodeco.com\/noticias\/wp-content\/uploads\/2023\/07\/maximizar-iluminacion.jpg","keywords":["Ventanas","Ventanas Calidad","Ventanas Elegantes","Ventanas Prodeco","Ventanas Seguridad","Ventanas T\u00e9rmicas"],"articleSection":["Noticias"],"inLanguage":"es"},{"@type":"WebPage","@id":"https:\/\/www.ventanasprodeco.com\/noticias\/maximiza-la-iluminacion-natural-en-tu-hogar\/","url":"https:\/\/www.ventanasprodeco.com\/noticias\/maximiza-la-iluminacion-natural-en-tu-hogar\/","name":"Maximiza la iluminaci\u00f3n natural en tu hogar - Ventanas Prodeco","isPartOf":{"@id":"https:\/\/www.ventanasprodeco.com\/noticias\/#website"},"primaryImageOfPage":{"@id":"https:\/\/www.ventanasprodeco.com\/noticias\/maximiza-la-iluminacion-natural-en-tu-hogar\/#primaryimage"},"image":{"@id":"https:\/\/www.ventanasprodeco.com\/noticias\/maximiza-la-iluminacion-natural-en-tu-hogar\/#primaryimage"},"thumbnailUrl":"https:\/\/www.ventanasprodeco.com\/noticias\/wp-content\/uploads\/2023\/07\/maximizar-iluminacion.jpg","datePublished":"2023-07-25T07:49:22+00:00","dateModified":"2023-07-25T07:55:33+00:00","description":"Nuestras ventanas te permiten maximizar la iluminaci\u00f3n natural en tu hogar. Solicita presupuesto sin compromiso ahora.","breadcrumb":{"@id":"https:\/\/www.ventanasprodeco.com\/noticias\/maximiza-la-iluminacion-natural-en-tu-hogar\/#breadcrumb"},"inLanguage":"es","potentialAction":[{"@type":"ReadAction","target":["https:\/\/www.ventanasprodeco.com\/noticias\/maximiza-la-iluminacion-natural-en-tu-hogar\/"]}]},{"@type":"ImageObject","inLanguage":"es","@id":"https:\/\/www.ventanasprodeco.com\/noticias\/maximiza-la-iluminacion-natural-en-tu-hogar\/#primaryimage","url":"https:\/\/www.ventanasprodeco.com\/noticias\/wp-content\/uploads\/2023\/07\/maximizar-iluminacion.jpg","contentUrl":"https:\/\/www.ventanasprodeco.com\/noticias\/wp-content\/uploads\/2023\/07\/maximizar-iluminacion.jpg","width":1568,"height":1046},{"@type":"BreadcrumbList","@id":"https:\/\/www.ventanasprodeco.com\/noticias\/maximiza-la-iluminacion-natural-en-tu-hogar\/#breadcrumb","itemListElement":[{"@type":"ListItem","position":1,"name":"Portada","item":"https:\/\/www.ventanasprodeco.com\/noticias\/"},{"@type":"ListItem","position":2,"name":"Maximiza la iluminaci\u00f3n natural en tu hogar"}]},{"@type":"WebSite","@id":"https:\/\/www.ventanasprodeco.com\/noticias\/#website","url":"https:\/\/www.ventanasprodeco.com\/noticias\/","name":"VentanasProdeco.com","description":"Especialistas en Ventanas","publisher":{"@id":"https:\/\/www.ventanasprodeco.com\/noticias\/#organization"},"potentialAction":[{"@type":"SearchAction","target":{"@type":"EntryPoint","urlTemplate":"https:\/\/www.ventanasprodeco.com\/noticias\/?s={search_term_string}"},"query-input":{"@type":"PropertyValueSpecification","valueRequired":true,"valueName":"search_term_string"}}],"inLanguage":"es"},{"@type":"Organization","@id":"https:\/\/www.ventanasprodeco.com\/noticias\/#organization","name":"Ventanas Prodeco","url":"https:\/\/www.ventanasprodeco.com\/noticias\/","logo":{"@type":"ImageObject","inLanguage":"es","@id":"https:\/\/www.ventanasprodeco.com\/noticias\/#\/schema\/logo\/image\/","url":"https:\/\/www.ventanasprodeco.com\/noticias\/wp-content\/uploads\/2023\/06\/cropped-logo.png","contentUrl":"https:\/\/www.ventanasprodeco.com\/noticias\/wp-content\/uploads\/2023\/06\/cropped-logo.png","width":300,"height":65,"caption":"Ventanas Prodeco"},"image":{"@id":"https:\/\/www.ventanasprodeco.com\/noticias\/#\/schema\/logo\/image\/"},"sameAs":["https:\/\/www.facebook.com\/VentanasProdeco","https:\/\/x.com\/VentanasProdeco","https:\/\/www.tiktok.com\/@VentanasProdeco","https:\/\/www.youtube.com\/@VentanasProdeco"]},{"@type":"Person","@id":"https:\/\/www.ventanasprodeco.com\/noticias\/#\/schema\/person\/e2913647ff79c129e55984ab50faf21a","name":"Ventanas Prodeco","image":{"@type":"ImageObject","inLanguage":"es","@id":"https:\/\/secure.gravatar.com\/avatar\/c5f8fa291da6699f0d04718e30fdb7ff9fa47d2ae84c79a8f68922349513ce31?s=96&d=mm&r=g","url":"https:\/\/secure.gravatar.com\/avatar\/c5f8fa291da6699f0d04718e30fdb7ff9fa47d2ae84c79a8f68922349513ce31?s=96&d=mm&r=g","contentUrl":"https:\/\/secure.gravatar.com\/avatar\/c5f8fa291da6699f0d04718e30fdb7ff9fa47d2ae84c79a8f68922349513ce31?s=96&d=mm&r=g","caption":"Ventanas Prodeco"},"sameAs":["http:\/\/ventanasprodeco.com\/noticias"],"url":"https:\/\/www.ventanasprodeco.com\/noticias\/author\/admin\/"}]}},"_links":{"self":[{"href":"https:\/\/www.ventanasprodeco.com\/noticias\/wp-json\/wp\/v2\/posts\/84","targetHints":{"allow":["GET"]}}],"collection":[{"href":"https:\/\/www.ventanasprodeco.com\/noticias\/wp-json\/wp\/v2\/posts"}],"about":[{"href":"https:\/\/www.ventanasprodeco.com\/noticias\/wp-json\/wp\/v2\/types\/post"}],"author":[{"embeddable":true,"href":"https:\/\/www.ventanasprodeco.com\/noticias\/wp-json\/wp\/v2\/users\/1"}],"replies":[{"embeddable":true,"href":"https:\/\/www.ventanasprodeco.com\/noticias\/wp-json\/wp\/v2\/comments?post=84"}],"version-history":[{"count":0,"href":"https:\/\/www.ventanasprodeco.com\/noticias\/wp-json\/wp\/v2\/posts\/84\/revisions"}],"wp:featuredmedia":[{"embeddable":true,"href":"https:\/\/www.ventanasprodeco.com\/noticias\/wp-json\/wp\/v2\/media\/89"}],"wp:attachment":[{"href":"https:\/\/www.ventanasprodeco.com\/noticias\/wp-json\/wp\/v2\/media?parent=84"}],"wp:term":[{"taxonomy":"category","embeddable":true,"href":"https:\/\/www.ventanasprodeco.com\/noticias\/wp-json\/wp\/v2\/categories?post=84"},{"taxonomy":"post_tag","embeddable":true,"href":"https:\/\/www.ventanasprodeco.com\/noticias\/wp-json\/wp\/v2\/tags?post=84"}],"curies":[{"name":"wp","href":"https:\/\/api.w.org\/{rel}","templated":true}]}}