{"id":81,"date":"2023-07-20T07:23:57","date_gmt":"2023-07-20T07:23:57","guid":{"rendered":"https:\/\/ventanasprodeco.com\/noticias\/?p=81"},"modified":"2023-07-20T07:29:10","modified_gmt":"2023-07-20T07:29:10","slug":"solucion-unica-y-personalizada-para-ventanas","status":"publish","type":"post","link":"https:\/\/www.ventanasprodeco.com\/noticias\/solucion-unica-y-personalizada-para-ventanas\/","title":{"rendered":"\u00bfBuscas una soluci\u00f3n \u00fanica y personalizada para tus ventanas?"},"content":{"rendered":"<p>En <a href=\"\/\">Ventanas Prodeco<\/a>, sabemos que cada hogar es \u00fanico y refleja la personalidad y estilo de vida de sus habitantes. Es por eso que ofrecemos ventanas de dise\u00f1o personalizado que se adaptan perfectamente a tus necesidades y gustos. En esta noticia, descubrir\u00e1s c\u00f3mo nuestras ventanas de dise\u00f1o personalizado te permiten crear un hogar verdaderamente especial y distintivo.<\/p>\n<h2>Ventanas adaptadas a tus preferencias<\/h2>\n<p>Nuestras ventanas de dise\u00f1o personalizado te ofrecen la libertad de elegir el tipo de apertura, los materiales, los colores y los acabados que m\u00e1s te gusten. Ya sea que desees ventanas abatibles, correderas, oscilobatientes o cualquier otra opci\u00f3n, podemos adaptarlas para que se ajusten a las especificaciones de tus espacios y preferencias personales.<\/p>\n<h2>Estilos que reflejan tu personalidad<\/h2>\n<p>\u00bfPrefieres un estilo moderno y minimalista? \u00bfO tal vez te atrae lo cl\u00e1sico y elegante? Sea cual sea tu preferencia, nuestras <strong>ventanas de dise\u00f1o personalizado<\/strong> te permiten seleccionar estilos que reflejen tu personalidad y se integren arm\u00f3nicamente con el dise\u00f1o interior y exterior de tu hogar. La combinaci\u00f3n de materiales y acabados te brinda infinitas posibilidades para crear un ambiente acogedor y est\u00e9ticamente atractivo.<\/p>\n<h2>Ventanas para espacios \u00fanicos<\/h2>\n<p>Algunas veces, los espacios en nuestros hogares pueden presentar caracter\u00edsticas \u00fanicas y desafiantes. Puede ser una ventana en un \u00e1ngulo inusual, una abertura de dimensiones especiales o una ubicaci\u00f3n que requiere una soluci\u00f3n a medida. Nuestras ventanas de dise\u00f1o personalizado est\u00e1n especialmente dise\u00f1adas para enfrentar estos retos y brindar soluciones que se ajusten perfectamente a tus espacios.<\/p>\n<h2>Combinaci\u00f3n de funcionalidad y belleza<\/h2>\n<p>Adem\u00e1s de su dise\u00f1o est\u00e9tico, nuestras <strong>ventanas de dise\u00f1o personalizado<\/strong> tambi\u00e9n se centran en la funcionalidad. Utilizamos tecnolog\u00eda de vanguardia para asegurar que nuestras ventanas sean eficientes en t\u00e9rminos de aislamiento ac\u00fastico y t\u00e9rmico, lo que proporciona un ambiente m\u00e1s c\u00f3modo y sostenible en tu hogar. Combina funcionalidad y belleza para crear espacios que te hagan sentir c\u00f3modo y en armon\u00eda con tu entorno.<\/p>\n<p>Las <strong>ventanas de dise\u00f1o personalizado de Prodeco<\/strong> son la clave para un hogar \u00fanico y distintivo. Te brindamos la oportunidad de crear ventanas que reflejen tu estilo y personalidad, adaptadas a tus espacios y necesidades espec\u00edficas. Descubre c\u00f3mo nuestras ventanas de dise\u00f1o personalizado pueden transformar tu hogar en un espacio que refleje tu esencia y se destaque entre los dem\u00e1s.<\/p>\n<p>Crea un hogar \u00fanico con nuestras ventanas de dise\u00f1o personalizado. \u00a1Refleja tu estilo y personalidad en cada detalle!<\/p>\n","protected":false},"excerpt":{"rendered":"<p>En Ventanas Prodeco, sabemos que cada hogar es \u00fanico y refleja la personalidad y estilo de vida de sus habitantes. Es por eso que ofrecemos ventanas de dise\u00f1o personalizado que se adaptan perfectamente a tus necesidades y gustos. En esta noticia, descubrir\u00e1s c\u00f3mo nuestras ventanas de dise\u00f1o personalizado te permiten crear un hogar verdaderamente especial&hellip; <a class=\"more-link\" href=\"https:\/\/www.ventanasprodeco.com\/noticias\/solucion-unica-y-personalizada-para-ventanas\/\">Seguir leyendo <span class=\"screen-reader-text\">\u00bfBuscas una soluci\u00f3n \u00fanica y personalizada para tus ventanas?<\/span><\/a><\/p>\n","protected":false},"author":1,"featured_media":83,"comment_status":"closed","ping_status":"open","sticky":false,"template":"","format":"standard","meta":{"footnotes":""},"categories":[1],"tags":[6,10,13,14,17,9],"class_list":["post-81","post","type-post","status-publish","format-standard","has-post-thumbnail","hentry","category-noticias","tag-ventanas","tag-ventanas-calidad","tag-ventanas-elegantes","tag-ventanas-modernas","tag-ventanas-personalizadas","tag-ventanas-prodeco","entry"],"yoast_head":"<!-- This site is optimized with the Yoast SEO plugin v27.4 - https:\/\/yoast.com\/product\/yoast-seo-wordpress\/ -->\n<title>\u00bfBuscas una soluci\u00f3n \u00fanica y personalizada para tus ventanas? - Ventanas Prodeco<\/title>\n<meta name=\"description\" content=\"Nuestras ventanas de dise\u00f1o personalizado te ofrecen la libertad de elegir los materiales, los colores y los acabados que m\u00e1s te gusten.\" \/>\n<meta name=\"robots\" content=\"index, follow, max-snippet:-1, max-image-preview:large, max-video-preview:-1\" \/>\n<link rel=\"canonical\" href=\"https:\/\/www.ventanasprodeco.com\/noticias\/solucion-unica-y-personalizada-para-ventanas\/\" \/>\n<meta property=\"og:locale\" content=\"es_ES\" \/>\n<meta property=\"og:type\" content=\"article\" \/>\n<meta property=\"og:title\" content=\"\u00bfBuscas una soluci\u00f3n \u00fanica y personalizada para tus ventanas? - Ventanas Prodeco\" \/>\n<meta property=\"og:description\" content=\"Nuestras ventanas de dise\u00f1o personalizado te ofrecen la libertad de elegir los materiales, los colores y los acabados que m\u00e1s te gusten.\" \/>\n<meta property=\"og:url\" content=\"https:\/\/www.ventanasprodeco.com\/noticias\/solucion-unica-y-personalizada-para-ventanas\/\" \/>\n<meta property=\"og:site_name\" content=\"Ventanas Prodeco\" \/>\n<meta property=\"article:publisher\" content=\"https:\/\/www.facebook.com\/VentanasProdeco\" \/>\n<meta property=\"article:published_time\" content=\"2023-07-20T07:23:57+00:00\" \/>\n<meta property=\"article:modified_time\" content=\"2023-07-20T07:29:10+00:00\" \/>\n<meta property=\"og:image\" content=\"https:\/\/www.ventanasprodeco.com\/noticias\/wp-content\/uploads\/2023\/07\/ventanas-personalizadas.jpg\" \/>\n\t<meta property=\"og:image:width\" content=\"1568\" \/>\n\t<meta property=\"og:image:height\" content=\"1046\" \/>\n\t<meta property=\"og:image:type\" content=\"image\/jpeg\" \/>\n<meta name=\"author\" content=\"Ventanas Prodeco\" \/>\n<meta name=\"twitter:card\" content=\"summary_large_image\" \/>\n<meta name=\"twitter:creator\" content=\"@VentanasProdeco\" \/>\n<meta name=\"twitter:site\" content=\"@VentanasProdeco\" \/>\n<meta name=\"twitter:label1\" content=\"Escrito por\" \/>\n\t<meta name=\"twitter:data1\" content=\"Ventanas Prodeco\" \/>\n\t<meta name=\"twitter:label2\" content=\"Tiempo de lectura\" \/>\n\t<meta name=\"twitter:data2\" content=\"2 minutos\" \/>\n<script type=\"application\/ld+json\" class=\"yoast-schema-graph\">{\"@context\":\"https:\\\/\\\/schema.org\",\"@graph\":[{\"@type\":\"Article\",\"@id\":\"https:\\\/\\\/www.ventanasprodeco.com\\\/noticias\\\/solucion-unica-y-personalizada-para-ventanas\\\/#article\",\"isPartOf\":{\"@id\":\"https:\\\/\\\/www.ventanasprodeco.com\\\/noticias\\\/solucion-unica-y-personalizada-para-ventanas\\\/\"},\"author\":{\"name\":\"Ventanas Prodeco\",\"@id\":\"https:\\\/\\\/www.ventanasprodeco.com\\\/noticias\\\/#\\\/schema\\\/person\\\/e2913647ff79c129e55984ab50faf21a\"},\"headline\":\"\u00bfBuscas una soluci\u00f3n \u00fanica y personalizada para tus ventanas?\",\"datePublished\":\"2023-07-20T07:23:57+00:00\",\"dateModified\":\"2023-07-20T07:29:10+00:00\",\"mainEntityOfPage\":{\"@id\":\"https:\\\/\\\/www.ventanasprodeco.com\\\/noticias\\\/solucion-unica-y-personalizada-para-ventanas\\\/\"},\"wordCount\":441,\"publisher\":{\"@id\":\"https:\\\/\\\/www.ventanasprodeco.com\\\/noticias\\\/#organization\"},\"image\":{\"@id\":\"https:\\\/\\\/www.ventanasprodeco.com\\\/noticias\\\/solucion-unica-y-personalizada-para-ventanas\\\/#primaryimage\"},\"thumbnailUrl\":\"https:\\\/\\\/www.ventanasprodeco.com\\\/noticias\\\/wp-content\\\/uploads\\\/2023\\\/07\\\/ventanas-personalizadas.jpg\",\"keywords\":[\"Ventanas\",\"Ventanas Calidad\",\"Ventanas Elegantes\",\"Ventanas Modernas\",\"Ventanas Personalizadas\",\"Ventanas Prodeco\"],\"articleSection\":[\"Noticias\"],\"inLanguage\":\"es\"},{\"@type\":\"WebPage\",\"@id\":\"https:\\\/\\\/www.ventanasprodeco.com\\\/noticias\\\/solucion-unica-y-personalizada-para-ventanas\\\/\",\"url\":\"https:\\\/\\\/www.ventanasprodeco.com\\\/noticias\\\/solucion-unica-y-personalizada-para-ventanas\\\/\",\"name\":\"\u00bfBuscas una soluci\u00f3n \u00fanica y personalizada para tus ventanas? - Ventanas Prodeco\",\"isPartOf\":{\"@id\":\"https:\\\/\\\/www.ventanasprodeco.com\\\/noticias\\\/#website\"},\"primaryImageOfPage\":{\"@id\":\"https:\\\/\\\/www.ventanasprodeco.com\\\/noticias\\\/solucion-unica-y-personalizada-para-ventanas\\\/#primaryimage\"},\"image\":{\"@id\":\"https:\\\/\\\/www.ventanasprodeco.com\\\/noticias\\\/solucion-unica-y-personalizada-para-ventanas\\\/#primaryimage\"},\"thumbnailUrl\":\"https:\\\/\\\/www.ventanasprodeco.com\\\/noticias\\\/wp-content\\\/uploads\\\/2023\\\/07\\\/ventanas-personalizadas.jpg\",\"datePublished\":\"2023-07-20T07:23:57+00:00\",\"dateModified\":\"2023-07-20T07:29:10+00:00\",\"description\":\"Nuestras ventanas de dise\u00f1o personalizado te ofrecen la libertad de elegir los materiales, los colores y los acabados que m\u00e1s te gusten.\",\"breadcrumb\":{\"@id\":\"https:\\\/\\\/www.ventanasprodeco.com\\\/noticias\\\/solucion-unica-y-personalizada-para-ventanas\\\/#breadcrumb\"},\"inLanguage\":\"es\",\"potentialAction\":[{\"@type\":\"ReadAction\",\"target\":[\"https:\\\/\\\/www.ventanasprodeco.com\\\/noticias\\\/solucion-unica-y-personalizada-para-ventanas\\\/\"]}]},{\"@type\":\"ImageObject\",\"inLanguage\":\"es\",\"@id\":\"https:\\\/\\\/www.ventanasprodeco.com\\\/noticias\\\/solucion-unica-y-personalizada-para-ventanas\\\/#primaryimage\",\"url\":\"https:\\\/\\\/www.ventanasprodeco.com\\\/noticias\\\/wp-content\\\/uploads\\\/2023\\\/07\\\/ventanas-personalizadas.jpg\",\"contentUrl\":\"https:\\\/\\\/www.ventanasprodeco.com\\\/noticias\\\/wp-content\\\/uploads\\\/2023\\\/07\\\/ventanas-personalizadas.jpg\",\"width\":1568,\"height\":1046},{\"@type\":\"BreadcrumbList\",\"@id\":\"https:\\\/\\\/www.ventanasprodeco.com\\\/noticias\\\/solucion-unica-y-personalizada-para-ventanas\\\/#breadcrumb\",\"itemListElement\":[{\"@type\":\"ListItem\",\"position\":1,\"name\":\"Portada\",\"item\":\"https:\\\/\\\/www.ventanasprodeco.com\\\/noticias\\\/\"},{\"@type\":\"ListItem\",\"position\":2,\"name\":\"\u00bfBuscas una soluci\u00f3n \u00fanica y personalizada para tus ventanas?\"}]},{\"@type\":\"WebSite\",\"@id\":\"https:\\\/\\\/www.ventanasprodeco.com\\\/noticias\\\/#website\",\"url\":\"https:\\\/\\\/www.ventanasprodeco.com\\\/noticias\\\/\",\"name\":\"VentanasProdeco.com\",\"description\":\"Especialistas en Ventanas\",\"publisher\":{\"@id\":\"https:\\\/\\\/www.ventanasprodeco.com\\\/noticias\\\/#organization\"},\"potentialAction\":[{\"@type\":\"SearchAction\",\"target\":{\"@type\":\"EntryPoint\",\"urlTemplate\":\"https:\\\/\\\/www.ventanasprodeco.com\\\/noticias\\\/?s={search_term_string}\"},\"query-input\":{\"@type\":\"PropertyValueSpecification\",\"valueRequired\":true,\"valueName\":\"search_term_string\"}}],\"inLanguage\":\"es\"},{\"@type\":\"Organization\",\"@id\":\"https:\\\/\\\/www.ventanasprodeco.com\\\/noticias\\\/#organization\",\"name\":\"Ventanas Prodeco\",\"url\":\"https:\\\/\\\/www.ventanasprodeco.com\\\/noticias\\\/\",\"logo\":{\"@type\":\"ImageObject\",\"inLanguage\":\"es\",\"@id\":\"https:\\\/\\\/www.ventanasprodeco.com\\\/noticias\\\/#\\\/schema\\\/logo\\\/image\\\/\",\"url\":\"https:\\\/\\\/www.ventanasprodeco.com\\\/noticias\\\/wp-content\\\/uploads\\\/2023\\\/06\\\/cropped-logo.png\",\"contentUrl\":\"https:\\\/\\\/www.ventanasprodeco.com\\\/noticias\\\/wp-content\\\/uploads\\\/2023\\\/06\\\/cropped-logo.png\",\"width\":300,\"height\":65,\"caption\":\"Ventanas Prodeco\"},\"image\":{\"@id\":\"https:\\\/\\\/www.ventanasprodeco.com\\\/noticias\\\/#\\\/schema\\\/logo\\\/image\\\/\"},\"sameAs\":[\"https:\\\/\\\/www.facebook.com\\\/VentanasProdeco\",\"https:\\\/\\\/x.com\\\/VentanasProdeco\",\"https:\\\/\\\/www.tiktok.com\\\/@VentanasProdeco\",\"https:\\\/\\\/www.youtube.com\\\/@VentanasProdeco\"]},{\"@type\":\"Person\",\"@id\":\"https:\\\/\\\/www.ventanasprodeco.com\\\/noticias\\\/#\\\/schema\\\/person\\\/e2913647ff79c129e55984ab50faf21a\",\"name\":\"Ventanas Prodeco\",\"image\":{\"@type\":\"ImageObject\",\"inLanguage\":\"es\",\"@id\":\"https:\\\/\\\/secure.gravatar.com\\\/avatar\\\/c5f8fa291da6699f0d04718e30fdb7ff9fa47d2ae84c79a8f68922349513ce31?s=96&d=mm&r=g\",\"url\":\"https:\\\/\\\/secure.gravatar.com\\\/avatar\\\/c5f8fa291da6699f0d04718e30fdb7ff9fa47d2ae84c79a8f68922349513ce31?s=96&d=mm&r=g\",\"contentUrl\":\"https:\\\/\\\/secure.gravatar.com\\\/avatar\\\/c5f8fa291da6699f0d04718e30fdb7ff9fa47d2ae84c79a8f68922349513ce31?s=96&d=mm&r=g\",\"caption\":\"Ventanas Prodeco\"},\"sameAs\":[\"http:\\\/\\\/ventanasprodeco.com\\\/noticias\"],\"url\":\"https:\\\/\\\/www.ventanasprodeco.com\\\/noticias\\\/author\\\/admin\\\/\"}]}<\/script>\n<!-- \/ Yoast SEO plugin. -->","yoast_head_json":{"title":"\u00bfBuscas una soluci\u00f3n \u00fanica y personalizada para tus ventanas? - Ventanas Prodeco","description":"Nuestras ventanas de dise\u00f1o personalizado te ofrecen la libertad de elegir los materiales, los colores y los acabados que m\u00e1s te gusten.","robots":{"index":"index","follow":"follow","max-snippet":"max-snippet:-1","max-image-preview":"max-image-preview:large","max-video-preview":"max-video-preview:-1"},"canonical":"https:\/\/www.ventanasprodeco.com\/noticias\/solucion-unica-y-personalizada-para-ventanas\/","og_locale":"es_ES","og_type":"article","og_title":"\u00bfBuscas una soluci\u00f3n \u00fanica y personalizada para tus ventanas? - Ventanas Prodeco","og_description":"Nuestras ventanas de dise\u00f1o personalizado te ofrecen la libertad de elegir los materiales, los colores y los acabados que m\u00e1s te gusten.","og_url":"https:\/\/www.ventanasprodeco.com\/noticias\/solucion-unica-y-personalizada-para-ventanas\/","og_site_name":"Ventanas Prodeco","article_publisher":"https:\/\/www.facebook.com\/VentanasProdeco","article_published_time":"2023-07-20T07:23:57+00:00","article_modified_time":"2023-07-20T07:29:10+00:00","og_image":[{"width":1568,"height":1046,"url":"https:\/\/www.ventanasprodeco.com\/noticias\/wp-content\/uploads\/2023\/07\/ventanas-personalizadas.jpg","type":"image\/jpeg"}],"author":"Ventanas Prodeco","twitter_card":"summary_large_image","twitter_creator":"@VentanasProdeco","twitter_site":"@VentanasProdeco","twitter_misc":{"Escrito por":"Ventanas Prodeco","Tiempo de lectura":"2 minutos"},"schema":{"@context":"https:\/\/schema.org","@graph":[{"@type":"Article","@id":"https:\/\/www.ventanasprodeco.com\/noticias\/solucion-unica-y-personalizada-para-ventanas\/#article","isPartOf":{"@id":"https:\/\/www.ventanasprodeco.com\/noticias\/solucion-unica-y-personalizada-para-ventanas\/"},"author":{"name":"Ventanas Prodeco","@id":"https:\/\/www.ventanasprodeco.com\/noticias\/#\/schema\/person\/e2913647ff79c129e55984ab50faf21a"},"headline":"\u00bfBuscas una soluci\u00f3n \u00fanica y personalizada para tus ventanas?","datePublished":"2023-07-20T07:23:57+00:00","dateModified":"2023-07-20T07:29:10+00:00","mainEntityOfPage":{"@id":"https:\/\/www.ventanasprodeco.com\/noticias\/solucion-unica-y-personalizada-para-ventanas\/"},"wordCount":441,"publisher":{"@id":"https:\/\/www.ventanasprodeco.com\/noticias\/#organization"},"image":{"@id":"https:\/\/www.ventanasprodeco.com\/noticias\/solucion-unica-y-personalizada-para-ventanas\/#primaryimage"},"thumbnailUrl":"https:\/\/www.ventanasprodeco.com\/noticias\/wp-content\/uploads\/2023\/07\/ventanas-personalizadas.jpg","keywords":["Ventanas","Ventanas Calidad","Ventanas Elegantes","Ventanas Modernas","Ventanas Personalizadas","Ventanas Prodeco"],"articleSection":["Noticias"],"inLanguage":"es"},{"@type":"WebPage","@id":"https:\/\/www.ventanasprodeco.com\/noticias\/solucion-unica-y-personalizada-para-ventanas\/","url":"https:\/\/www.ventanasprodeco.com\/noticias\/solucion-unica-y-personalizada-para-ventanas\/","name":"\u00bfBuscas una soluci\u00f3n \u00fanica y personalizada para tus ventanas? - Ventanas Prodeco","isPartOf":{"@id":"https:\/\/www.ventanasprodeco.com\/noticias\/#website"},"primaryImageOfPage":{"@id":"https:\/\/www.ventanasprodeco.com\/noticias\/solucion-unica-y-personalizada-para-ventanas\/#primaryimage"},"image":{"@id":"https:\/\/www.ventanasprodeco.com\/noticias\/solucion-unica-y-personalizada-para-ventanas\/#primaryimage"},"thumbnailUrl":"https:\/\/www.ventanasprodeco.com\/noticias\/wp-content\/uploads\/2023\/07\/ventanas-personalizadas.jpg","datePublished":"2023-07-20T07:23:57+00:00","dateModified":"2023-07-20T07:29:10+00:00","description":"Nuestras ventanas de dise\u00f1o personalizado te ofrecen la libertad de elegir los materiales, los colores y los acabados que m\u00e1s te gusten.","breadcrumb":{"@id":"https:\/\/www.ventanasprodeco.com\/noticias\/solucion-unica-y-personalizada-para-ventanas\/#breadcrumb"},"inLanguage":"es","potentialAction":[{"@type":"ReadAction","target":["https:\/\/www.ventanasprodeco.com\/noticias\/solucion-unica-y-personalizada-para-ventanas\/"]}]},{"@type":"ImageObject","inLanguage":"es","@id":"https:\/\/www.ventanasprodeco.com\/noticias\/solucion-unica-y-personalizada-para-ventanas\/#primaryimage","url":"https:\/\/www.ventanasprodeco.com\/noticias\/wp-content\/uploads\/2023\/07\/ventanas-personalizadas.jpg","contentUrl":"https:\/\/www.ventanasprodeco.com\/noticias\/wp-content\/uploads\/2023\/07\/ventanas-personalizadas.jpg","width":1568,"height":1046},{"@type":"BreadcrumbList","@id":"https:\/\/www.ventanasprodeco.com\/noticias\/solucion-unica-y-personalizada-para-ventanas\/#breadcrumb","itemListElement":[{"@type":"ListItem","position":1,"name":"Portada","item":"https:\/\/www.ventanasprodeco.com\/noticias\/"},{"@type":"ListItem","position":2,"name":"\u00bfBuscas una soluci\u00f3n \u00fanica y personalizada para tus ventanas?"}]},{"@type":"WebSite","@id":"https:\/\/www.ventanasprodeco.com\/noticias\/#website","url":"https:\/\/www.ventanasprodeco.com\/noticias\/","name":"VentanasProdeco.com","description":"Especialistas en Ventanas","publisher":{"@id":"https:\/\/www.ventanasprodeco.com\/noticias\/#organization"},"potentialAction":[{"@type":"SearchAction","target":{"@type":"EntryPoint","urlTemplate":"https:\/\/www.ventanasprodeco.com\/noticias\/?s={search_term_string}"},"query-input":{"@type":"PropertyValueSpecification","valueRequired":true,"valueName":"search_term_string"}}],"inLanguage":"es"},{"@type":"Organization","@id":"https:\/\/www.ventanasprodeco.com\/noticias\/#organization","name":"Ventanas Prodeco","url":"https:\/\/www.ventanasprodeco.com\/noticias\/","logo":{"@type":"ImageObject","inLanguage":"es","@id":"https:\/\/www.ventanasprodeco.com\/noticias\/#\/schema\/logo\/image\/","url":"https:\/\/www.ventanasprodeco.com\/noticias\/wp-content\/uploads\/2023\/06\/cropped-logo.png","contentUrl":"https:\/\/www.ventanasprodeco.com\/noticias\/wp-content\/uploads\/2023\/06\/cropped-logo.png","width":300,"height":65,"caption":"Ventanas Prodeco"},"image":{"@id":"https:\/\/www.ventanasprodeco.com\/noticias\/#\/schema\/logo\/image\/"},"sameAs":["https:\/\/www.facebook.com\/VentanasProdeco","https:\/\/x.com\/VentanasProdeco","https:\/\/www.tiktok.com\/@VentanasProdeco","https:\/\/www.youtube.com\/@VentanasProdeco"]},{"@type":"Person","@id":"https:\/\/www.ventanasprodeco.com\/noticias\/#\/schema\/person\/e2913647ff79c129e55984ab50faf21a","name":"Ventanas Prodeco","image":{"@type":"ImageObject","inLanguage":"es","@id":"https:\/\/secure.gravatar.com\/avatar\/c5f8fa291da6699f0d04718e30fdb7ff9fa47d2ae84c79a8f68922349513ce31?s=96&d=mm&r=g","url":"https:\/\/secure.gravatar.com\/avatar\/c5f8fa291da6699f0d04718e30fdb7ff9fa47d2ae84c79a8f68922349513ce31?s=96&d=mm&r=g","contentUrl":"https:\/\/secure.gravatar.com\/avatar\/c5f8fa291da6699f0d04718e30fdb7ff9fa47d2ae84c79a8f68922349513ce31?s=96&d=mm&r=g","caption":"Ventanas Prodeco"},"sameAs":["http:\/\/ventanasprodeco.com\/noticias"],"url":"https:\/\/www.ventanasprodeco.com\/noticias\/author\/admin\/"}]}},"_links":{"self":[{"href":"https:\/\/www.ventanasprodeco.com\/noticias\/wp-json\/wp\/v2\/posts\/81","targetHints":{"allow":["GET"]}}],"collection":[{"href":"https:\/\/www.ventanasprodeco.com\/noticias\/wp-json\/wp\/v2\/posts"}],"about":[{"href":"https:\/\/www.ventanasprodeco.com\/noticias\/wp-json\/wp\/v2\/types\/post"}],"author":[{"embeddable":true,"href":"https:\/\/www.ventanasprodeco.com\/noticias\/wp-json\/wp\/v2\/users\/1"}],"replies":[{"embeddable":true,"href":"https:\/\/www.ventanasprodeco.com\/noticias\/wp-json\/wp\/v2\/comments?post=81"}],"version-history":[{"count":0,"href":"https:\/\/www.ventanasprodeco.com\/noticias\/wp-json\/wp\/v2\/posts\/81\/revisions"}],"wp:featuredmedia":[{"embeddable":true,"href":"https:\/\/www.ventanasprodeco.com\/noticias\/wp-json\/wp\/v2\/media\/83"}],"wp:attachment":[{"href":"https:\/\/www.ventanasprodeco.com\/noticias\/wp-json\/wp\/v2\/media?parent=81"}],"wp:term":[{"taxonomy":"category","embeddable":true,"href":"https:\/\/www.ventanasprodeco.com\/noticias\/wp-json\/wp\/v2\/categories?post=81"},{"taxonomy":"post_tag","embeddable":true,"href":"https:\/\/www.ventanasprodeco.com\/noticias\/wp-json\/wp\/v2\/tags?post=81"}],"curies":[{"name":"wp","href":"https:\/\/api.w.org\/{rel}","templated":true}]}}