{"id":612,"date":"2024-07-02T10:44:18","date_gmt":"2024-07-02T10:44:18","guid":{"rendered":"https:\/\/www.ventanasprodeco.com\/noticias\/?p=612"},"modified":"2024-07-02T11:13:29","modified_gmt":"2024-07-02T11:13:29","slug":"ventanas-abatibles-ventilacion-optima","status":"publish","type":"post","link":"https:\/\/www.ventanasprodeco.com\/noticias\/ventanas-abatibles-ventilacion-optima\/","title":{"rendered":"Innovaciones en Ventanas Abatibles para una Ventilaci\u00f3n \u00d3ptima en Verano"},"content":{"rendered":"<p>El verano trae consigo altas temperaturas, y una de las mejores formas de mantener tu hogar fresco y ventilado es mediante el uso de <strong>ventanas abatibles<\/strong>. Estas ventanas no solo ofrecen una est\u00e9tica moderna y elegante, sino que tambi\u00e9n proporcionan una ventilaci\u00f3n eficiente que puede marcar una gran diferencia en el confort de tu hogar durante los meses m\u00e1s c\u00e1lidos. En <a href=\"\" title=\"Empresa de Ventanas Abatibles\">Ventanas Prodeco<\/a>, exploramos las \u00faltimas innovaciones en ventanas abatibles que garantizan una ventilaci\u00f3n \u00f3ptima para tu hogar.<\/p>\n<h2>Dise\u00f1o y Funcionalidad<\/h2>\n<p>Las <strong>ventanas abatibles<\/strong> se caracterizan por su capacidad de abrirse hacia adentro o hacia afuera, permitiendo un flujo de aire controlado y eficiente. Gracias a su dise\u00f1o, estas ventanas pueden proporcionar una apertura amplia que facilita la circulaci\u00f3n del aire, algo esencial en los d\u00edas de calor intenso. Adem\u00e1s, el dise\u00f1o abatible permite una limpieza f\u00e1cil y segura, tanto del interior como del exterior del vidrio.<\/p>\n<h2>Materiales de Alta Calidad<\/h2>\n<p>En Ventanas Prodeco, nuestras <strong>ventanas abatibles<\/strong> est\u00e1n fabricadas con materiales de alta calidad como el PVC, que ofrece una excelente durabilidad y aislamiento t\u00e9rmico. El PVC no solo es resistente a las inclemencias del tiempo, sino que tambi\u00e9n contribuye a mantener una temperatura interior agradable al reflejar el calor exterior. Esto se traduce en un menor uso de sistemas de aire acondicionado, lo que ayuda a reducir el consumo de energ\u00eda y, por ende, las facturas de electricidad.<\/p>\n<h2>Tecnolog\u00eda de Herrajes Avanzados<\/h2>\n<p>Uno de los aspectos m\u00e1s importantes de las <strong>ventanas abatibles<\/strong>es la tecnolog\u00eda de herrajes. Los herrajes modernos permiten una operaci\u00f3n suave y segura, evitando que las ventanas se cierren de golpe debido a r\u00e1fagas de viento. Adem\u00e1s, los herrajes de alta calidad garantizan que las ventanas permanezcan bien selladas cuando est\u00e1n cerradas, lo que ayuda a mantener el aire fresco dentro y el calor fuera.<\/p>\n<h2>Ventilaci\u00f3n Cruzada<\/h2>\n<p>Una de las grandes ventajas de las <strong>ventanas abatibles<\/strong> es su capacidad para facilitar la ventilaci\u00f3n cruzada. Al instalar ventanas abatibles en lados opuestos de una habitaci\u00f3n, puedes crear una corriente de aire que atraviese el espacio, refrescando el ambiente de manera natural y eficaz. Esta t\u00e9cnica es especialmente \u00fatil en casas con plantas abiertas y en \u00e1reas donde el flujo de aire puede ser bloqueado por paredes o muebles.<\/p>\n<h2>Est\u00e9tica y Personalizaci\u00f3n<\/h2>\n<p>Las <strong>ventanas abatibles<\/strong> no solo son funcionales, sino tambi\u00e9n est\u00e9ticamente agradables. Disponibles en una variedad de colores y acabados, estas ventanas pueden personalizarse para complementar cualquier estilo de decoraci\u00f3n. Ya sea que prefieras un look cl\u00e1sico o contempor\u00e1neo, en Ventanas Prodeco podemos ofrecerte soluciones que se adapten perfectamente a tus necesidades.<\/p>\n<h2>Facilidad de Uso<\/h2>\n<p>La comodidad y facilidad de uso son cruciales cuando se trata de ventanas abatibles. Nuestras ventanas est\u00e1n dise\u00f1adas para ser operadas con un m\u00ednimo esfuerzo, lo que es ideal para personas mayores o con movilidad reducida. La tecnolog\u00eda de herrajes avanzados asegura que la apertura y cierre de las ventanas sea un proceso sencillo y sin esfuerzo.<\/p>\n<hr>\n<p>Las <strong>ventanas abatibles<\/strong> son una excelente elecci\u00f3n para aquellos que buscan mejorar la ventilaci\u00f3n de su hogar durante el verano. Con su dise\u00f1o funcional, materiales de alta calidad y tecnolog\u00eda avanzada, estas ventanas ofrecen una soluci\u00f3n eficiente y elegante para mantener tu hogar fresco y confortable. <\/p>\n<p>En <b>Ventanas Prodeco<\/b>, estamos comprometidos con la innovaci\u00f3n y la calidad, y nuestras ventanas abatibles son un testimonio de ello. Descubre c\u00f3mo estas innovaciones pueden transformar tu hogar y mejorar tu calidad de vida durante los calurosos meses de verano.<\/p>\n","protected":false},"excerpt":{"rendered":"<p>El verano trae consigo altas temperaturas, y una de las mejores formas de mantener tu hogar fresco y ventilado es mediante el uso de ventanas abatibles. Estas ventanas no solo ofrecen una est\u00e9tica moderna y elegante, sino que tambi\u00e9n proporcionan una ventilaci\u00f3n eficiente que puede marcar una gran diferencia en el confort de tu hogar&hellip; <a class=\"more-link\" href=\"https:\/\/www.ventanasprodeco.com\/noticias\/ventanas-abatibles-ventilacion-optima\/\">Seguir leyendo <span class=\"screen-reader-text\">Innovaciones en Ventanas Abatibles para una Ventilaci\u00f3n \u00d3ptima en Verano<\/span><\/a><\/p>\n","protected":false},"author":1,"featured_media":615,"comment_status":"closed","ping_status":"open","sticky":false,"template":"","format":"standard","meta":{"footnotes":""},"categories":[1],"tags":[6,11,8,10,12,13,14,9,20,15,7],"class_list":["post-612","post","type-post","status-publish","format-standard","has-post-thumbnail","hentry","category-noticias","tag-ventanas","tag-ventanas-abatibles","tag-ventanas-acusticas","tag-ventanas-calidad","tag-ventanas-correderas","tag-ventanas-elegantes","tag-ventanas-modernas","tag-ventanas-prodeco","tag-ventanas-pvc","tag-ventanas-seguridad","tag-ventanas-termicas","entry"],"yoast_head":"<!-- This site is optimized with the Yoast SEO plugin v27.4 - https:\/\/yoast.com\/product\/yoast-seo-wordpress\/ -->\n<title>Innovaciones en Ventanas Abatibles para una Ventilaci\u00f3n \u00d3ptima en Verano - Ventanas Prodeco<\/title>\n<meta name=\"description\" content=\"Tu hogar fresco este verano con ventanas abatibles de Ventanas Prodeco. Innovaci\u00f3n en dise\u00f1o para una ventilaci\u00f3n \u00f3ptima y de mayor confort.\" \/>\n<meta name=\"robots\" content=\"index, follow, max-snippet:-1, max-image-preview:large, max-video-preview:-1\" \/>\n<link rel=\"canonical\" href=\"https:\/\/www.ventanasprodeco.com\/noticias\/ventanas-abatibles-ventilacion-optima\/\" \/>\n<meta property=\"og:locale\" content=\"es_ES\" \/>\n<meta property=\"og:type\" content=\"article\" \/>\n<meta property=\"og:title\" content=\"Innovaciones en Ventanas Abatibles para una Ventilaci\u00f3n \u00d3ptima en Verano - Ventanas Prodeco\" \/>\n<meta property=\"og:description\" content=\"Tu hogar fresco este verano con ventanas abatibles de Ventanas Prodeco. Innovaci\u00f3n en dise\u00f1o para una ventilaci\u00f3n \u00f3ptima y de mayor confort.\" \/>\n<meta property=\"og:url\" content=\"https:\/\/www.ventanasprodeco.com\/noticias\/ventanas-abatibles-ventilacion-optima\/\" \/>\n<meta property=\"og:site_name\" content=\"Ventanas Prodeco\" \/>\n<meta property=\"article:publisher\" content=\"https:\/\/www.facebook.com\/VentanasProdeco\" \/>\n<meta property=\"article:published_time\" content=\"2024-07-02T10:44:18+00:00\" \/>\n<meta property=\"article:modified_time\" content=\"2024-07-02T11:13:29+00:00\" \/>\n<meta property=\"og:image\" content=\"https:\/\/www.ventanasprodeco.com\/noticias\/wp-content\/uploads\/2024\/07\/ventanas-abatibles-optimizadas.jpg\" \/>\n\t<meta property=\"og:image:width\" content=\"1568\" \/>\n\t<meta property=\"og:image:height\" content=\"1046\" \/>\n\t<meta property=\"og:image:type\" content=\"image\/jpeg\" \/>\n<meta name=\"author\" content=\"Ventanas Prodeco\" \/>\n<meta name=\"twitter:card\" content=\"summary_large_image\" \/>\n<meta name=\"twitter:creator\" content=\"@VentanasProdeco\" \/>\n<meta name=\"twitter:site\" content=\"@VentanasProdeco\" \/>\n<meta name=\"twitter:label1\" content=\"Escrito por\" \/>\n\t<meta name=\"twitter:data1\" content=\"Ventanas Prodeco\" \/>\n\t<meta name=\"twitter:label2\" content=\"Tiempo de lectura\" \/>\n\t<meta name=\"twitter:data2\" content=\"3 minutos\" \/>\n<script type=\"application\/ld+json\" class=\"yoast-schema-graph\">{\"@context\":\"https:\\\/\\\/schema.org\",\"@graph\":[{\"@type\":\"Article\",\"@id\":\"https:\\\/\\\/www.ventanasprodeco.com\\\/noticias\\\/ventanas-abatibles-ventilacion-optima\\\/#article\",\"isPartOf\":{\"@id\":\"https:\\\/\\\/www.ventanasprodeco.com\\\/noticias\\\/ventanas-abatibles-ventilacion-optima\\\/\"},\"author\":{\"name\":\"Ventanas Prodeco\",\"@id\":\"https:\\\/\\\/www.ventanasprodeco.com\\\/noticias\\\/#\\\/schema\\\/person\\\/e2913647ff79c129e55984ab50faf21a\"},\"headline\":\"Innovaciones en Ventanas Abatibles para una Ventilaci\u00f3n \u00d3ptima en Verano\",\"datePublished\":\"2024-07-02T10:44:18+00:00\",\"dateModified\":\"2024-07-02T11:13:29+00:00\",\"mainEntityOfPage\":{\"@id\":\"https:\\\/\\\/www.ventanasprodeco.com\\\/noticias\\\/ventanas-abatibles-ventilacion-optima\\\/\"},\"wordCount\":627,\"publisher\":{\"@id\":\"https:\\\/\\\/www.ventanasprodeco.com\\\/noticias\\\/#organization\"},\"image\":{\"@id\":\"https:\\\/\\\/www.ventanasprodeco.com\\\/noticias\\\/ventanas-abatibles-ventilacion-optima\\\/#primaryimage\"},\"thumbnailUrl\":\"https:\\\/\\\/www.ventanasprodeco.com\\\/noticias\\\/wp-content\\\/uploads\\\/2024\\\/07\\\/ventanas-abatibles-optimizadas.jpg\",\"keywords\":[\"Ventanas\",\"Ventanas Abatibles\",\"Ventanas Ac\u00fasticas\",\"Ventanas Calidad\",\"Ventanas Correderas\",\"Ventanas Elegantes\",\"Ventanas Modernas\",\"Ventanas Prodeco\",\"Ventanas PVC\",\"Ventanas Seguridad\",\"Ventanas T\u00e9rmicas\"],\"articleSection\":[\"Noticias\"],\"inLanguage\":\"es\"},{\"@type\":\"WebPage\",\"@id\":\"https:\\\/\\\/www.ventanasprodeco.com\\\/noticias\\\/ventanas-abatibles-ventilacion-optima\\\/\",\"url\":\"https:\\\/\\\/www.ventanasprodeco.com\\\/noticias\\\/ventanas-abatibles-ventilacion-optima\\\/\",\"name\":\"Innovaciones en Ventanas Abatibles para una Ventilaci\u00f3n \u00d3ptima en Verano - Ventanas Prodeco\",\"isPartOf\":{\"@id\":\"https:\\\/\\\/www.ventanasprodeco.com\\\/noticias\\\/#website\"},\"primaryImageOfPage\":{\"@id\":\"https:\\\/\\\/www.ventanasprodeco.com\\\/noticias\\\/ventanas-abatibles-ventilacion-optima\\\/#primaryimage\"},\"image\":{\"@id\":\"https:\\\/\\\/www.ventanasprodeco.com\\\/noticias\\\/ventanas-abatibles-ventilacion-optima\\\/#primaryimage\"},\"thumbnailUrl\":\"https:\\\/\\\/www.ventanasprodeco.com\\\/noticias\\\/wp-content\\\/uploads\\\/2024\\\/07\\\/ventanas-abatibles-optimizadas.jpg\",\"datePublished\":\"2024-07-02T10:44:18+00:00\",\"dateModified\":\"2024-07-02T11:13:29+00:00\",\"description\":\"Tu hogar fresco este verano con ventanas abatibles de Ventanas Prodeco. Innovaci\u00f3n en dise\u00f1o para una ventilaci\u00f3n \u00f3ptima y de mayor confort.\",\"breadcrumb\":{\"@id\":\"https:\\\/\\\/www.ventanasprodeco.com\\\/noticias\\\/ventanas-abatibles-ventilacion-optima\\\/#breadcrumb\"},\"inLanguage\":\"es\",\"potentialAction\":[{\"@type\":\"ReadAction\",\"target\":[\"https:\\\/\\\/www.ventanasprodeco.com\\\/noticias\\\/ventanas-abatibles-ventilacion-optima\\\/\"]}]},{\"@type\":\"ImageObject\",\"inLanguage\":\"es\",\"@id\":\"https:\\\/\\\/www.ventanasprodeco.com\\\/noticias\\\/ventanas-abatibles-ventilacion-optima\\\/#primaryimage\",\"url\":\"https:\\\/\\\/www.ventanasprodeco.com\\\/noticias\\\/wp-content\\\/uploads\\\/2024\\\/07\\\/ventanas-abatibles-optimizadas.jpg\",\"contentUrl\":\"https:\\\/\\\/www.ventanasprodeco.com\\\/noticias\\\/wp-content\\\/uploads\\\/2024\\\/07\\\/ventanas-abatibles-optimizadas.jpg\",\"width\":1568,\"height\":1046},{\"@type\":\"BreadcrumbList\",\"@id\":\"https:\\\/\\\/www.ventanasprodeco.com\\\/noticias\\\/ventanas-abatibles-ventilacion-optima\\\/#breadcrumb\",\"itemListElement\":[{\"@type\":\"ListItem\",\"position\":1,\"name\":\"Portada\",\"item\":\"https:\\\/\\\/www.ventanasprodeco.com\\\/noticias\\\/\"},{\"@type\":\"ListItem\",\"position\":2,\"name\":\"Innovaciones en Ventanas Abatibles para una Ventilaci\u00f3n \u00d3ptima en Verano\"}]},{\"@type\":\"WebSite\",\"@id\":\"https:\\\/\\\/www.ventanasprodeco.com\\\/noticias\\\/#website\",\"url\":\"https:\\\/\\\/www.ventanasprodeco.com\\\/noticias\\\/\",\"name\":\"VentanasProdeco.com\",\"description\":\"Especialistas en Ventanas\",\"publisher\":{\"@id\":\"https:\\\/\\\/www.ventanasprodeco.com\\\/noticias\\\/#organization\"},\"potentialAction\":[{\"@type\":\"SearchAction\",\"target\":{\"@type\":\"EntryPoint\",\"urlTemplate\":\"https:\\\/\\\/www.ventanasprodeco.com\\\/noticias\\\/?s={search_term_string}\"},\"query-input\":{\"@type\":\"PropertyValueSpecification\",\"valueRequired\":true,\"valueName\":\"search_term_string\"}}],\"inLanguage\":\"es\"},{\"@type\":\"Organization\",\"@id\":\"https:\\\/\\\/www.ventanasprodeco.com\\\/noticias\\\/#organization\",\"name\":\"Ventanas Prodeco\",\"url\":\"https:\\\/\\\/www.ventanasprodeco.com\\\/noticias\\\/\",\"logo\":{\"@type\":\"ImageObject\",\"inLanguage\":\"es\",\"@id\":\"https:\\\/\\\/www.ventanasprodeco.com\\\/noticias\\\/#\\\/schema\\\/logo\\\/image\\\/\",\"url\":\"https:\\\/\\\/www.ventanasprodeco.com\\\/noticias\\\/wp-content\\\/uploads\\\/2023\\\/06\\\/cropped-logo.png\",\"contentUrl\":\"https:\\\/\\\/www.ventanasprodeco.com\\\/noticias\\\/wp-content\\\/uploads\\\/2023\\\/06\\\/cropped-logo.png\",\"width\":300,\"height\":65,\"caption\":\"Ventanas Prodeco\"},\"image\":{\"@id\":\"https:\\\/\\\/www.ventanasprodeco.com\\\/noticias\\\/#\\\/schema\\\/logo\\\/image\\\/\"},\"sameAs\":[\"https:\\\/\\\/www.facebook.com\\\/VentanasProdeco\",\"https:\\\/\\\/x.com\\\/VentanasProdeco\",\"https:\\\/\\\/www.tiktok.com\\\/@VentanasProdeco\",\"https:\\\/\\\/www.youtube.com\\\/@VentanasProdeco\"]},{\"@type\":\"Person\",\"@id\":\"https:\\\/\\\/www.ventanasprodeco.com\\\/noticias\\\/#\\\/schema\\\/person\\\/e2913647ff79c129e55984ab50faf21a\",\"name\":\"Ventanas Prodeco\",\"image\":{\"@type\":\"ImageObject\",\"inLanguage\":\"es\",\"@id\":\"https:\\\/\\\/secure.gravatar.com\\\/avatar\\\/c5f8fa291da6699f0d04718e30fdb7ff9fa47d2ae84c79a8f68922349513ce31?s=96&d=mm&r=g\",\"url\":\"https:\\\/\\\/secure.gravatar.com\\\/avatar\\\/c5f8fa291da6699f0d04718e30fdb7ff9fa47d2ae84c79a8f68922349513ce31?s=96&d=mm&r=g\",\"contentUrl\":\"https:\\\/\\\/secure.gravatar.com\\\/avatar\\\/c5f8fa291da6699f0d04718e30fdb7ff9fa47d2ae84c79a8f68922349513ce31?s=96&d=mm&r=g\",\"caption\":\"Ventanas Prodeco\"},\"sameAs\":[\"http:\\\/\\\/ventanasprodeco.com\\\/noticias\"],\"url\":\"https:\\\/\\\/www.ventanasprodeco.com\\\/noticias\\\/author\\\/admin\\\/\"}]}<\/script>\n<!-- \/ Yoast SEO plugin. -->","yoast_head_json":{"title":"Innovaciones en Ventanas Abatibles para una Ventilaci\u00f3n \u00d3ptima en Verano - Ventanas Prodeco","description":"Tu hogar fresco este verano con ventanas abatibles de Ventanas Prodeco. Innovaci\u00f3n en dise\u00f1o para una ventilaci\u00f3n \u00f3ptima y de mayor confort.","robots":{"index":"index","follow":"follow","max-snippet":"max-snippet:-1","max-image-preview":"max-image-preview:large","max-video-preview":"max-video-preview:-1"},"canonical":"https:\/\/www.ventanasprodeco.com\/noticias\/ventanas-abatibles-ventilacion-optima\/","og_locale":"es_ES","og_type":"article","og_title":"Innovaciones en Ventanas Abatibles para una Ventilaci\u00f3n \u00d3ptima en Verano - Ventanas Prodeco","og_description":"Tu hogar fresco este verano con ventanas abatibles de Ventanas Prodeco. Innovaci\u00f3n en dise\u00f1o para una ventilaci\u00f3n \u00f3ptima y de mayor confort.","og_url":"https:\/\/www.ventanasprodeco.com\/noticias\/ventanas-abatibles-ventilacion-optima\/","og_site_name":"Ventanas Prodeco","article_publisher":"https:\/\/www.facebook.com\/VentanasProdeco","article_published_time":"2024-07-02T10:44:18+00:00","article_modified_time":"2024-07-02T11:13:29+00:00","og_image":[{"width":1568,"height":1046,"url":"https:\/\/www.ventanasprodeco.com\/noticias\/wp-content\/uploads\/2024\/07\/ventanas-abatibles-optimizadas.jpg","type":"image\/jpeg"}],"author":"Ventanas Prodeco","twitter_card":"summary_large_image","twitter_creator":"@VentanasProdeco","twitter_site":"@VentanasProdeco","twitter_misc":{"Escrito por":"Ventanas Prodeco","Tiempo de lectura":"3 minutos"},"schema":{"@context":"https:\/\/schema.org","@graph":[{"@type":"Article","@id":"https:\/\/www.ventanasprodeco.com\/noticias\/ventanas-abatibles-ventilacion-optima\/#article","isPartOf":{"@id":"https:\/\/www.ventanasprodeco.com\/noticias\/ventanas-abatibles-ventilacion-optima\/"},"author":{"name":"Ventanas Prodeco","@id":"https:\/\/www.ventanasprodeco.com\/noticias\/#\/schema\/person\/e2913647ff79c129e55984ab50faf21a"},"headline":"Innovaciones en Ventanas Abatibles para una Ventilaci\u00f3n \u00d3ptima en Verano","datePublished":"2024-07-02T10:44:18+00:00","dateModified":"2024-07-02T11:13:29+00:00","mainEntityOfPage":{"@id":"https:\/\/www.ventanasprodeco.com\/noticias\/ventanas-abatibles-ventilacion-optima\/"},"wordCount":627,"publisher":{"@id":"https:\/\/www.ventanasprodeco.com\/noticias\/#organization"},"image":{"@id":"https:\/\/www.ventanasprodeco.com\/noticias\/ventanas-abatibles-ventilacion-optima\/#primaryimage"},"thumbnailUrl":"https:\/\/www.ventanasprodeco.com\/noticias\/wp-content\/uploads\/2024\/07\/ventanas-abatibles-optimizadas.jpg","keywords":["Ventanas","Ventanas Abatibles","Ventanas Ac\u00fasticas","Ventanas Calidad","Ventanas Correderas","Ventanas Elegantes","Ventanas Modernas","Ventanas Prodeco","Ventanas PVC","Ventanas Seguridad","Ventanas T\u00e9rmicas"],"articleSection":["Noticias"],"inLanguage":"es"},{"@type":"WebPage","@id":"https:\/\/www.ventanasprodeco.com\/noticias\/ventanas-abatibles-ventilacion-optima\/","url":"https:\/\/www.ventanasprodeco.com\/noticias\/ventanas-abatibles-ventilacion-optima\/","name":"Innovaciones en Ventanas Abatibles para una Ventilaci\u00f3n \u00d3ptima en Verano - Ventanas Prodeco","isPartOf":{"@id":"https:\/\/www.ventanasprodeco.com\/noticias\/#website"},"primaryImageOfPage":{"@id":"https:\/\/www.ventanasprodeco.com\/noticias\/ventanas-abatibles-ventilacion-optima\/#primaryimage"},"image":{"@id":"https:\/\/www.ventanasprodeco.com\/noticias\/ventanas-abatibles-ventilacion-optima\/#primaryimage"},"thumbnailUrl":"https:\/\/www.ventanasprodeco.com\/noticias\/wp-content\/uploads\/2024\/07\/ventanas-abatibles-optimizadas.jpg","datePublished":"2024-07-02T10:44:18+00:00","dateModified":"2024-07-02T11:13:29+00:00","description":"Tu hogar fresco este verano con ventanas abatibles de Ventanas Prodeco. Innovaci\u00f3n en dise\u00f1o para una ventilaci\u00f3n \u00f3ptima y de mayor confort.","breadcrumb":{"@id":"https:\/\/www.ventanasprodeco.com\/noticias\/ventanas-abatibles-ventilacion-optima\/#breadcrumb"},"inLanguage":"es","potentialAction":[{"@type":"ReadAction","target":["https:\/\/www.ventanasprodeco.com\/noticias\/ventanas-abatibles-ventilacion-optima\/"]}]},{"@type":"ImageObject","inLanguage":"es","@id":"https:\/\/www.ventanasprodeco.com\/noticias\/ventanas-abatibles-ventilacion-optima\/#primaryimage","url":"https:\/\/www.ventanasprodeco.com\/noticias\/wp-content\/uploads\/2024\/07\/ventanas-abatibles-optimizadas.jpg","contentUrl":"https:\/\/www.ventanasprodeco.com\/noticias\/wp-content\/uploads\/2024\/07\/ventanas-abatibles-optimizadas.jpg","width":1568,"height":1046},{"@type":"BreadcrumbList","@id":"https:\/\/www.ventanasprodeco.com\/noticias\/ventanas-abatibles-ventilacion-optima\/#breadcrumb","itemListElement":[{"@type":"ListItem","position":1,"name":"Portada","item":"https:\/\/www.ventanasprodeco.com\/noticias\/"},{"@type":"ListItem","position":2,"name":"Innovaciones en Ventanas Abatibles para una Ventilaci\u00f3n \u00d3ptima en Verano"}]},{"@type":"WebSite","@id":"https:\/\/www.ventanasprodeco.com\/noticias\/#website","url":"https:\/\/www.ventanasprodeco.com\/noticias\/","name":"VentanasProdeco.com","description":"Especialistas en Ventanas","publisher":{"@id":"https:\/\/www.ventanasprodeco.com\/noticias\/#organization"},"potentialAction":[{"@type":"SearchAction","target":{"@type":"EntryPoint","urlTemplate":"https:\/\/www.ventanasprodeco.com\/noticias\/?s={search_term_string}"},"query-input":{"@type":"PropertyValueSpecification","valueRequired":true,"valueName":"search_term_string"}}],"inLanguage":"es"},{"@type":"Organization","@id":"https:\/\/www.ventanasprodeco.com\/noticias\/#organization","name":"Ventanas Prodeco","url":"https:\/\/www.ventanasprodeco.com\/noticias\/","logo":{"@type":"ImageObject","inLanguage":"es","@id":"https:\/\/www.ventanasprodeco.com\/noticias\/#\/schema\/logo\/image\/","url":"https:\/\/www.ventanasprodeco.com\/noticias\/wp-content\/uploads\/2023\/06\/cropped-logo.png","contentUrl":"https:\/\/www.ventanasprodeco.com\/noticias\/wp-content\/uploads\/2023\/06\/cropped-logo.png","width":300,"height":65,"caption":"Ventanas Prodeco"},"image":{"@id":"https:\/\/www.ventanasprodeco.com\/noticias\/#\/schema\/logo\/image\/"},"sameAs":["https:\/\/www.facebook.com\/VentanasProdeco","https:\/\/x.com\/VentanasProdeco","https:\/\/www.tiktok.com\/@VentanasProdeco","https:\/\/www.youtube.com\/@VentanasProdeco"]},{"@type":"Person","@id":"https:\/\/www.ventanasprodeco.com\/noticias\/#\/schema\/person\/e2913647ff79c129e55984ab50faf21a","name":"Ventanas Prodeco","image":{"@type":"ImageObject","inLanguage":"es","@id":"https:\/\/secure.gravatar.com\/avatar\/c5f8fa291da6699f0d04718e30fdb7ff9fa47d2ae84c79a8f68922349513ce31?s=96&d=mm&r=g","url":"https:\/\/secure.gravatar.com\/avatar\/c5f8fa291da6699f0d04718e30fdb7ff9fa47d2ae84c79a8f68922349513ce31?s=96&d=mm&r=g","contentUrl":"https:\/\/secure.gravatar.com\/avatar\/c5f8fa291da6699f0d04718e30fdb7ff9fa47d2ae84c79a8f68922349513ce31?s=96&d=mm&r=g","caption":"Ventanas Prodeco"},"sameAs":["http:\/\/ventanasprodeco.com\/noticias"],"url":"https:\/\/www.ventanasprodeco.com\/noticias\/author\/admin\/"}]}},"_links":{"self":[{"href":"https:\/\/www.ventanasprodeco.com\/noticias\/wp-json\/wp\/v2\/posts\/612","targetHints":{"allow":["GET"]}}],"collection":[{"href":"https:\/\/www.ventanasprodeco.com\/noticias\/wp-json\/wp\/v2\/posts"}],"about":[{"href":"https:\/\/www.ventanasprodeco.com\/noticias\/wp-json\/wp\/v2\/types\/post"}],"author":[{"embeddable":true,"href":"https:\/\/www.ventanasprodeco.com\/noticias\/wp-json\/wp\/v2\/users\/1"}],"replies":[{"embeddable":true,"href":"https:\/\/www.ventanasprodeco.com\/noticias\/wp-json\/wp\/v2\/comments?post=612"}],"version-history":[{"count":0,"href":"https:\/\/www.ventanasprodeco.com\/noticias\/wp-json\/wp\/v2\/posts\/612\/revisions"}],"wp:featuredmedia":[{"embeddable":true,"href":"https:\/\/www.ventanasprodeco.com\/noticias\/wp-json\/wp\/v2\/media\/615"}],"wp:attachment":[{"href":"https:\/\/www.ventanasprodeco.com\/noticias\/wp-json\/wp\/v2\/media?parent=612"}],"wp:term":[{"taxonomy":"category","embeddable":true,"href":"https:\/\/www.ventanasprodeco.com\/noticias\/wp-json\/wp\/v2\/categories?post=612"},{"taxonomy":"post_tag","embeddable":true,"href":"https:\/\/www.ventanasprodeco.com\/noticias\/wp-json\/wp\/v2\/tags?post=612"}],"curies":[{"name":"wp","href":"https:\/\/api.w.org\/{rel}","templated":true}]}}