{"id":537,"date":"2024-05-24T11:38:22","date_gmt":"2024-05-24T11:38:22","guid":{"rendered":"https:\/\/www.ventanasprodeco.com\/noticias\/?p=537"},"modified":"2024-05-24T11:50:09","modified_gmt":"2024-05-24T11:50:09","slug":"ventanas-panoramicas","status":"publish","type":"post","link":"https:\/\/www.ventanasprodeco.com\/noticias\/ventanas-panoramicas\/","title":{"rendered":"Transforma tu Espacio con las Ventanas Panor\u00e1micas"},"content":{"rendered":"<p>Las <strong>ventanas panor\u00e1micas<\/strong> son una excelente opci\u00f3n para aquellos que buscan mejorar la est\u00e9tica y funcionalidad de su hogar. Estas ventanas ofrecen vistas espectaculares y permiten la entrada de abundante luz natural, creando un ambiente m\u00e1s abierto y acogedor.<\/p>\n<h2>Amplitud Visual y Conexi\u00f3n con el Exterior<\/h2>\n<p>Una de las principales ventajas de las <strong>ventanas panor\u00e1micas<\/strong> es su capacidad para ampliar visualmente cualquier espacio. Al instalar estas ventanas, puedes disfrutar de vistas ininterrumpidas de tu jard\u00edn, ciudad o paisaje natural, lo que ayuda a crear una sensaci\u00f3n de conexi\u00f3n con el exterior. Esta caracter\u00edstica es especialmente valiosa en \u00e1reas urbanas densas, donde las vistas pueden ser limitadas.<\/p>\n<h2>Luz Natural Abundante<\/h2>\n<p>Las ventanas panor\u00e1micas permiten la entrada de mucha m\u00e1s luz natural en comparaci\u00f3n con las ventanas tradicionales. Esto no solo reduce la necesidad de iluminaci\u00f3n artificial durante el d\u00eda, sino que tambi\u00e9n puede tener un impacto positivo en tu bienestar. La luz natural es conocida por mejorar el estado de \u00e1nimo, aumentar la productividad y regular los ritmos circadianos.<\/p>\n<h2>Ventanas con Dise\u00f1o Moderno<\/h2>\n<p>Estas ventanas ofrecen un dise\u00f1o moderno y elegante que puede complementar cualquier estilo arquitect\u00f3nico. Ya sea que tu hogar tenga un dise\u00f1o contempor\u00e1neo o m\u00e1s cl\u00e1sico, las <strong>ventanas panor\u00e1micas<\/strong> pueden integrarse perfectamente, a\u00f1adiendo un toque de sofisticaci\u00f3n y elegancia. Adem\u00e1s, con la opci\u00f3n de marcos minimalistas, puedes maximizar a\u00fan m\u00e1s las vistas y la luz natural.<\/p>\n<h2>Aislamiento T\u00e9rmico y Ac\u00fastico<\/h2>\n<p>Aunque las ventanas panor\u00e1micas tienen grandes superficies de vidrio, no comprometen el aislamiento t\u00e9rmico y ac\u00fastico de tu hogar. Las tecnolog\u00edas modernas permiten que estas ventanas ofrezcan un excelente rendimiento en t\u00e9rminos de eficiencia energ\u00e9tica, ayudando a mantener tu hogar caliente en invierno y fresco en verano. Adem\u00e1s, el aislamiento ac\u00fastico asegura un ambiente tranquilo y silencioso, protegi\u00e9ndote del ruido exterior.<\/p>\n<h2>Versatilidad en el Dise\u00f1o<\/h2>\n<p>Las <strong>ventanas panor\u00e1micas<\/strong> pueden ser personalizadas para adaptarse a diferentes espacios y necesidades. Desde ventanales de piso a techo hasta combinaciones con puertas correderas, las opciones son casi infinitas. Esta versatilidad permite crear dise\u00f1os \u00fanicos y funcionales que mejoran la habitabilidad y el valor de tu hogar.<\/p>\n<h2>Innovaci\u00f3n y Calidad<\/h2>\n<p>En <a href=\"\/\" title=\"Ventanas Prodeco - Ventanas Panor\u00e1micas\">Ventanas Prodeco<\/a>, nos especializamos en ofrecer soluciones de ventanas panor\u00e1micas de alta calidad. Nuestro compromiso con la innovaci\u00f3n y el dise\u00f1o nos permite proporcionar productos que no solo mejoran la est\u00e9tica de tu hogar, sino que tambi\u00e9n ofrecen un rendimiento excepcional en t\u00e9rminos de aislamiento y durabilidad.<\/p>\n<hr>\n<p>Las <strong>ventanas panor\u00e1micas<\/strong> son una inversi\u00f3n que transforma cualquier espacio, proporcionando luz natural, vistas impresionantes y un dise\u00f1o moderno. En Ventanas Prodeco, estamos dedicados a ayudarte a encontrar la soluci\u00f3n perfecta para tu hogar, combinando estilo, funcionalidad y calidad en cada uno de nuestros productos.<\/p>\n","protected":false},"excerpt":{"rendered":"<p>Las ventanas panor\u00e1micas son una excelente opci\u00f3n para aquellos que buscan mejorar la est\u00e9tica y funcionalidad de su hogar. Estas ventanas ofrecen vistas espectaculares y permiten la entrada de abundante luz natural, creando un ambiente m\u00e1s abierto y acogedor. Amplitud Visual y Conexi\u00f3n con el Exterior Una de las principales ventajas de las ventanas panor\u00e1micas&hellip; <a class=\"more-link\" href=\"https:\/\/www.ventanasprodeco.com\/noticias\/ventanas-panoramicas\/\">Seguir leyendo <span class=\"screen-reader-text\">Transforma tu Espacio con las Ventanas Panor\u00e1micas<\/span><\/a><\/p>\n","protected":false},"author":1,"featured_media":541,"comment_status":"closed","ping_status":"open","sticky":false,"template":"","format":"standard","meta":{"footnotes":""},"categories":[1],"tags":[6,8,10,13,14,59,9,20,15,7],"class_list":["post-537","post","type-post","status-publish","format-standard","has-post-thumbnail","hentry","category-noticias","tag-ventanas","tag-ventanas-acusticas","tag-ventanas-calidad","tag-ventanas-elegantes","tag-ventanas-modernas","tag-ventanas-panoramicas","tag-ventanas-prodeco","tag-ventanas-pvc","tag-ventanas-seguridad","tag-ventanas-termicas","entry"],"yoast_head":"<!-- This site is optimized with the Yoast SEO plugin v27.4 - https:\/\/yoast.com\/product\/yoast-seo-wordpress\/ -->\n<title>Transforma tu Espacio con las Ventanas Panor\u00e1micas - Ventanas Prodeco<\/title>\n<meta name=\"description\" content=\"Las ventanas panor\u00e1micas son una excelente opci\u00f3n para aquellos que buscan mejorar la est\u00e9tica y funcionalidad de su hogar.\" \/>\n<meta name=\"robots\" content=\"index, follow, max-snippet:-1, max-image-preview:large, max-video-preview:-1\" \/>\n<link rel=\"canonical\" href=\"https:\/\/www.ventanasprodeco.com\/noticias\/ventanas-panoramicas\/\" \/>\n<meta property=\"og:locale\" content=\"es_ES\" \/>\n<meta property=\"og:type\" content=\"article\" \/>\n<meta property=\"og:title\" content=\"Transforma tu Espacio con las Ventanas Panor\u00e1micas - Ventanas Prodeco\" \/>\n<meta property=\"og:description\" content=\"Las ventanas panor\u00e1micas son una excelente opci\u00f3n para aquellos que buscan mejorar la est\u00e9tica y funcionalidad de su hogar.\" \/>\n<meta property=\"og:url\" content=\"https:\/\/www.ventanasprodeco.com\/noticias\/ventanas-panoramicas\/\" \/>\n<meta property=\"og:site_name\" content=\"Ventanas Prodeco\" \/>\n<meta property=\"article:publisher\" content=\"https:\/\/www.facebook.com\/VentanasProdeco\" \/>\n<meta property=\"article:published_time\" content=\"2024-05-24T11:38:22+00:00\" \/>\n<meta property=\"article:modified_time\" content=\"2024-05-24T11:50:09+00:00\" \/>\n<meta property=\"og:image\" content=\"https:\/\/www.ventanasprodeco.com\/noticias\/wp-content\/uploads\/2024\/05\/ventanas-panoramicas-prodeco.jpg\" \/>\n\t<meta property=\"og:image:width\" content=\"1568\" \/>\n\t<meta property=\"og:image:height\" content=\"1046\" \/>\n\t<meta property=\"og:image:type\" content=\"image\/jpeg\" \/>\n<meta name=\"author\" content=\"Ventanas Prodeco\" \/>\n<meta name=\"twitter:card\" content=\"summary_large_image\" \/>\n<meta name=\"twitter:creator\" content=\"@VentanasProdeco\" \/>\n<meta name=\"twitter:site\" content=\"@VentanasProdeco\" \/>\n<meta name=\"twitter:label1\" content=\"Escrito por\" \/>\n\t<meta name=\"twitter:data1\" content=\"Ventanas Prodeco\" \/>\n\t<meta name=\"twitter:label2\" content=\"Tiempo de lectura\" \/>\n\t<meta name=\"twitter:data2\" content=\"3 minutos\" \/>\n<script type=\"application\/ld+json\" class=\"yoast-schema-graph\">{\"@context\":\"https:\\\/\\\/schema.org\",\"@graph\":[{\"@type\":\"Article\",\"@id\":\"https:\\\/\\\/www.ventanasprodeco.com\\\/noticias\\\/ventanas-panoramicas\\\/#article\",\"isPartOf\":{\"@id\":\"https:\\\/\\\/www.ventanasprodeco.com\\\/noticias\\\/ventanas-panoramicas\\\/\"},\"author\":{\"name\":\"Ventanas Prodeco\",\"@id\":\"https:\\\/\\\/www.ventanasprodeco.com\\\/noticias\\\/#\\\/schema\\\/person\\\/e2913647ff79c129e55984ab50faf21a\"},\"headline\":\"Transforma tu Espacio con las Ventanas Panor\u00e1micas\",\"datePublished\":\"2024-05-24T11:38:22+00:00\",\"dateModified\":\"2024-05-24T11:50:09+00:00\",\"mainEntityOfPage\":{\"@id\":\"https:\\\/\\\/www.ventanasprodeco.com\\\/noticias\\\/ventanas-panoramicas\\\/\"},\"wordCount\":503,\"publisher\":{\"@id\":\"https:\\\/\\\/www.ventanasprodeco.com\\\/noticias\\\/#organization\"},\"image\":{\"@id\":\"https:\\\/\\\/www.ventanasprodeco.com\\\/noticias\\\/ventanas-panoramicas\\\/#primaryimage\"},\"thumbnailUrl\":\"https:\\\/\\\/www.ventanasprodeco.com\\\/noticias\\\/wp-content\\\/uploads\\\/2024\\\/05\\\/ventanas-panoramicas-prodeco.jpg\",\"keywords\":[\"Ventanas\",\"Ventanas Ac\u00fasticas\",\"Ventanas Calidad\",\"Ventanas Elegantes\",\"Ventanas Modernas\",\"Ventanas Panor\u00e1micas\",\"Ventanas Prodeco\",\"Ventanas PVC\",\"Ventanas Seguridad\",\"Ventanas T\u00e9rmicas\"],\"articleSection\":[\"Noticias\"],\"inLanguage\":\"es\"},{\"@type\":\"WebPage\",\"@id\":\"https:\\\/\\\/www.ventanasprodeco.com\\\/noticias\\\/ventanas-panoramicas\\\/\",\"url\":\"https:\\\/\\\/www.ventanasprodeco.com\\\/noticias\\\/ventanas-panoramicas\\\/\",\"name\":\"Transforma tu Espacio con las Ventanas Panor\u00e1micas - Ventanas Prodeco\",\"isPartOf\":{\"@id\":\"https:\\\/\\\/www.ventanasprodeco.com\\\/noticias\\\/#website\"},\"primaryImageOfPage\":{\"@id\":\"https:\\\/\\\/www.ventanasprodeco.com\\\/noticias\\\/ventanas-panoramicas\\\/#primaryimage\"},\"image\":{\"@id\":\"https:\\\/\\\/www.ventanasprodeco.com\\\/noticias\\\/ventanas-panoramicas\\\/#primaryimage\"},\"thumbnailUrl\":\"https:\\\/\\\/www.ventanasprodeco.com\\\/noticias\\\/wp-content\\\/uploads\\\/2024\\\/05\\\/ventanas-panoramicas-prodeco.jpg\",\"datePublished\":\"2024-05-24T11:38:22+00:00\",\"dateModified\":\"2024-05-24T11:50:09+00:00\",\"description\":\"Las ventanas panor\u00e1micas son una excelente opci\u00f3n para aquellos que buscan mejorar la est\u00e9tica y funcionalidad de su hogar.\",\"breadcrumb\":{\"@id\":\"https:\\\/\\\/www.ventanasprodeco.com\\\/noticias\\\/ventanas-panoramicas\\\/#breadcrumb\"},\"inLanguage\":\"es\",\"potentialAction\":[{\"@type\":\"ReadAction\",\"target\":[\"https:\\\/\\\/www.ventanasprodeco.com\\\/noticias\\\/ventanas-panoramicas\\\/\"]}]},{\"@type\":\"ImageObject\",\"inLanguage\":\"es\",\"@id\":\"https:\\\/\\\/www.ventanasprodeco.com\\\/noticias\\\/ventanas-panoramicas\\\/#primaryimage\",\"url\":\"https:\\\/\\\/www.ventanasprodeco.com\\\/noticias\\\/wp-content\\\/uploads\\\/2024\\\/05\\\/ventanas-panoramicas-prodeco.jpg\",\"contentUrl\":\"https:\\\/\\\/www.ventanasprodeco.com\\\/noticias\\\/wp-content\\\/uploads\\\/2024\\\/05\\\/ventanas-panoramicas-prodeco.jpg\",\"width\":1568,\"height\":1046},{\"@type\":\"BreadcrumbList\",\"@id\":\"https:\\\/\\\/www.ventanasprodeco.com\\\/noticias\\\/ventanas-panoramicas\\\/#breadcrumb\",\"itemListElement\":[{\"@type\":\"ListItem\",\"position\":1,\"name\":\"Portada\",\"item\":\"https:\\\/\\\/www.ventanasprodeco.com\\\/noticias\\\/\"},{\"@type\":\"ListItem\",\"position\":2,\"name\":\"Transforma tu Espacio con las Ventanas Panor\u00e1micas\"}]},{\"@type\":\"WebSite\",\"@id\":\"https:\\\/\\\/www.ventanasprodeco.com\\\/noticias\\\/#website\",\"url\":\"https:\\\/\\\/www.ventanasprodeco.com\\\/noticias\\\/\",\"name\":\"VentanasProdeco.com\",\"description\":\"Especialistas en Ventanas\",\"publisher\":{\"@id\":\"https:\\\/\\\/www.ventanasprodeco.com\\\/noticias\\\/#organization\"},\"potentialAction\":[{\"@type\":\"SearchAction\",\"target\":{\"@type\":\"EntryPoint\",\"urlTemplate\":\"https:\\\/\\\/www.ventanasprodeco.com\\\/noticias\\\/?s={search_term_string}\"},\"query-input\":{\"@type\":\"PropertyValueSpecification\",\"valueRequired\":true,\"valueName\":\"search_term_string\"}}],\"inLanguage\":\"es\"},{\"@type\":\"Organization\",\"@id\":\"https:\\\/\\\/www.ventanasprodeco.com\\\/noticias\\\/#organization\",\"name\":\"Ventanas Prodeco\",\"url\":\"https:\\\/\\\/www.ventanasprodeco.com\\\/noticias\\\/\",\"logo\":{\"@type\":\"ImageObject\",\"inLanguage\":\"es\",\"@id\":\"https:\\\/\\\/www.ventanasprodeco.com\\\/noticias\\\/#\\\/schema\\\/logo\\\/image\\\/\",\"url\":\"https:\\\/\\\/www.ventanasprodeco.com\\\/noticias\\\/wp-content\\\/uploads\\\/2023\\\/06\\\/cropped-logo.png\",\"contentUrl\":\"https:\\\/\\\/www.ventanasprodeco.com\\\/noticias\\\/wp-content\\\/uploads\\\/2023\\\/06\\\/cropped-logo.png\",\"width\":300,\"height\":65,\"caption\":\"Ventanas Prodeco\"},\"image\":{\"@id\":\"https:\\\/\\\/www.ventanasprodeco.com\\\/noticias\\\/#\\\/schema\\\/logo\\\/image\\\/\"},\"sameAs\":[\"https:\\\/\\\/www.facebook.com\\\/VentanasProdeco\",\"https:\\\/\\\/x.com\\\/VentanasProdeco\",\"https:\\\/\\\/www.tiktok.com\\\/@VentanasProdeco\",\"https:\\\/\\\/www.youtube.com\\\/@VentanasProdeco\"]},{\"@type\":\"Person\",\"@id\":\"https:\\\/\\\/www.ventanasprodeco.com\\\/noticias\\\/#\\\/schema\\\/person\\\/e2913647ff79c129e55984ab50faf21a\",\"name\":\"Ventanas Prodeco\",\"image\":{\"@type\":\"ImageObject\",\"inLanguage\":\"es\",\"@id\":\"https:\\\/\\\/secure.gravatar.com\\\/avatar\\\/c5f8fa291da6699f0d04718e30fdb7ff9fa47d2ae84c79a8f68922349513ce31?s=96&d=mm&r=g\",\"url\":\"https:\\\/\\\/secure.gravatar.com\\\/avatar\\\/c5f8fa291da6699f0d04718e30fdb7ff9fa47d2ae84c79a8f68922349513ce31?s=96&d=mm&r=g\",\"contentUrl\":\"https:\\\/\\\/secure.gravatar.com\\\/avatar\\\/c5f8fa291da6699f0d04718e30fdb7ff9fa47d2ae84c79a8f68922349513ce31?s=96&d=mm&r=g\",\"caption\":\"Ventanas Prodeco\"},\"sameAs\":[\"http:\\\/\\\/ventanasprodeco.com\\\/noticias\"],\"url\":\"https:\\\/\\\/www.ventanasprodeco.com\\\/noticias\\\/author\\\/admin\\\/\"}]}<\/script>\n<!-- \/ Yoast SEO plugin. -->","yoast_head_json":{"title":"Transforma tu Espacio con las Ventanas Panor\u00e1micas - Ventanas Prodeco","description":"Las ventanas panor\u00e1micas son una excelente opci\u00f3n para aquellos que buscan mejorar la est\u00e9tica y funcionalidad de su hogar.","robots":{"index":"index","follow":"follow","max-snippet":"max-snippet:-1","max-image-preview":"max-image-preview:large","max-video-preview":"max-video-preview:-1"},"canonical":"https:\/\/www.ventanasprodeco.com\/noticias\/ventanas-panoramicas\/","og_locale":"es_ES","og_type":"article","og_title":"Transforma tu Espacio con las Ventanas Panor\u00e1micas - Ventanas Prodeco","og_description":"Las ventanas panor\u00e1micas son una excelente opci\u00f3n para aquellos que buscan mejorar la est\u00e9tica y funcionalidad de su hogar.","og_url":"https:\/\/www.ventanasprodeco.com\/noticias\/ventanas-panoramicas\/","og_site_name":"Ventanas Prodeco","article_publisher":"https:\/\/www.facebook.com\/VentanasProdeco","article_published_time":"2024-05-24T11:38:22+00:00","article_modified_time":"2024-05-24T11:50:09+00:00","og_image":[{"width":1568,"height":1046,"url":"https:\/\/www.ventanasprodeco.com\/noticias\/wp-content\/uploads\/2024\/05\/ventanas-panoramicas-prodeco.jpg","type":"image\/jpeg"}],"author":"Ventanas Prodeco","twitter_card":"summary_large_image","twitter_creator":"@VentanasProdeco","twitter_site":"@VentanasProdeco","twitter_misc":{"Escrito por":"Ventanas Prodeco","Tiempo de lectura":"3 minutos"},"schema":{"@context":"https:\/\/schema.org","@graph":[{"@type":"Article","@id":"https:\/\/www.ventanasprodeco.com\/noticias\/ventanas-panoramicas\/#article","isPartOf":{"@id":"https:\/\/www.ventanasprodeco.com\/noticias\/ventanas-panoramicas\/"},"author":{"name":"Ventanas Prodeco","@id":"https:\/\/www.ventanasprodeco.com\/noticias\/#\/schema\/person\/e2913647ff79c129e55984ab50faf21a"},"headline":"Transforma tu Espacio con las Ventanas Panor\u00e1micas","datePublished":"2024-05-24T11:38:22+00:00","dateModified":"2024-05-24T11:50:09+00:00","mainEntityOfPage":{"@id":"https:\/\/www.ventanasprodeco.com\/noticias\/ventanas-panoramicas\/"},"wordCount":503,"publisher":{"@id":"https:\/\/www.ventanasprodeco.com\/noticias\/#organization"},"image":{"@id":"https:\/\/www.ventanasprodeco.com\/noticias\/ventanas-panoramicas\/#primaryimage"},"thumbnailUrl":"https:\/\/www.ventanasprodeco.com\/noticias\/wp-content\/uploads\/2024\/05\/ventanas-panoramicas-prodeco.jpg","keywords":["Ventanas","Ventanas Ac\u00fasticas","Ventanas Calidad","Ventanas Elegantes","Ventanas Modernas","Ventanas Panor\u00e1micas","Ventanas Prodeco","Ventanas PVC","Ventanas Seguridad","Ventanas T\u00e9rmicas"],"articleSection":["Noticias"],"inLanguage":"es"},{"@type":"WebPage","@id":"https:\/\/www.ventanasprodeco.com\/noticias\/ventanas-panoramicas\/","url":"https:\/\/www.ventanasprodeco.com\/noticias\/ventanas-panoramicas\/","name":"Transforma tu Espacio con las Ventanas Panor\u00e1micas - Ventanas Prodeco","isPartOf":{"@id":"https:\/\/www.ventanasprodeco.com\/noticias\/#website"},"primaryImageOfPage":{"@id":"https:\/\/www.ventanasprodeco.com\/noticias\/ventanas-panoramicas\/#primaryimage"},"image":{"@id":"https:\/\/www.ventanasprodeco.com\/noticias\/ventanas-panoramicas\/#primaryimage"},"thumbnailUrl":"https:\/\/www.ventanasprodeco.com\/noticias\/wp-content\/uploads\/2024\/05\/ventanas-panoramicas-prodeco.jpg","datePublished":"2024-05-24T11:38:22+00:00","dateModified":"2024-05-24T11:50:09+00:00","description":"Las ventanas panor\u00e1micas son una excelente opci\u00f3n para aquellos que buscan mejorar la est\u00e9tica y funcionalidad de su hogar.","breadcrumb":{"@id":"https:\/\/www.ventanasprodeco.com\/noticias\/ventanas-panoramicas\/#breadcrumb"},"inLanguage":"es","potentialAction":[{"@type":"ReadAction","target":["https:\/\/www.ventanasprodeco.com\/noticias\/ventanas-panoramicas\/"]}]},{"@type":"ImageObject","inLanguage":"es","@id":"https:\/\/www.ventanasprodeco.com\/noticias\/ventanas-panoramicas\/#primaryimage","url":"https:\/\/www.ventanasprodeco.com\/noticias\/wp-content\/uploads\/2024\/05\/ventanas-panoramicas-prodeco.jpg","contentUrl":"https:\/\/www.ventanasprodeco.com\/noticias\/wp-content\/uploads\/2024\/05\/ventanas-panoramicas-prodeco.jpg","width":1568,"height":1046},{"@type":"BreadcrumbList","@id":"https:\/\/www.ventanasprodeco.com\/noticias\/ventanas-panoramicas\/#breadcrumb","itemListElement":[{"@type":"ListItem","position":1,"name":"Portada","item":"https:\/\/www.ventanasprodeco.com\/noticias\/"},{"@type":"ListItem","position":2,"name":"Transforma tu Espacio con las Ventanas Panor\u00e1micas"}]},{"@type":"WebSite","@id":"https:\/\/www.ventanasprodeco.com\/noticias\/#website","url":"https:\/\/www.ventanasprodeco.com\/noticias\/","name":"VentanasProdeco.com","description":"Especialistas en Ventanas","publisher":{"@id":"https:\/\/www.ventanasprodeco.com\/noticias\/#organization"},"potentialAction":[{"@type":"SearchAction","target":{"@type":"EntryPoint","urlTemplate":"https:\/\/www.ventanasprodeco.com\/noticias\/?s={search_term_string}"},"query-input":{"@type":"PropertyValueSpecification","valueRequired":true,"valueName":"search_term_string"}}],"inLanguage":"es"},{"@type":"Organization","@id":"https:\/\/www.ventanasprodeco.com\/noticias\/#organization","name":"Ventanas Prodeco","url":"https:\/\/www.ventanasprodeco.com\/noticias\/","logo":{"@type":"ImageObject","inLanguage":"es","@id":"https:\/\/www.ventanasprodeco.com\/noticias\/#\/schema\/logo\/image\/","url":"https:\/\/www.ventanasprodeco.com\/noticias\/wp-content\/uploads\/2023\/06\/cropped-logo.png","contentUrl":"https:\/\/www.ventanasprodeco.com\/noticias\/wp-content\/uploads\/2023\/06\/cropped-logo.png","width":300,"height":65,"caption":"Ventanas Prodeco"},"image":{"@id":"https:\/\/www.ventanasprodeco.com\/noticias\/#\/schema\/logo\/image\/"},"sameAs":["https:\/\/www.facebook.com\/VentanasProdeco","https:\/\/x.com\/VentanasProdeco","https:\/\/www.tiktok.com\/@VentanasProdeco","https:\/\/www.youtube.com\/@VentanasProdeco"]},{"@type":"Person","@id":"https:\/\/www.ventanasprodeco.com\/noticias\/#\/schema\/person\/e2913647ff79c129e55984ab50faf21a","name":"Ventanas Prodeco","image":{"@type":"ImageObject","inLanguage":"es","@id":"https:\/\/secure.gravatar.com\/avatar\/c5f8fa291da6699f0d04718e30fdb7ff9fa47d2ae84c79a8f68922349513ce31?s=96&d=mm&r=g","url":"https:\/\/secure.gravatar.com\/avatar\/c5f8fa291da6699f0d04718e30fdb7ff9fa47d2ae84c79a8f68922349513ce31?s=96&d=mm&r=g","contentUrl":"https:\/\/secure.gravatar.com\/avatar\/c5f8fa291da6699f0d04718e30fdb7ff9fa47d2ae84c79a8f68922349513ce31?s=96&d=mm&r=g","caption":"Ventanas Prodeco"},"sameAs":["http:\/\/ventanasprodeco.com\/noticias"],"url":"https:\/\/www.ventanasprodeco.com\/noticias\/author\/admin\/"}]}},"_links":{"self":[{"href":"https:\/\/www.ventanasprodeco.com\/noticias\/wp-json\/wp\/v2\/posts\/537","targetHints":{"allow":["GET"]}}],"collection":[{"href":"https:\/\/www.ventanasprodeco.com\/noticias\/wp-json\/wp\/v2\/posts"}],"about":[{"href":"https:\/\/www.ventanasprodeco.com\/noticias\/wp-json\/wp\/v2\/types\/post"}],"author":[{"embeddable":true,"href":"https:\/\/www.ventanasprodeco.com\/noticias\/wp-json\/wp\/v2\/users\/1"}],"replies":[{"embeddable":true,"href":"https:\/\/www.ventanasprodeco.com\/noticias\/wp-json\/wp\/v2\/comments?post=537"}],"version-history":[{"count":0,"href":"https:\/\/www.ventanasprodeco.com\/noticias\/wp-json\/wp\/v2\/posts\/537\/revisions"}],"wp:featuredmedia":[{"embeddable":true,"href":"https:\/\/www.ventanasprodeco.com\/noticias\/wp-json\/wp\/v2\/media\/541"}],"wp:attachment":[{"href":"https:\/\/www.ventanasprodeco.com\/noticias\/wp-json\/wp\/v2\/media?parent=537"}],"wp:term":[{"taxonomy":"category","embeddable":true,"href":"https:\/\/www.ventanasprodeco.com\/noticias\/wp-json\/wp\/v2\/categories?post=537"},{"taxonomy":"post_tag","embeddable":true,"href":"https:\/\/www.ventanasprodeco.com\/noticias\/wp-json\/wp\/v2\/tags?post=537"}],"curies":[{"name":"wp","href":"https:\/\/api.w.org\/{rel}","templated":true}]}}