{"id":461,"date":"2024-03-26T10:15:05","date_gmt":"2024-03-26T10:15:05","guid":{"rendered":"https:\/\/www.ventanasprodeco.com\/noticias\/?p=461"},"modified":"2024-03-26T11:31:16","modified_gmt":"2024-03-26T11:31:16","slug":"ventanas-abatibles-vs-correderas","status":"publish","type":"post","link":"https:\/\/www.ventanasprodeco.com\/noticias\/ventanas-abatibles-vs-correderas\/","title":{"rendered":"Ventanas Abatibles vs Correderas \u00bfCu\u00e1l es la Mejor Opci\u00f3n?"},"content":{"rendered":"<p>Cuando se trata de elegir ventanas para tu hogar, es importante considerar diversos factores, incluido el tipo de apertura. Las <strong>ventanas abatibles y correderas<\/strong> son dos opciones populares, cada una con sus propias ventajas y desventajas. En esta entrada del blog, analizaremos en detalle ambos tipos de ventanas para ayudarte a determinar cu\u00e1l es la mejor opci\u00f3n para las necesidades espec\u00edficas de tu hogar.<\/p>\n<h2>Ventanas Abatibles<\/h2>\n<p>Las <strong>ventanas abatibles<\/strong> se abren hacia el interior de la habitaci\u00f3n, proporcionando una excelente ventilaci\u00f3n y facilitando la limpieza desde el interior. Son ideales para espacios peque\u00f1os donde no hay suficiente espacio exterior para que se abran las ventanas.<\/p>\n<p>Las ventanas abatibles ofrecen un buen sellado cuando est\u00e1n cerradas, lo que ayuda a minimizar las infiltraciones de aire y la p\u00e9rdida de calor en invierno.<\/p>\n<h2>Ventanas Correderas<\/h2>\n<p>Las <strong>ventanas correderas<\/strong> se deslizan horizontalmente a lo largo de un riel, lo que las hace ideales para espacios reducidos o para crear una apertura amplia para disfrutar de vistas panor\u00e1micas.<\/p>\n<p>Son f\u00e1ciles de operar y no ocupan espacio adicional cuando est\u00e1n abiertas, lo que las hace ideales para balcones y terrazas. Sin embargo, pueden ser m\u00e1s susceptibles a filtraciones de aire y agua si no est\u00e1n correctamente selladas.<\/p>\n<h2>\u00bfQu\u00e9 Ventanas debo Instalar?<\/h2>\n<p><b>Espacio Disponible:<\/b> Si tienes espacio limitado en el interior o exterior de tu hogar, las ventanas correderas pueden ser la mejor opci\u00f3n, ya que no requieren espacio adicional para abrirse.<\/p>\n<p><b>Ventilaci\u00f3n y Limpieza:<\/b> Si valoras una excelente ventilaci\u00f3n y la posibilidad de limpiar f\u00e1cilmente tus ventanas desde el interior, las ventanas abatibles pueden ser la mejor opci\u00f3n.<\/p>\n<p><b>Est\u00e9tica y Funcionalidad:<\/b> Considera tambi\u00e9n el estilo arquitect\u00f3nico de tu hogar y tus preferencias est\u00e9ticas al elegir entre ventanas abatibles y correderas.<\/p>\n<hr>\n<p>Ambos tipos de ventanas tienen sus propias ventajas y desventajas, y la mejor opci\u00f3n para tu hogar depender\u00e1 de tus necesidades espec\u00edficas y preferencias personales. En <a href=\"\/\" title=\"Empresa de Ventanas Abatibles y Correderas\"><strong>Ventanas Prodeco<\/strong><\/a>, ofrecemos una amplia gama de opciones en ambos estilos para ayudarte a encontrar la soluci\u00f3n perfecta para tu hogar.<\/p>\n","protected":false},"excerpt":{"rendered":"<p>Cuando se trata de elegir ventanas para tu hogar, es importante considerar diversos factores, incluido el tipo de apertura. Las ventanas abatibles y correderas son dos opciones populares, cada una con sus propias ventajas y desventajas. En esta entrada del blog, analizaremos en detalle ambos tipos de ventanas para ayudarte a determinar cu\u00e1l es la&hellip; <a class=\"more-link\" href=\"https:\/\/www.ventanasprodeco.com\/noticias\/ventanas-abatibles-vs-correderas\/\">Seguir leyendo <span class=\"screen-reader-text\">Ventanas Abatibles vs Correderas \u00bfCu\u00e1l es la Mejor Opci\u00f3n?<\/span><\/a><\/p>\n","protected":false},"author":1,"featured_media":463,"comment_status":"closed","ping_status":"open","sticky":false,"template":"","format":"standard","meta":{"footnotes":""},"categories":[1],"tags":[11,8,10,12,14,9,7],"class_list":["post-461","post","type-post","status-publish","format-standard","has-post-thumbnail","hentry","category-noticias","tag-ventanas-abatibles","tag-ventanas-acusticas","tag-ventanas-calidad","tag-ventanas-correderas","tag-ventanas-modernas","tag-ventanas-prodeco","tag-ventanas-termicas","entry"],"yoast_head":"<!-- This site is optimized with the Yoast SEO plugin v27.4 - https:\/\/yoast.com\/product\/yoast-seo-wordpress\/ -->\n<title>Ventanas Abatibles vs Correderas \u00bfCu\u00e1l es la Mejor Opci\u00f3n? - Ventanas Prodeco<\/title>\n<meta name=\"description\" content=\"Las ventanas abatibles y correderas son dos opciones populares, cada una con sus propias ventajas \u00a1Descubre la mejor opci\u00f3n para tu hogar!\" \/>\n<meta name=\"robots\" content=\"index, follow, max-snippet:-1, max-image-preview:large, max-video-preview:-1\" \/>\n<link rel=\"canonical\" href=\"https:\/\/www.ventanasprodeco.com\/noticias\/ventanas-abatibles-vs-correderas\/\" \/>\n<meta property=\"og:locale\" content=\"es_ES\" \/>\n<meta property=\"og:type\" content=\"article\" \/>\n<meta property=\"og:title\" content=\"Ventanas Abatibles vs Correderas \u00bfCu\u00e1l es la Mejor Opci\u00f3n? - Ventanas Prodeco\" \/>\n<meta property=\"og:description\" content=\"Las ventanas abatibles y correderas son dos opciones populares, cada una con sus propias ventajas \u00a1Descubre la mejor opci\u00f3n para tu hogar!\" \/>\n<meta property=\"og:url\" content=\"https:\/\/www.ventanasprodeco.com\/noticias\/ventanas-abatibles-vs-correderas\/\" \/>\n<meta property=\"og:site_name\" content=\"Ventanas Prodeco\" \/>\n<meta property=\"article:publisher\" content=\"https:\/\/www.facebook.com\/VentanasProdeco\" \/>\n<meta property=\"article:published_time\" content=\"2024-03-26T10:15:05+00:00\" \/>\n<meta property=\"article:modified_time\" content=\"2024-03-26T11:31:16+00:00\" \/>\n<meta property=\"og:image\" content=\"https:\/\/www.ventanasprodeco.com\/noticias\/wp-content\/uploads\/2024\/03\/ventanas-correderas-abatibles.jpg\" \/>\n\t<meta property=\"og:image:width\" content=\"1568\" \/>\n\t<meta property=\"og:image:height\" content=\"1046\" \/>\n\t<meta property=\"og:image:type\" content=\"image\/jpeg\" \/>\n<meta name=\"author\" content=\"Ventanas Prodeco\" \/>\n<meta name=\"twitter:card\" content=\"summary_large_image\" \/>\n<meta name=\"twitter:creator\" content=\"@VentanasProdeco\" \/>\n<meta name=\"twitter:site\" content=\"@VentanasProdeco\" \/>\n<meta name=\"twitter:label1\" content=\"Escrito por\" \/>\n\t<meta name=\"twitter:data1\" content=\"Ventanas Prodeco\" \/>\n\t<meta name=\"twitter:label2\" content=\"Tiempo de lectura\" \/>\n\t<meta name=\"twitter:data2\" content=\"2 minutos\" \/>\n<script type=\"application\/ld+json\" class=\"yoast-schema-graph\">{\"@context\":\"https:\\\/\\\/schema.org\",\"@graph\":[{\"@type\":\"Article\",\"@id\":\"https:\\\/\\\/www.ventanasprodeco.com\\\/noticias\\\/ventanas-abatibles-vs-correderas\\\/#article\",\"isPartOf\":{\"@id\":\"https:\\\/\\\/www.ventanasprodeco.com\\\/noticias\\\/ventanas-abatibles-vs-correderas\\\/\"},\"author\":{\"name\":\"Ventanas Prodeco\",\"@id\":\"https:\\\/\\\/www.ventanasprodeco.com\\\/noticias\\\/#\\\/schema\\\/person\\\/e2913647ff79c129e55984ab50faf21a\"},\"headline\":\"Ventanas Abatibles vs Correderas \u00bfCu\u00e1l es la Mejor Opci\u00f3n?\",\"datePublished\":\"2024-03-26T10:15:05+00:00\",\"dateModified\":\"2024-03-26T11:31:16+00:00\",\"mainEntityOfPage\":{\"@id\":\"https:\\\/\\\/www.ventanasprodeco.com\\\/noticias\\\/ventanas-abatibles-vs-correderas\\\/\"},\"wordCount\":368,\"publisher\":{\"@id\":\"https:\\\/\\\/www.ventanasprodeco.com\\\/noticias\\\/#organization\"},\"image\":{\"@id\":\"https:\\\/\\\/www.ventanasprodeco.com\\\/noticias\\\/ventanas-abatibles-vs-correderas\\\/#primaryimage\"},\"thumbnailUrl\":\"https:\\\/\\\/www.ventanasprodeco.com\\\/noticias\\\/wp-content\\\/uploads\\\/2024\\\/03\\\/ventanas-correderas-abatibles.jpg\",\"keywords\":[\"Ventanas Abatibles\",\"Ventanas Ac\u00fasticas\",\"Ventanas Calidad\",\"Ventanas Correderas\",\"Ventanas Modernas\",\"Ventanas Prodeco\",\"Ventanas T\u00e9rmicas\"],\"articleSection\":[\"Noticias\"],\"inLanguage\":\"es\"},{\"@type\":\"WebPage\",\"@id\":\"https:\\\/\\\/www.ventanasprodeco.com\\\/noticias\\\/ventanas-abatibles-vs-correderas\\\/\",\"url\":\"https:\\\/\\\/www.ventanasprodeco.com\\\/noticias\\\/ventanas-abatibles-vs-correderas\\\/\",\"name\":\"Ventanas Abatibles vs Correderas \u00bfCu\u00e1l es la Mejor Opci\u00f3n? - Ventanas Prodeco\",\"isPartOf\":{\"@id\":\"https:\\\/\\\/www.ventanasprodeco.com\\\/noticias\\\/#website\"},\"primaryImageOfPage\":{\"@id\":\"https:\\\/\\\/www.ventanasprodeco.com\\\/noticias\\\/ventanas-abatibles-vs-correderas\\\/#primaryimage\"},\"image\":{\"@id\":\"https:\\\/\\\/www.ventanasprodeco.com\\\/noticias\\\/ventanas-abatibles-vs-correderas\\\/#primaryimage\"},\"thumbnailUrl\":\"https:\\\/\\\/www.ventanasprodeco.com\\\/noticias\\\/wp-content\\\/uploads\\\/2024\\\/03\\\/ventanas-correderas-abatibles.jpg\",\"datePublished\":\"2024-03-26T10:15:05+00:00\",\"dateModified\":\"2024-03-26T11:31:16+00:00\",\"description\":\"Las ventanas abatibles y correderas son dos opciones populares, cada una con sus propias ventajas \u00a1Descubre la mejor opci\u00f3n para tu hogar!\",\"breadcrumb\":{\"@id\":\"https:\\\/\\\/www.ventanasprodeco.com\\\/noticias\\\/ventanas-abatibles-vs-correderas\\\/#breadcrumb\"},\"inLanguage\":\"es\",\"potentialAction\":[{\"@type\":\"ReadAction\",\"target\":[\"https:\\\/\\\/www.ventanasprodeco.com\\\/noticias\\\/ventanas-abatibles-vs-correderas\\\/\"]}]},{\"@type\":\"ImageObject\",\"inLanguage\":\"es\",\"@id\":\"https:\\\/\\\/www.ventanasprodeco.com\\\/noticias\\\/ventanas-abatibles-vs-correderas\\\/#primaryimage\",\"url\":\"https:\\\/\\\/www.ventanasprodeco.com\\\/noticias\\\/wp-content\\\/uploads\\\/2024\\\/03\\\/ventanas-correderas-abatibles.jpg\",\"contentUrl\":\"https:\\\/\\\/www.ventanasprodeco.com\\\/noticias\\\/wp-content\\\/uploads\\\/2024\\\/03\\\/ventanas-correderas-abatibles.jpg\",\"width\":1568,\"height\":1046},{\"@type\":\"BreadcrumbList\",\"@id\":\"https:\\\/\\\/www.ventanasprodeco.com\\\/noticias\\\/ventanas-abatibles-vs-correderas\\\/#breadcrumb\",\"itemListElement\":[{\"@type\":\"ListItem\",\"position\":1,\"name\":\"Portada\",\"item\":\"https:\\\/\\\/www.ventanasprodeco.com\\\/noticias\\\/\"},{\"@type\":\"ListItem\",\"position\":2,\"name\":\"Ventanas Abatibles vs Correderas \u00bfCu\u00e1l es la Mejor Opci\u00f3n?\"}]},{\"@type\":\"WebSite\",\"@id\":\"https:\\\/\\\/www.ventanasprodeco.com\\\/noticias\\\/#website\",\"url\":\"https:\\\/\\\/www.ventanasprodeco.com\\\/noticias\\\/\",\"name\":\"VentanasProdeco.com\",\"description\":\"Especialistas en Ventanas\",\"publisher\":{\"@id\":\"https:\\\/\\\/www.ventanasprodeco.com\\\/noticias\\\/#organization\"},\"potentialAction\":[{\"@type\":\"SearchAction\",\"target\":{\"@type\":\"EntryPoint\",\"urlTemplate\":\"https:\\\/\\\/www.ventanasprodeco.com\\\/noticias\\\/?s={search_term_string}\"},\"query-input\":{\"@type\":\"PropertyValueSpecification\",\"valueRequired\":true,\"valueName\":\"search_term_string\"}}],\"inLanguage\":\"es\"},{\"@type\":\"Organization\",\"@id\":\"https:\\\/\\\/www.ventanasprodeco.com\\\/noticias\\\/#organization\",\"name\":\"Ventanas Prodeco\",\"url\":\"https:\\\/\\\/www.ventanasprodeco.com\\\/noticias\\\/\",\"logo\":{\"@type\":\"ImageObject\",\"inLanguage\":\"es\",\"@id\":\"https:\\\/\\\/www.ventanasprodeco.com\\\/noticias\\\/#\\\/schema\\\/logo\\\/image\\\/\",\"url\":\"https:\\\/\\\/www.ventanasprodeco.com\\\/noticias\\\/wp-content\\\/uploads\\\/2023\\\/06\\\/cropped-logo.png\",\"contentUrl\":\"https:\\\/\\\/www.ventanasprodeco.com\\\/noticias\\\/wp-content\\\/uploads\\\/2023\\\/06\\\/cropped-logo.png\",\"width\":300,\"height\":65,\"caption\":\"Ventanas Prodeco\"},\"image\":{\"@id\":\"https:\\\/\\\/www.ventanasprodeco.com\\\/noticias\\\/#\\\/schema\\\/logo\\\/image\\\/\"},\"sameAs\":[\"https:\\\/\\\/www.facebook.com\\\/VentanasProdeco\",\"https:\\\/\\\/x.com\\\/VentanasProdeco\",\"https:\\\/\\\/www.tiktok.com\\\/@VentanasProdeco\",\"https:\\\/\\\/www.youtube.com\\\/@VentanasProdeco\"]},{\"@type\":\"Person\",\"@id\":\"https:\\\/\\\/www.ventanasprodeco.com\\\/noticias\\\/#\\\/schema\\\/person\\\/e2913647ff79c129e55984ab50faf21a\",\"name\":\"Ventanas Prodeco\",\"image\":{\"@type\":\"ImageObject\",\"inLanguage\":\"es\",\"@id\":\"https:\\\/\\\/secure.gravatar.com\\\/avatar\\\/c5f8fa291da6699f0d04718e30fdb7ff9fa47d2ae84c79a8f68922349513ce31?s=96&d=mm&r=g\",\"url\":\"https:\\\/\\\/secure.gravatar.com\\\/avatar\\\/c5f8fa291da6699f0d04718e30fdb7ff9fa47d2ae84c79a8f68922349513ce31?s=96&d=mm&r=g\",\"contentUrl\":\"https:\\\/\\\/secure.gravatar.com\\\/avatar\\\/c5f8fa291da6699f0d04718e30fdb7ff9fa47d2ae84c79a8f68922349513ce31?s=96&d=mm&r=g\",\"caption\":\"Ventanas Prodeco\"},\"sameAs\":[\"http:\\\/\\\/ventanasprodeco.com\\\/noticias\"],\"url\":\"https:\\\/\\\/www.ventanasprodeco.com\\\/noticias\\\/author\\\/admin\\\/\"}]}<\/script>\n<!-- \/ Yoast SEO plugin. -->","yoast_head_json":{"title":"Ventanas Abatibles vs Correderas \u00bfCu\u00e1l es la Mejor Opci\u00f3n? - Ventanas Prodeco","description":"Las ventanas abatibles y correderas son dos opciones populares, cada una con sus propias ventajas \u00a1Descubre la mejor opci\u00f3n para tu hogar!","robots":{"index":"index","follow":"follow","max-snippet":"max-snippet:-1","max-image-preview":"max-image-preview:large","max-video-preview":"max-video-preview:-1"},"canonical":"https:\/\/www.ventanasprodeco.com\/noticias\/ventanas-abatibles-vs-correderas\/","og_locale":"es_ES","og_type":"article","og_title":"Ventanas Abatibles vs Correderas \u00bfCu\u00e1l es la Mejor Opci\u00f3n? - Ventanas Prodeco","og_description":"Las ventanas abatibles y correderas son dos opciones populares, cada una con sus propias ventajas \u00a1Descubre la mejor opci\u00f3n para tu hogar!","og_url":"https:\/\/www.ventanasprodeco.com\/noticias\/ventanas-abatibles-vs-correderas\/","og_site_name":"Ventanas Prodeco","article_publisher":"https:\/\/www.facebook.com\/VentanasProdeco","article_published_time":"2024-03-26T10:15:05+00:00","article_modified_time":"2024-03-26T11:31:16+00:00","og_image":[{"width":1568,"height":1046,"url":"https:\/\/www.ventanasprodeco.com\/noticias\/wp-content\/uploads\/2024\/03\/ventanas-correderas-abatibles.jpg","type":"image\/jpeg"}],"author":"Ventanas Prodeco","twitter_card":"summary_large_image","twitter_creator":"@VentanasProdeco","twitter_site":"@VentanasProdeco","twitter_misc":{"Escrito por":"Ventanas Prodeco","Tiempo de lectura":"2 minutos"},"schema":{"@context":"https:\/\/schema.org","@graph":[{"@type":"Article","@id":"https:\/\/www.ventanasprodeco.com\/noticias\/ventanas-abatibles-vs-correderas\/#article","isPartOf":{"@id":"https:\/\/www.ventanasprodeco.com\/noticias\/ventanas-abatibles-vs-correderas\/"},"author":{"name":"Ventanas Prodeco","@id":"https:\/\/www.ventanasprodeco.com\/noticias\/#\/schema\/person\/e2913647ff79c129e55984ab50faf21a"},"headline":"Ventanas Abatibles vs Correderas \u00bfCu\u00e1l es la Mejor Opci\u00f3n?","datePublished":"2024-03-26T10:15:05+00:00","dateModified":"2024-03-26T11:31:16+00:00","mainEntityOfPage":{"@id":"https:\/\/www.ventanasprodeco.com\/noticias\/ventanas-abatibles-vs-correderas\/"},"wordCount":368,"publisher":{"@id":"https:\/\/www.ventanasprodeco.com\/noticias\/#organization"},"image":{"@id":"https:\/\/www.ventanasprodeco.com\/noticias\/ventanas-abatibles-vs-correderas\/#primaryimage"},"thumbnailUrl":"https:\/\/www.ventanasprodeco.com\/noticias\/wp-content\/uploads\/2024\/03\/ventanas-correderas-abatibles.jpg","keywords":["Ventanas Abatibles","Ventanas Ac\u00fasticas","Ventanas Calidad","Ventanas Correderas","Ventanas Modernas","Ventanas Prodeco","Ventanas T\u00e9rmicas"],"articleSection":["Noticias"],"inLanguage":"es"},{"@type":"WebPage","@id":"https:\/\/www.ventanasprodeco.com\/noticias\/ventanas-abatibles-vs-correderas\/","url":"https:\/\/www.ventanasprodeco.com\/noticias\/ventanas-abatibles-vs-correderas\/","name":"Ventanas Abatibles vs Correderas \u00bfCu\u00e1l es la Mejor Opci\u00f3n? - Ventanas Prodeco","isPartOf":{"@id":"https:\/\/www.ventanasprodeco.com\/noticias\/#website"},"primaryImageOfPage":{"@id":"https:\/\/www.ventanasprodeco.com\/noticias\/ventanas-abatibles-vs-correderas\/#primaryimage"},"image":{"@id":"https:\/\/www.ventanasprodeco.com\/noticias\/ventanas-abatibles-vs-correderas\/#primaryimage"},"thumbnailUrl":"https:\/\/www.ventanasprodeco.com\/noticias\/wp-content\/uploads\/2024\/03\/ventanas-correderas-abatibles.jpg","datePublished":"2024-03-26T10:15:05+00:00","dateModified":"2024-03-26T11:31:16+00:00","description":"Las ventanas abatibles y correderas son dos opciones populares, cada una con sus propias ventajas \u00a1Descubre la mejor opci\u00f3n para tu hogar!","breadcrumb":{"@id":"https:\/\/www.ventanasprodeco.com\/noticias\/ventanas-abatibles-vs-correderas\/#breadcrumb"},"inLanguage":"es","potentialAction":[{"@type":"ReadAction","target":["https:\/\/www.ventanasprodeco.com\/noticias\/ventanas-abatibles-vs-correderas\/"]}]},{"@type":"ImageObject","inLanguage":"es","@id":"https:\/\/www.ventanasprodeco.com\/noticias\/ventanas-abatibles-vs-correderas\/#primaryimage","url":"https:\/\/www.ventanasprodeco.com\/noticias\/wp-content\/uploads\/2024\/03\/ventanas-correderas-abatibles.jpg","contentUrl":"https:\/\/www.ventanasprodeco.com\/noticias\/wp-content\/uploads\/2024\/03\/ventanas-correderas-abatibles.jpg","width":1568,"height":1046},{"@type":"BreadcrumbList","@id":"https:\/\/www.ventanasprodeco.com\/noticias\/ventanas-abatibles-vs-correderas\/#breadcrumb","itemListElement":[{"@type":"ListItem","position":1,"name":"Portada","item":"https:\/\/www.ventanasprodeco.com\/noticias\/"},{"@type":"ListItem","position":2,"name":"Ventanas Abatibles vs Correderas \u00bfCu\u00e1l es la Mejor Opci\u00f3n?"}]},{"@type":"WebSite","@id":"https:\/\/www.ventanasprodeco.com\/noticias\/#website","url":"https:\/\/www.ventanasprodeco.com\/noticias\/","name":"VentanasProdeco.com","description":"Especialistas en Ventanas","publisher":{"@id":"https:\/\/www.ventanasprodeco.com\/noticias\/#organization"},"potentialAction":[{"@type":"SearchAction","target":{"@type":"EntryPoint","urlTemplate":"https:\/\/www.ventanasprodeco.com\/noticias\/?s={search_term_string}"},"query-input":{"@type":"PropertyValueSpecification","valueRequired":true,"valueName":"search_term_string"}}],"inLanguage":"es"},{"@type":"Organization","@id":"https:\/\/www.ventanasprodeco.com\/noticias\/#organization","name":"Ventanas Prodeco","url":"https:\/\/www.ventanasprodeco.com\/noticias\/","logo":{"@type":"ImageObject","inLanguage":"es","@id":"https:\/\/www.ventanasprodeco.com\/noticias\/#\/schema\/logo\/image\/","url":"https:\/\/www.ventanasprodeco.com\/noticias\/wp-content\/uploads\/2023\/06\/cropped-logo.png","contentUrl":"https:\/\/www.ventanasprodeco.com\/noticias\/wp-content\/uploads\/2023\/06\/cropped-logo.png","width":300,"height":65,"caption":"Ventanas Prodeco"},"image":{"@id":"https:\/\/www.ventanasprodeco.com\/noticias\/#\/schema\/logo\/image\/"},"sameAs":["https:\/\/www.facebook.com\/VentanasProdeco","https:\/\/x.com\/VentanasProdeco","https:\/\/www.tiktok.com\/@VentanasProdeco","https:\/\/www.youtube.com\/@VentanasProdeco"]},{"@type":"Person","@id":"https:\/\/www.ventanasprodeco.com\/noticias\/#\/schema\/person\/e2913647ff79c129e55984ab50faf21a","name":"Ventanas Prodeco","image":{"@type":"ImageObject","inLanguage":"es","@id":"https:\/\/secure.gravatar.com\/avatar\/c5f8fa291da6699f0d04718e30fdb7ff9fa47d2ae84c79a8f68922349513ce31?s=96&d=mm&r=g","url":"https:\/\/secure.gravatar.com\/avatar\/c5f8fa291da6699f0d04718e30fdb7ff9fa47d2ae84c79a8f68922349513ce31?s=96&d=mm&r=g","contentUrl":"https:\/\/secure.gravatar.com\/avatar\/c5f8fa291da6699f0d04718e30fdb7ff9fa47d2ae84c79a8f68922349513ce31?s=96&d=mm&r=g","caption":"Ventanas Prodeco"},"sameAs":["http:\/\/ventanasprodeco.com\/noticias"],"url":"https:\/\/www.ventanasprodeco.com\/noticias\/author\/admin\/"}]}},"_links":{"self":[{"href":"https:\/\/www.ventanasprodeco.com\/noticias\/wp-json\/wp\/v2\/posts\/461","targetHints":{"allow":["GET"]}}],"collection":[{"href":"https:\/\/www.ventanasprodeco.com\/noticias\/wp-json\/wp\/v2\/posts"}],"about":[{"href":"https:\/\/www.ventanasprodeco.com\/noticias\/wp-json\/wp\/v2\/types\/post"}],"author":[{"embeddable":true,"href":"https:\/\/www.ventanasprodeco.com\/noticias\/wp-json\/wp\/v2\/users\/1"}],"replies":[{"embeddable":true,"href":"https:\/\/www.ventanasprodeco.com\/noticias\/wp-json\/wp\/v2\/comments?post=461"}],"version-history":[{"count":0,"href":"https:\/\/www.ventanasprodeco.com\/noticias\/wp-json\/wp\/v2\/posts\/461\/revisions"}],"wp:featuredmedia":[{"embeddable":true,"href":"https:\/\/www.ventanasprodeco.com\/noticias\/wp-json\/wp\/v2\/media\/463"}],"wp:attachment":[{"href":"https:\/\/www.ventanasprodeco.com\/noticias\/wp-json\/wp\/v2\/media?parent=461"}],"wp:term":[{"taxonomy":"category","embeddable":true,"href":"https:\/\/www.ventanasprodeco.com\/noticias\/wp-json\/wp\/v2\/categories?post=461"},{"taxonomy":"post_tag","embeddable":true,"href":"https:\/\/www.ventanasprodeco.com\/noticias\/wp-json\/wp\/v2\/tags?post=461"}],"curies":[{"name":"wp","href":"https:\/\/api.w.org\/{rel}","templated":true}]}}