{"id":416,"date":"2024-02-23T10:00:34","date_gmt":"2024-02-23T10:00:34","guid":{"rendered":"https:\/\/www.ventanasprodeco.com\/noticias\/?p=416"},"modified":"2024-02-23T10:05:47","modified_gmt":"2024-02-23T10:05:47","slug":"ventanas-molduras-elegantes","status":"publish","type":"post","link":"https:\/\/www.ventanasprodeco.com\/noticias\/ventanas-molduras-elegantes\/","title":{"rendered":"Embellece tus Ventanas con Molduras Elegantes"},"content":{"rendered":"<p>Las <strong>molduras de ventanas<\/strong> son un elemento de dise\u00f1o que puede marcar una gran diferencia en la apariencia y el estilo de tus ventanas. En este art\u00edculo, exploraremos c\u00f3mo las molduras de ventanas pueden embellecer y realzar la est\u00e9tica de tus ventanas, a\u00f1adiendo un toque de elegancia y sofisticaci\u00f3n a tu hogar.<\/p>\n<h2>Ventanas con Estilo<\/h2>\n<p>Las molduras de ventanas ofrecen una oportunidad para agregar un toque de estilo cl\u00e1sico y elegante a tus ventanas. Ya sea que elijas molduras simples y sutiles o dise\u00f1os m\u00e1s elaborados y ornamentados, estas pueden realzar la belleza de tus ventanas y mejorar la est\u00e9tica general de tu hogar.<\/p>\n<h2>Personalizaci\u00f3n y Versatilidad<\/h2>\n<p>Una de las principales ventajas de las <strong>molduras de ventanas<\/strong> es su versatilidad y capacidad de personalizaci\u00f3n. Con una amplia variedad de estilos, tama\u00f1os y materiales disponibles, puedes crear molduras de ventanas que se adapten perfectamente al estilo arquitect\u00f3nico de tu hogar y a tus preferencias personales.<\/p>\n<h2>Ventanas con Acento de Dise\u00f1o<\/h2>\n<p>Las molduras de ventanas no solo son est\u00e9ticamente agradables, sino que tambi\u00e9n pueden servir como un acento de dise\u00f1o que ayuda a resaltar tus ventanas. Al elegir molduras de ventanas que complementen el dise\u00f1o general de tu hogar, puedes crear una apariencia cohesiva y armoniosa que a\u00f1ada valor y atractivo visual a tu propiedad.<\/p>\n<h2>Funcionalidad y Durabilidad<\/h2>\n<p>Adem\u00e1s de su belleza est\u00e9tica, las <strong>molduras de ventanas<\/strong> tambi\u00e9n pueden proporcionar beneficios funcionales y mejorar la durabilidad de tus ventanas. Al sellar adecuadamente los bordes de las ventanas, las molduras de ventanas pueden ayudar a prevenir filtraciones de aire y agua, protegiendo as\u00ed tus ventanas de da\u00f1os y prolongando su vida \u00fatil.<\/p>\n<hr>\n<p>Las <strong>molduras de ventanas<\/strong> son un detalle de dise\u00f1o que puede marcar una gran diferencia en la apariencia y funcionalidad de tus ventanas. Ya sea que est\u00e9s buscando a\u00f1adir un toque de elegancia a tus ventanas o mejorar su rendimiento, las molduras de ventanas son una opci\u00f3n vers\u00e1til y atractiva que puede ayudarte a alcanzar tus objetivos de dise\u00f1o. \u00a1Descubre c\u00f3mo embellecer tus ventanas con las elegantes molduras de ventanas de <a href=\"\/\" title=\"Ventanas Prodeco - Especialistas en Ventanas\">Ventanas Prodeco<\/a>!<\/p>\n<p>Contacta con nosotros hoy mismo para obtener m\u00e1s informaci\u00f3n sobre nuestras opciones de molduras de ventanas.<\/p>\n","protected":false},"excerpt":{"rendered":"<p>Las molduras de ventanas son un elemento de dise\u00f1o que puede marcar una gran diferencia en la apariencia y el estilo de tus ventanas. En este art\u00edculo, exploraremos c\u00f3mo las molduras de ventanas pueden embellecer y realzar la est\u00e9tica de tus ventanas, a\u00f1adiendo un toque de elegancia y sofisticaci\u00f3n a tu hogar. Ventanas con Estilo&hellip; <a class=\"more-link\" href=\"https:\/\/www.ventanasprodeco.com\/noticias\/ventanas-molduras-elegantes\/\">Seguir leyendo <span class=\"screen-reader-text\">Embellece tus Ventanas con Molduras Elegantes<\/span><\/a><\/p>\n","protected":false},"author":1,"featured_media":418,"comment_status":"closed","ping_status":"open","sticky":false,"template":"","format":"standard","meta":{"footnotes":""},"categories":[1],"tags":[44,6,8,10,12,13,9,15,7],"class_list":["post-416","post","type-post","status-publish","format-standard","has-post-thumbnail","hentry","category-noticias","tag-molduras-ventanas","tag-ventanas","tag-ventanas-acusticas","tag-ventanas-calidad","tag-ventanas-correderas","tag-ventanas-elegantes","tag-ventanas-prodeco","tag-ventanas-seguridad","tag-ventanas-termicas","entry"],"yoast_head":"<!-- This site is optimized with the Yoast SEO plugin v27.4 - https:\/\/yoast.com\/product\/yoast-seo-wordpress\/ -->\n<title>Embellece tus Ventanas con Molduras Elegantes - Ventanas Prodeco<\/title>\n<meta name=\"description\" content=\"Las molduras de ventanas son un elemento de dise\u00f1o que puede marcar una gran diferencia en la apariencia y el estilo de tus ventanas.\" \/>\n<meta name=\"robots\" content=\"index, follow, max-snippet:-1, max-image-preview:large, max-video-preview:-1\" \/>\n<link rel=\"canonical\" href=\"https:\/\/www.ventanasprodeco.com\/noticias\/ventanas-molduras-elegantes\/\" \/>\n<meta property=\"og:locale\" content=\"es_ES\" \/>\n<meta property=\"og:type\" content=\"article\" \/>\n<meta property=\"og:title\" content=\"Embellece tus Ventanas con Molduras Elegantes - Ventanas Prodeco\" \/>\n<meta property=\"og:description\" content=\"Las molduras de ventanas son un elemento de dise\u00f1o que puede marcar una gran diferencia en la apariencia y el estilo de tus ventanas.\" \/>\n<meta property=\"og:url\" content=\"https:\/\/www.ventanasprodeco.com\/noticias\/ventanas-molduras-elegantes\/\" \/>\n<meta property=\"og:site_name\" content=\"Ventanas Prodeco\" \/>\n<meta property=\"article:publisher\" content=\"https:\/\/www.facebook.com\/VentanasProdeco\" \/>\n<meta property=\"article:published_time\" content=\"2024-02-23T10:00:34+00:00\" \/>\n<meta property=\"article:modified_time\" content=\"2024-02-23T10:05:47+00:00\" \/>\n<meta property=\"og:image\" content=\"https:\/\/www.ventanasprodeco.com\/noticias\/wp-content\/uploads\/2024\/02\/molduras-ventanas-prodeco.jpg\" \/>\n\t<meta property=\"og:image:width\" content=\"1568\" \/>\n\t<meta property=\"og:image:height\" content=\"1046\" \/>\n\t<meta property=\"og:image:type\" content=\"image\/jpeg\" \/>\n<meta name=\"author\" content=\"Ventanas Prodeco\" \/>\n<meta name=\"twitter:card\" content=\"summary_large_image\" \/>\n<meta name=\"twitter:creator\" content=\"@VentanasProdeco\" \/>\n<meta name=\"twitter:site\" content=\"@VentanasProdeco\" \/>\n<meta name=\"twitter:label1\" content=\"Escrito por\" \/>\n\t<meta name=\"twitter:data1\" content=\"Ventanas Prodeco\" \/>\n\t<meta name=\"twitter:label2\" content=\"Tiempo de lectura\" \/>\n\t<meta name=\"twitter:data2\" content=\"2 minutos\" \/>\n<script type=\"application\/ld+json\" class=\"yoast-schema-graph\">{\"@context\":\"https:\\\/\\\/schema.org\",\"@graph\":[{\"@type\":\"Article\",\"@id\":\"https:\\\/\\\/www.ventanasprodeco.com\\\/noticias\\\/ventanas-molduras-elegantes\\\/#article\",\"isPartOf\":{\"@id\":\"https:\\\/\\\/www.ventanasprodeco.com\\\/noticias\\\/ventanas-molduras-elegantes\\\/\"},\"author\":{\"name\":\"Ventanas Prodeco\",\"@id\":\"https:\\\/\\\/www.ventanasprodeco.com\\\/noticias\\\/#\\\/schema\\\/person\\\/e2913647ff79c129e55984ab50faf21a\"},\"headline\":\"Embellece tus Ventanas con Molduras Elegantes\",\"datePublished\":\"2024-02-23T10:00:34+00:00\",\"dateModified\":\"2024-02-23T10:05:47+00:00\",\"mainEntityOfPage\":{\"@id\":\"https:\\\/\\\/www.ventanasprodeco.com\\\/noticias\\\/ventanas-molduras-elegantes\\\/\"},\"wordCount\":397,\"publisher\":{\"@id\":\"https:\\\/\\\/www.ventanasprodeco.com\\\/noticias\\\/#organization\"},\"image\":{\"@id\":\"https:\\\/\\\/www.ventanasprodeco.com\\\/noticias\\\/ventanas-molduras-elegantes\\\/#primaryimage\"},\"thumbnailUrl\":\"https:\\\/\\\/www.ventanasprodeco.com\\\/noticias\\\/wp-content\\\/uploads\\\/2024\\\/02\\\/molduras-ventanas-prodeco.jpg\",\"keywords\":[\"Molduras Ventanas\",\"Ventanas\",\"Ventanas Ac\u00fasticas\",\"Ventanas Calidad\",\"Ventanas Correderas\",\"Ventanas Elegantes\",\"Ventanas Prodeco\",\"Ventanas Seguridad\",\"Ventanas T\u00e9rmicas\"],\"articleSection\":[\"Noticias\"],\"inLanguage\":\"es\"},{\"@type\":\"WebPage\",\"@id\":\"https:\\\/\\\/www.ventanasprodeco.com\\\/noticias\\\/ventanas-molduras-elegantes\\\/\",\"url\":\"https:\\\/\\\/www.ventanasprodeco.com\\\/noticias\\\/ventanas-molduras-elegantes\\\/\",\"name\":\"Embellece tus Ventanas con Molduras Elegantes - Ventanas Prodeco\",\"isPartOf\":{\"@id\":\"https:\\\/\\\/www.ventanasprodeco.com\\\/noticias\\\/#website\"},\"primaryImageOfPage\":{\"@id\":\"https:\\\/\\\/www.ventanasprodeco.com\\\/noticias\\\/ventanas-molduras-elegantes\\\/#primaryimage\"},\"image\":{\"@id\":\"https:\\\/\\\/www.ventanasprodeco.com\\\/noticias\\\/ventanas-molduras-elegantes\\\/#primaryimage\"},\"thumbnailUrl\":\"https:\\\/\\\/www.ventanasprodeco.com\\\/noticias\\\/wp-content\\\/uploads\\\/2024\\\/02\\\/molduras-ventanas-prodeco.jpg\",\"datePublished\":\"2024-02-23T10:00:34+00:00\",\"dateModified\":\"2024-02-23T10:05:47+00:00\",\"description\":\"Las molduras de ventanas son un elemento de dise\u00f1o que puede marcar una gran diferencia en la apariencia y el estilo de tus ventanas.\",\"breadcrumb\":{\"@id\":\"https:\\\/\\\/www.ventanasprodeco.com\\\/noticias\\\/ventanas-molduras-elegantes\\\/#breadcrumb\"},\"inLanguage\":\"es\",\"potentialAction\":[{\"@type\":\"ReadAction\",\"target\":[\"https:\\\/\\\/www.ventanasprodeco.com\\\/noticias\\\/ventanas-molduras-elegantes\\\/\"]}]},{\"@type\":\"ImageObject\",\"inLanguage\":\"es\",\"@id\":\"https:\\\/\\\/www.ventanasprodeco.com\\\/noticias\\\/ventanas-molduras-elegantes\\\/#primaryimage\",\"url\":\"https:\\\/\\\/www.ventanasprodeco.com\\\/noticias\\\/wp-content\\\/uploads\\\/2024\\\/02\\\/molduras-ventanas-prodeco.jpg\",\"contentUrl\":\"https:\\\/\\\/www.ventanasprodeco.com\\\/noticias\\\/wp-content\\\/uploads\\\/2024\\\/02\\\/molduras-ventanas-prodeco.jpg\",\"width\":1568,\"height\":1046},{\"@type\":\"BreadcrumbList\",\"@id\":\"https:\\\/\\\/www.ventanasprodeco.com\\\/noticias\\\/ventanas-molduras-elegantes\\\/#breadcrumb\",\"itemListElement\":[{\"@type\":\"ListItem\",\"position\":1,\"name\":\"Portada\",\"item\":\"https:\\\/\\\/www.ventanasprodeco.com\\\/noticias\\\/\"},{\"@type\":\"ListItem\",\"position\":2,\"name\":\"Embellece tus Ventanas con Molduras Elegantes\"}]},{\"@type\":\"WebSite\",\"@id\":\"https:\\\/\\\/www.ventanasprodeco.com\\\/noticias\\\/#website\",\"url\":\"https:\\\/\\\/www.ventanasprodeco.com\\\/noticias\\\/\",\"name\":\"VentanasProdeco.com\",\"description\":\"Especialistas en Ventanas\",\"publisher\":{\"@id\":\"https:\\\/\\\/www.ventanasprodeco.com\\\/noticias\\\/#organization\"},\"potentialAction\":[{\"@type\":\"SearchAction\",\"target\":{\"@type\":\"EntryPoint\",\"urlTemplate\":\"https:\\\/\\\/www.ventanasprodeco.com\\\/noticias\\\/?s={search_term_string}\"},\"query-input\":{\"@type\":\"PropertyValueSpecification\",\"valueRequired\":true,\"valueName\":\"search_term_string\"}}],\"inLanguage\":\"es\"},{\"@type\":\"Organization\",\"@id\":\"https:\\\/\\\/www.ventanasprodeco.com\\\/noticias\\\/#organization\",\"name\":\"Ventanas Prodeco\",\"url\":\"https:\\\/\\\/www.ventanasprodeco.com\\\/noticias\\\/\",\"logo\":{\"@type\":\"ImageObject\",\"inLanguage\":\"es\",\"@id\":\"https:\\\/\\\/www.ventanasprodeco.com\\\/noticias\\\/#\\\/schema\\\/logo\\\/image\\\/\",\"url\":\"https:\\\/\\\/www.ventanasprodeco.com\\\/noticias\\\/wp-content\\\/uploads\\\/2023\\\/06\\\/cropped-logo.png\",\"contentUrl\":\"https:\\\/\\\/www.ventanasprodeco.com\\\/noticias\\\/wp-content\\\/uploads\\\/2023\\\/06\\\/cropped-logo.png\",\"width\":300,\"height\":65,\"caption\":\"Ventanas Prodeco\"},\"image\":{\"@id\":\"https:\\\/\\\/www.ventanasprodeco.com\\\/noticias\\\/#\\\/schema\\\/logo\\\/image\\\/\"},\"sameAs\":[\"https:\\\/\\\/www.facebook.com\\\/VentanasProdeco\",\"https:\\\/\\\/x.com\\\/VentanasProdeco\",\"https:\\\/\\\/www.tiktok.com\\\/@VentanasProdeco\",\"https:\\\/\\\/www.youtube.com\\\/@VentanasProdeco\"]},{\"@type\":\"Person\",\"@id\":\"https:\\\/\\\/www.ventanasprodeco.com\\\/noticias\\\/#\\\/schema\\\/person\\\/e2913647ff79c129e55984ab50faf21a\",\"name\":\"Ventanas Prodeco\",\"image\":{\"@type\":\"ImageObject\",\"inLanguage\":\"es\",\"@id\":\"https:\\\/\\\/secure.gravatar.com\\\/avatar\\\/c5f8fa291da6699f0d04718e30fdb7ff9fa47d2ae84c79a8f68922349513ce31?s=96&d=mm&r=g\",\"url\":\"https:\\\/\\\/secure.gravatar.com\\\/avatar\\\/c5f8fa291da6699f0d04718e30fdb7ff9fa47d2ae84c79a8f68922349513ce31?s=96&d=mm&r=g\",\"contentUrl\":\"https:\\\/\\\/secure.gravatar.com\\\/avatar\\\/c5f8fa291da6699f0d04718e30fdb7ff9fa47d2ae84c79a8f68922349513ce31?s=96&d=mm&r=g\",\"caption\":\"Ventanas Prodeco\"},\"sameAs\":[\"http:\\\/\\\/ventanasprodeco.com\\\/noticias\"],\"url\":\"https:\\\/\\\/www.ventanasprodeco.com\\\/noticias\\\/author\\\/admin\\\/\"}]}<\/script>\n<!-- \/ Yoast SEO plugin. -->","yoast_head_json":{"title":"Embellece tus Ventanas con Molduras Elegantes - Ventanas Prodeco","description":"Las molduras de ventanas son un elemento de dise\u00f1o que puede marcar una gran diferencia en la apariencia y el estilo de tus ventanas.","robots":{"index":"index","follow":"follow","max-snippet":"max-snippet:-1","max-image-preview":"max-image-preview:large","max-video-preview":"max-video-preview:-1"},"canonical":"https:\/\/www.ventanasprodeco.com\/noticias\/ventanas-molduras-elegantes\/","og_locale":"es_ES","og_type":"article","og_title":"Embellece tus Ventanas con Molduras Elegantes - Ventanas Prodeco","og_description":"Las molduras de ventanas son un elemento de dise\u00f1o que puede marcar una gran diferencia en la apariencia y el estilo de tus ventanas.","og_url":"https:\/\/www.ventanasprodeco.com\/noticias\/ventanas-molduras-elegantes\/","og_site_name":"Ventanas Prodeco","article_publisher":"https:\/\/www.facebook.com\/VentanasProdeco","article_published_time":"2024-02-23T10:00:34+00:00","article_modified_time":"2024-02-23T10:05:47+00:00","og_image":[{"width":1568,"height":1046,"url":"https:\/\/www.ventanasprodeco.com\/noticias\/wp-content\/uploads\/2024\/02\/molduras-ventanas-prodeco.jpg","type":"image\/jpeg"}],"author":"Ventanas Prodeco","twitter_card":"summary_large_image","twitter_creator":"@VentanasProdeco","twitter_site":"@VentanasProdeco","twitter_misc":{"Escrito por":"Ventanas Prodeco","Tiempo de lectura":"2 minutos"},"schema":{"@context":"https:\/\/schema.org","@graph":[{"@type":"Article","@id":"https:\/\/www.ventanasprodeco.com\/noticias\/ventanas-molduras-elegantes\/#article","isPartOf":{"@id":"https:\/\/www.ventanasprodeco.com\/noticias\/ventanas-molduras-elegantes\/"},"author":{"name":"Ventanas Prodeco","@id":"https:\/\/www.ventanasprodeco.com\/noticias\/#\/schema\/person\/e2913647ff79c129e55984ab50faf21a"},"headline":"Embellece tus Ventanas con Molduras Elegantes","datePublished":"2024-02-23T10:00:34+00:00","dateModified":"2024-02-23T10:05:47+00:00","mainEntityOfPage":{"@id":"https:\/\/www.ventanasprodeco.com\/noticias\/ventanas-molduras-elegantes\/"},"wordCount":397,"publisher":{"@id":"https:\/\/www.ventanasprodeco.com\/noticias\/#organization"},"image":{"@id":"https:\/\/www.ventanasprodeco.com\/noticias\/ventanas-molduras-elegantes\/#primaryimage"},"thumbnailUrl":"https:\/\/www.ventanasprodeco.com\/noticias\/wp-content\/uploads\/2024\/02\/molduras-ventanas-prodeco.jpg","keywords":["Molduras Ventanas","Ventanas","Ventanas Ac\u00fasticas","Ventanas Calidad","Ventanas Correderas","Ventanas Elegantes","Ventanas Prodeco","Ventanas Seguridad","Ventanas T\u00e9rmicas"],"articleSection":["Noticias"],"inLanguage":"es"},{"@type":"WebPage","@id":"https:\/\/www.ventanasprodeco.com\/noticias\/ventanas-molduras-elegantes\/","url":"https:\/\/www.ventanasprodeco.com\/noticias\/ventanas-molduras-elegantes\/","name":"Embellece tus Ventanas con Molduras Elegantes - Ventanas Prodeco","isPartOf":{"@id":"https:\/\/www.ventanasprodeco.com\/noticias\/#website"},"primaryImageOfPage":{"@id":"https:\/\/www.ventanasprodeco.com\/noticias\/ventanas-molduras-elegantes\/#primaryimage"},"image":{"@id":"https:\/\/www.ventanasprodeco.com\/noticias\/ventanas-molduras-elegantes\/#primaryimage"},"thumbnailUrl":"https:\/\/www.ventanasprodeco.com\/noticias\/wp-content\/uploads\/2024\/02\/molduras-ventanas-prodeco.jpg","datePublished":"2024-02-23T10:00:34+00:00","dateModified":"2024-02-23T10:05:47+00:00","description":"Las molduras de ventanas son un elemento de dise\u00f1o que puede marcar una gran diferencia en la apariencia y el estilo de tus ventanas.","breadcrumb":{"@id":"https:\/\/www.ventanasprodeco.com\/noticias\/ventanas-molduras-elegantes\/#breadcrumb"},"inLanguage":"es","potentialAction":[{"@type":"ReadAction","target":["https:\/\/www.ventanasprodeco.com\/noticias\/ventanas-molduras-elegantes\/"]}]},{"@type":"ImageObject","inLanguage":"es","@id":"https:\/\/www.ventanasprodeco.com\/noticias\/ventanas-molduras-elegantes\/#primaryimage","url":"https:\/\/www.ventanasprodeco.com\/noticias\/wp-content\/uploads\/2024\/02\/molduras-ventanas-prodeco.jpg","contentUrl":"https:\/\/www.ventanasprodeco.com\/noticias\/wp-content\/uploads\/2024\/02\/molduras-ventanas-prodeco.jpg","width":1568,"height":1046},{"@type":"BreadcrumbList","@id":"https:\/\/www.ventanasprodeco.com\/noticias\/ventanas-molduras-elegantes\/#breadcrumb","itemListElement":[{"@type":"ListItem","position":1,"name":"Portada","item":"https:\/\/www.ventanasprodeco.com\/noticias\/"},{"@type":"ListItem","position":2,"name":"Embellece tus Ventanas con Molduras Elegantes"}]},{"@type":"WebSite","@id":"https:\/\/www.ventanasprodeco.com\/noticias\/#website","url":"https:\/\/www.ventanasprodeco.com\/noticias\/","name":"VentanasProdeco.com","description":"Especialistas en Ventanas","publisher":{"@id":"https:\/\/www.ventanasprodeco.com\/noticias\/#organization"},"potentialAction":[{"@type":"SearchAction","target":{"@type":"EntryPoint","urlTemplate":"https:\/\/www.ventanasprodeco.com\/noticias\/?s={search_term_string}"},"query-input":{"@type":"PropertyValueSpecification","valueRequired":true,"valueName":"search_term_string"}}],"inLanguage":"es"},{"@type":"Organization","@id":"https:\/\/www.ventanasprodeco.com\/noticias\/#organization","name":"Ventanas Prodeco","url":"https:\/\/www.ventanasprodeco.com\/noticias\/","logo":{"@type":"ImageObject","inLanguage":"es","@id":"https:\/\/www.ventanasprodeco.com\/noticias\/#\/schema\/logo\/image\/","url":"https:\/\/www.ventanasprodeco.com\/noticias\/wp-content\/uploads\/2023\/06\/cropped-logo.png","contentUrl":"https:\/\/www.ventanasprodeco.com\/noticias\/wp-content\/uploads\/2023\/06\/cropped-logo.png","width":300,"height":65,"caption":"Ventanas Prodeco"},"image":{"@id":"https:\/\/www.ventanasprodeco.com\/noticias\/#\/schema\/logo\/image\/"},"sameAs":["https:\/\/www.facebook.com\/VentanasProdeco","https:\/\/x.com\/VentanasProdeco","https:\/\/www.tiktok.com\/@VentanasProdeco","https:\/\/www.youtube.com\/@VentanasProdeco"]},{"@type":"Person","@id":"https:\/\/www.ventanasprodeco.com\/noticias\/#\/schema\/person\/e2913647ff79c129e55984ab50faf21a","name":"Ventanas Prodeco","image":{"@type":"ImageObject","inLanguage":"es","@id":"https:\/\/secure.gravatar.com\/avatar\/c5f8fa291da6699f0d04718e30fdb7ff9fa47d2ae84c79a8f68922349513ce31?s=96&d=mm&r=g","url":"https:\/\/secure.gravatar.com\/avatar\/c5f8fa291da6699f0d04718e30fdb7ff9fa47d2ae84c79a8f68922349513ce31?s=96&d=mm&r=g","contentUrl":"https:\/\/secure.gravatar.com\/avatar\/c5f8fa291da6699f0d04718e30fdb7ff9fa47d2ae84c79a8f68922349513ce31?s=96&d=mm&r=g","caption":"Ventanas Prodeco"},"sameAs":["http:\/\/ventanasprodeco.com\/noticias"],"url":"https:\/\/www.ventanasprodeco.com\/noticias\/author\/admin\/"}]}},"_links":{"self":[{"href":"https:\/\/www.ventanasprodeco.com\/noticias\/wp-json\/wp\/v2\/posts\/416","targetHints":{"allow":["GET"]}}],"collection":[{"href":"https:\/\/www.ventanasprodeco.com\/noticias\/wp-json\/wp\/v2\/posts"}],"about":[{"href":"https:\/\/www.ventanasprodeco.com\/noticias\/wp-json\/wp\/v2\/types\/post"}],"author":[{"embeddable":true,"href":"https:\/\/www.ventanasprodeco.com\/noticias\/wp-json\/wp\/v2\/users\/1"}],"replies":[{"embeddable":true,"href":"https:\/\/www.ventanasprodeco.com\/noticias\/wp-json\/wp\/v2\/comments?post=416"}],"version-history":[{"count":0,"href":"https:\/\/www.ventanasprodeco.com\/noticias\/wp-json\/wp\/v2\/posts\/416\/revisions"}],"wp:featuredmedia":[{"embeddable":true,"href":"https:\/\/www.ventanasprodeco.com\/noticias\/wp-json\/wp\/v2\/media\/418"}],"wp:attachment":[{"href":"https:\/\/www.ventanasprodeco.com\/noticias\/wp-json\/wp\/v2\/media?parent=416"}],"wp:term":[{"taxonomy":"category","embeddable":true,"href":"https:\/\/www.ventanasprodeco.com\/noticias\/wp-json\/wp\/v2\/categories?post=416"},{"taxonomy":"post_tag","embeddable":true,"href":"https:\/\/www.ventanasprodeco.com\/noticias\/wp-json\/wp\/v2\/tags?post=416"}],"curies":[{"name":"wp","href":"https:\/\/api.w.org\/{rel}","templated":true}]}}