{"id":412,"date":"2024-02-20T11:04:32","date_gmt":"2024-02-20T11:04:32","guid":{"rendered":"https:\/\/www.ventanasprodeco.com\/noticias\/?p=412"},"modified":"2024-02-20T11:09:46","modified_gmt":"2024-02-20T11:09:46","slug":"ventanas-de-guillotina","status":"publish","type":"post","link":"https:\/\/www.ventanasprodeco.com\/noticias\/ventanas-de-guillotina\/","title":{"rendered":"\u00bfConoces las Ventanas de Guillotina?"},"content":{"rendered":"<p>Las <strong>ventanas de guillotina<\/strong> han sido una opci\u00f3n popular en el dise\u00f1o arquitect\u00f3nico durante siglos, gracias a su combinaci\u00f3n \u00fanica de elegancia cl\u00e1sica y funcionalidad moderna. En este art\u00edculo, exploraremos las caracter\u00edsticas y ventajas de estas ventanas ic\u00f3nicas, y por qu\u00e9 son una elecci\u00f3n inteligente para cualquier hogar.<\/p>\n<h2>Estilo y Tradici\u00f3n<\/h2>\n<p>Las <strong>ventanas de guillotina<\/strong> se destacan por su dise\u00f1o cl\u00e1sico y atemporal, que aporta un toque de elegancia y sofisticaci\u00f3n a cualquier espacio. Su estilo tradicional se remonta a la \u00e9poca victoriana, pero a\u00fan hoy en d\u00eda se consideran una opci\u00f3n de dise\u00f1o moderno y chic.<\/p>\n<h2>Funcionalidad Vers\u00e1til<\/h2>\n<p>Una de las caracter\u00edsticas m\u00e1s destacadas de las ventanas de guillotina es su funcionalidad vers\u00e1til. Estas ventanas se abren desliz\u00e1ndose hacia arriba y hacia abajo en ranuras verticales, lo que permite controlar la cantidad de aire y luz que ingresa a la habitaci\u00f3n. Esta caracter\u00edstica las hace ideales para espacios donde el espacio exterior es limitado, como aceras estrechas o jardines peque\u00f1os.<\/p>\n<h2>Eficiencia Energ\u00e9tica<\/h2>\n<p>Adem\u00e1s de su atractivo est\u00e9tico, las <strong>ventanas de guillotina<\/strong> tambi\u00e9n ofrecen beneficios en t\u00e9rminos de eficiencia energ\u00e9tica. Cuando est\u00e1n cerradas correctamente, crean un sello herm\u00e9tico que ayuda a evitar la p\u00e9rdida de calor en invierno y el ingreso de aire caliente en verano, lo que puede ayudar a reducir los costos de energ\u00eda y hacer que tu hogar sea m\u00e1s c\u00f3modo durante todo el a\u00f1o.<\/p>\n<h2>Mantenimiento Sencillo<\/h2>\n<p>A diferencia de otras opciones de ventanas m\u00e1s complicadas, las <strong>ventanas de guillotina<\/strong> son f\u00e1ciles de mantener y limpiar. Su dise\u00f1o simple y sin complicaciones permite acceder f\u00e1cilmente a ambos lados del cristal desde el interior de la casa, lo que facilita la limpieza y el mantenimiento regular.<\/p>\n<h2>Personalizaci\u00f3n y Estilo<\/h2>\n<p>Con una amplia variedad de opciones de materiales, colores y acabados disponibles, las <strong>ventanas de guillotina<\/strong> ofrecen una excelente oportunidad para personalizar y mejorar el aspecto de tu hogar. Ya sea que prefieras un estilo cl\u00e1sico y tradicional o un enfoque m\u00e1s moderno y contempor\u00e1neo, encontrar\u00e1s opciones que se adapten a tus gustos y necesidades espec\u00edficas.<\/p>\n<hr>\n<p>Las <strong>ventanas de guillotina<\/strong> son mucho m\u00e1s que una simple caracter\u00edstica arquitect\u00f3nica: son una declaraci\u00f3n de estilo y una soluci\u00f3n funcional para cualquier hogar. Con su combinaci\u00f3n de elegancia cl\u00e1sica, funcionalidad vers\u00e1til y eficiencia energ\u00e9tica, estas ventanas ic\u00f3nicas son una opci\u00f3n inteligente para quienes buscan mejorar la apariencia y el rendimiento de su hogar.<\/p>\n<p>Descubre c\u00f3mo las ventanas de guillotina pueden transformar tu hogar con <a href=\"\/\" title=\"Ventanas Prodeco - Empresa de Ventanas\">Ventanas Prodeco<\/a>. Contacta con nosotros hoy mismo para obtener m\u00e1s informaci\u00f3n.<\/p>\n","protected":false},"excerpt":{"rendered":"<p>Las ventanas de guillotina han sido una opci\u00f3n popular en el dise\u00f1o arquitect\u00f3nico durante siglos, gracias a su combinaci\u00f3n \u00fanica de elegancia cl\u00e1sica y funcionalidad moderna. En este art\u00edculo, exploraremos las caracter\u00edsticas y ventajas de estas ventanas ic\u00f3nicas, y por qu\u00e9 son una elecci\u00f3n inteligente para cualquier hogar. Estilo y Tradici\u00f3n Las ventanas de guillotina&hellip; <a class=\"more-link\" href=\"https:\/\/www.ventanasprodeco.com\/noticias\/ventanas-de-guillotina\/\">Seguir leyendo <span class=\"screen-reader-text\">\u00bfConoces las Ventanas de Guillotina?<\/span><\/a><\/p>\n","protected":false},"author":1,"featured_media":415,"comment_status":"closed","ping_status":"open","sticky":false,"template":"","format":"standard","meta":{"footnotes":""},"categories":[1],"tags":[6,8,10,13,43,14,9,15],"class_list":["post-412","post","type-post","status-publish","format-standard","has-post-thumbnail","hentry","category-noticias","tag-ventanas","tag-ventanas-acusticas","tag-ventanas-calidad","tag-ventanas-elegantes","tag-ventanas-guillotina","tag-ventanas-modernas","tag-ventanas-prodeco","tag-ventanas-seguridad","entry"],"yoast_head":"<!-- This site is optimized with the Yoast SEO plugin v27.4 - https:\/\/yoast.com\/product\/yoast-seo-wordpress\/ -->\n<title>\u00bfConoces las Ventanas de Guillotina? - Ventanas Prodeco<\/title>\n<meta name=\"robots\" content=\"index, follow, max-snippet:-1, max-image-preview:large, max-video-preview:-1\" \/>\n<link rel=\"canonical\" href=\"https:\/\/www.ventanasprodeco.com\/noticias\/ventanas-de-guillotina\/\" \/>\n<meta property=\"og:locale\" content=\"es_ES\" \/>\n<meta property=\"og:type\" content=\"article\" \/>\n<meta property=\"og:title\" content=\"\u00bfConoces las Ventanas de Guillotina? - Ventanas Prodeco\" \/>\n<meta property=\"og:description\" content=\"Las ventanas de guillotina han sido una opci\u00f3n popular en el dise\u00f1o arquitect\u00f3nico durante siglos, gracias a su combinaci\u00f3n \u00fanica de elegancia cl\u00e1sica y funcionalidad moderna. En este art\u00edculo, exploraremos las caracter\u00edsticas y ventajas de estas ventanas ic\u00f3nicas, y por qu\u00e9 son una elecci\u00f3n inteligente para cualquier hogar. Estilo y Tradici\u00f3n Las ventanas de guillotina&hellip; Seguir leyendo \u00bfConoces las Ventanas de Guillotina?\" \/>\n<meta property=\"og:url\" content=\"https:\/\/www.ventanasprodeco.com\/noticias\/ventanas-de-guillotina\/\" \/>\n<meta property=\"og:site_name\" content=\"Ventanas Prodeco\" \/>\n<meta property=\"article:publisher\" content=\"https:\/\/www.facebook.com\/VentanasProdeco\" \/>\n<meta property=\"article:published_time\" content=\"2024-02-20T11:04:32+00:00\" \/>\n<meta property=\"article:modified_time\" content=\"2024-02-20T11:09:46+00:00\" \/>\n<meta property=\"og:image\" content=\"https:\/\/www.ventanasprodeco.com\/noticias\/wp-content\/uploads\/2024\/02\/ventanas-guillotina.jpg\" \/>\n\t<meta property=\"og:image:width\" content=\"1568\" \/>\n\t<meta property=\"og:image:height\" content=\"1046\" \/>\n\t<meta property=\"og:image:type\" content=\"image\/jpeg\" \/>\n<meta name=\"author\" content=\"Ventanas Prodeco\" \/>\n<meta name=\"twitter:card\" content=\"summary_large_image\" \/>\n<meta name=\"twitter:creator\" content=\"@VentanasProdeco\" \/>\n<meta name=\"twitter:site\" content=\"@VentanasProdeco\" \/>\n<meta name=\"twitter:label1\" content=\"Escrito por\" \/>\n\t<meta name=\"twitter:data1\" content=\"Ventanas Prodeco\" \/>\n\t<meta name=\"twitter:label2\" content=\"Tiempo de lectura\" \/>\n\t<meta name=\"twitter:data2\" content=\"2 minutos\" \/>\n<script type=\"application\/ld+json\" class=\"yoast-schema-graph\">{\"@context\":\"https:\\\/\\\/schema.org\",\"@graph\":[{\"@type\":\"Article\",\"@id\":\"https:\\\/\\\/www.ventanasprodeco.com\\\/noticias\\\/ventanas-de-guillotina\\\/#article\",\"isPartOf\":{\"@id\":\"https:\\\/\\\/www.ventanasprodeco.com\\\/noticias\\\/ventanas-de-guillotina\\\/\"},\"author\":{\"name\":\"Ventanas Prodeco\",\"@id\":\"https:\\\/\\\/www.ventanasprodeco.com\\\/noticias\\\/#\\\/schema\\\/person\\\/e2913647ff79c129e55984ab50faf21a\"},\"headline\":\"\u00bfConoces las Ventanas de Guillotina?\",\"datePublished\":\"2024-02-20T11:04:32+00:00\",\"dateModified\":\"2024-02-20T11:09:46+00:00\",\"mainEntityOfPage\":{\"@id\":\"https:\\\/\\\/www.ventanasprodeco.com\\\/noticias\\\/ventanas-de-guillotina\\\/\"},\"wordCount\":480,\"publisher\":{\"@id\":\"https:\\\/\\\/www.ventanasprodeco.com\\\/noticias\\\/#organization\"},\"image\":{\"@id\":\"https:\\\/\\\/www.ventanasprodeco.com\\\/noticias\\\/ventanas-de-guillotina\\\/#primaryimage\"},\"thumbnailUrl\":\"https:\\\/\\\/www.ventanasprodeco.com\\\/noticias\\\/wp-content\\\/uploads\\\/2024\\\/02\\\/ventanas-guillotina.jpg\",\"keywords\":[\"Ventanas\",\"Ventanas Ac\u00fasticas\",\"Ventanas Calidad\",\"Ventanas Elegantes\",\"Ventanas Guillotina\",\"Ventanas Modernas\",\"Ventanas Prodeco\",\"Ventanas Seguridad\"],\"articleSection\":[\"Noticias\"],\"inLanguage\":\"es\"},{\"@type\":\"WebPage\",\"@id\":\"https:\\\/\\\/www.ventanasprodeco.com\\\/noticias\\\/ventanas-de-guillotina\\\/\",\"url\":\"https:\\\/\\\/www.ventanasprodeco.com\\\/noticias\\\/ventanas-de-guillotina\\\/\",\"name\":\"\u00bfConoces las Ventanas de Guillotina? - Ventanas Prodeco\",\"isPartOf\":{\"@id\":\"https:\\\/\\\/www.ventanasprodeco.com\\\/noticias\\\/#website\"},\"primaryImageOfPage\":{\"@id\":\"https:\\\/\\\/www.ventanasprodeco.com\\\/noticias\\\/ventanas-de-guillotina\\\/#primaryimage\"},\"image\":{\"@id\":\"https:\\\/\\\/www.ventanasprodeco.com\\\/noticias\\\/ventanas-de-guillotina\\\/#primaryimage\"},\"thumbnailUrl\":\"https:\\\/\\\/www.ventanasprodeco.com\\\/noticias\\\/wp-content\\\/uploads\\\/2024\\\/02\\\/ventanas-guillotina.jpg\",\"datePublished\":\"2024-02-20T11:04:32+00:00\",\"dateModified\":\"2024-02-20T11:09:46+00:00\",\"breadcrumb\":{\"@id\":\"https:\\\/\\\/www.ventanasprodeco.com\\\/noticias\\\/ventanas-de-guillotina\\\/#breadcrumb\"},\"inLanguage\":\"es\",\"potentialAction\":[{\"@type\":\"ReadAction\",\"target\":[\"https:\\\/\\\/www.ventanasprodeco.com\\\/noticias\\\/ventanas-de-guillotina\\\/\"]}]},{\"@type\":\"ImageObject\",\"inLanguage\":\"es\",\"@id\":\"https:\\\/\\\/www.ventanasprodeco.com\\\/noticias\\\/ventanas-de-guillotina\\\/#primaryimage\",\"url\":\"https:\\\/\\\/www.ventanasprodeco.com\\\/noticias\\\/wp-content\\\/uploads\\\/2024\\\/02\\\/ventanas-guillotina.jpg\",\"contentUrl\":\"https:\\\/\\\/www.ventanasprodeco.com\\\/noticias\\\/wp-content\\\/uploads\\\/2024\\\/02\\\/ventanas-guillotina.jpg\",\"width\":1568,\"height\":1046},{\"@type\":\"BreadcrumbList\",\"@id\":\"https:\\\/\\\/www.ventanasprodeco.com\\\/noticias\\\/ventanas-de-guillotina\\\/#breadcrumb\",\"itemListElement\":[{\"@type\":\"ListItem\",\"position\":1,\"name\":\"Portada\",\"item\":\"https:\\\/\\\/www.ventanasprodeco.com\\\/noticias\\\/\"},{\"@type\":\"ListItem\",\"position\":2,\"name\":\"\u00bfConoces las Ventanas de Guillotina?\"}]},{\"@type\":\"WebSite\",\"@id\":\"https:\\\/\\\/www.ventanasprodeco.com\\\/noticias\\\/#website\",\"url\":\"https:\\\/\\\/www.ventanasprodeco.com\\\/noticias\\\/\",\"name\":\"VentanasProdeco.com\",\"description\":\"Especialistas en Ventanas\",\"publisher\":{\"@id\":\"https:\\\/\\\/www.ventanasprodeco.com\\\/noticias\\\/#organization\"},\"potentialAction\":[{\"@type\":\"SearchAction\",\"target\":{\"@type\":\"EntryPoint\",\"urlTemplate\":\"https:\\\/\\\/www.ventanasprodeco.com\\\/noticias\\\/?s={search_term_string}\"},\"query-input\":{\"@type\":\"PropertyValueSpecification\",\"valueRequired\":true,\"valueName\":\"search_term_string\"}}],\"inLanguage\":\"es\"},{\"@type\":\"Organization\",\"@id\":\"https:\\\/\\\/www.ventanasprodeco.com\\\/noticias\\\/#organization\",\"name\":\"Ventanas Prodeco\",\"url\":\"https:\\\/\\\/www.ventanasprodeco.com\\\/noticias\\\/\",\"logo\":{\"@type\":\"ImageObject\",\"inLanguage\":\"es\",\"@id\":\"https:\\\/\\\/www.ventanasprodeco.com\\\/noticias\\\/#\\\/schema\\\/logo\\\/image\\\/\",\"url\":\"https:\\\/\\\/www.ventanasprodeco.com\\\/noticias\\\/wp-content\\\/uploads\\\/2023\\\/06\\\/cropped-logo.png\",\"contentUrl\":\"https:\\\/\\\/www.ventanasprodeco.com\\\/noticias\\\/wp-content\\\/uploads\\\/2023\\\/06\\\/cropped-logo.png\",\"width\":300,\"height\":65,\"caption\":\"Ventanas Prodeco\"},\"image\":{\"@id\":\"https:\\\/\\\/www.ventanasprodeco.com\\\/noticias\\\/#\\\/schema\\\/logo\\\/image\\\/\"},\"sameAs\":[\"https:\\\/\\\/www.facebook.com\\\/VentanasProdeco\",\"https:\\\/\\\/x.com\\\/VentanasProdeco\",\"https:\\\/\\\/www.tiktok.com\\\/@VentanasProdeco\",\"https:\\\/\\\/www.youtube.com\\\/@VentanasProdeco\"]},{\"@type\":\"Person\",\"@id\":\"https:\\\/\\\/www.ventanasprodeco.com\\\/noticias\\\/#\\\/schema\\\/person\\\/e2913647ff79c129e55984ab50faf21a\",\"name\":\"Ventanas Prodeco\",\"image\":{\"@type\":\"ImageObject\",\"inLanguage\":\"es\",\"@id\":\"https:\\\/\\\/secure.gravatar.com\\\/avatar\\\/c5f8fa291da6699f0d04718e30fdb7ff9fa47d2ae84c79a8f68922349513ce31?s=96&d=mm&r=g\",\"url\":\"https:\\\/\\\/secure.gravatar.com\\\/avatar\\\/c5f8fa291da6699f0d04718e30fdb7ff9fa47d2ae84c79a8f68922349513ce31?s=96&d=mm&r=g\",\"contentUrl\":\"https:\\\/\\\/secure.gravatar.com\\\/avatar\\\/c5f8fa291da6699f0d04718e30fdb7ff9fa47d2ae84c79a8f68922349513ce31?s=96&d=mm&r=g\",\"caption\":\"Ventanas Prodeco\"},\"sameAs\":[\"http:\\\/\\\/ventanasprodeco.com\\\/noticias\"],\"url\":\"https:\\\/\\\/www.ventanasprodeco.com\\\/noticias\\\/author\\\/admin\\\/\"}]}<\/script>\n<!-- \/ Yoast SEO plugin. -->","yoast_head_json":{"title":"\u00bfConoces las Ventanas de Guillotina? - Ventanas Prodeco","robots":{"index":"index","follow":"follow","max-snippet":"max-snippet:-1","max-image-preview":"max-image-preview:large","max-video-preview":"max-video-preview:-1"},"canonical":"https:\/\/www.ventanasprodeco.com\/noticias\/ventanas-de-guillotina\/","og_locale":"es_ES","og_type":"article","og_title":"\u00bfConoces las Ventanas de Guillotina? - Ventanas Prodeco","og_description":"Las ventanas de guillotina han sido una opci\u00f3n popular en el dise\u00f1o arquitect\u00f3nico durante siglos, gracias a su combinaci\u00f3n \u00fanica de elegancia cl\u00e1sica y funcionalidad moderna. En este art\u00edculo, exploraremos las caracter\u00edsticas y ventajas de estas ventanas ic\u00f3nicas, y por qu\u00e9 son una elecci\u00f3n inteligente para cualquier hogar. Estilo y Tradici\u00f3n Las ventanas de guillotina&hellip; Seguir leyendo \u00bfConoces las Ventanas de Guillotina?","og_url":"https:\/\/www.ventanasprodeco.com\/noticias\/ventanas-de-guillotina\/","og_site_name":"Ventanas Prodeco","article_publisher":"https:\/\/www.facebook.com\/VentanasProdeco","article_published_time":"2024-02-20T11:04:32+00:00","article_modified_time":"2024-02-20T11:09:46+00:00","og_image":[{"width":1568,"height":1046,"url":"https:\/\/www.ventanasprodeco.com\/noticias\/wp-content\/uploads\/2024\/02\/ventanas-guillotina.jpg","type":"image\/jpeg"}],"author":"Ventanas Prodeco","twitter_card":"summary_large_image","twitter_creator":"@VentanasProdeco","twitter_site":"@VentanasProdeco","twitter_misc":{"Escrito por":"Ventanas Prodeco","Tiempo de lectura":"2 minutos"},"schema":{"@context":"https:\/\/schema.org","@graph":[{"@type":"Article","@id":"https:\/\/www.ventanasprodeco.com\/noticias\/ventanas-de-guillotina\/#article","isPartOf":{"@id":"https:\/\/www.ventanasprodeco.com\/noticias\/ventanas-de-guillotina\/"},"author":{"name":"Ventanas Prodeco","@id":"https:\/\/www.ventanasprodeco.com\/noticias\/#\/schema\/person\/e2913647ff79c129e55984ab50faf21a"},"headline":"\u00bfConoces las Ventanas de Guillotina?","datePublished":"2024-02-20T11:04:32+00:00","dateModified":"2024-02-20T11:09:46+00:00","mainEntityOfPage":{"@id":"https:\/\/www.ventanasprodeco.com\/noticias\/ventanas-de-guillotina\/"},"wordCount":480,"publisher":{"@id":"https:\/\/www.ventanasprodeco.com\/noticias\/#organization"},"image":{"@id":"https:\/\/www.ventanasprodeco.com\/noticias\/ventanas-de-guillotina\/#primaryimage"},"thumbnailUrl":"https:\/\/www.ventanasprodeco.com\/noticias\/wp-content\/uploads\/2024\/02\/ventanas-guillotina.jpg","keywords":["Ventanas","Ventanas Ac\u00fasticas","Ventanas Calidad","Ventanas Elegantes","Ventanas Guillotina","Ventanas Modernas","Ventanas Prodeco","Ventanas Seguridad"],"articleSection":["Noticias"],"inLanguage":"es"},{"@type":"WebPage","@id":"https:\/\/www.ventanasprodeco.com\/noticias\/ventanas-de-guillotina\/","url":"https:\/\/www.ventanasprodeco.com\/noticias\/ventanas-de-guillotina\/","name":"\u00bfConoces las Ventanas de Guillotina? - Ventanas Prodeco","isPartOf":{"@id":"https:\/\/www.ventanasprodeco.com\/noticias\/#website"},"primaryImageOfPage":{"@id":"https:\/\/www.ventanasprodeco.com\/noticias\/ventanas-de-guillotina\/#primaryimage"},"image":{"@id":"https:\/\/www.ventanasprodeco.com\/noticias\/ventanas-de-guillotina\/#primaryimage"},"thumbnailUrl":"https:\/\/www.ventanasprodeco.com\/noticias\/wp-content\/uploads\/2024\/02\/ventanas-guillotina.jpg","datePublished":"2024-02-20T11:04:32+00:00","dateModified":"2024-02-20T11:09:46+00:00","breadcrumb":{"@id":"https:\/\/www.ventanasprodeco.com\/noticias\/ventanas-de-guillotina\/#breadcrumb"},"inLanguage":"es","potentialAction":[{"@type":"ReadAction","target":["https:\/\/www.ventanasprodeco.com\/noticias\/ventanas-de-guillotina\/"]}]},{"@type":"ImageObject","inLanguage":"es","@id":"https:\/\/www.ventanasprodeco.com\/noticias\/ventanas-de-guillotina\/#primaryimage","url":"https:\/\/www.ventanasprodeco.com\/noticias\/wp-content\/uploads\/2024\/02\/ventanas-guillotina.jpg","contentUrl":"https:\/\/www.ventanasprodeco.com\/noticias\/wp-content\/uploads\/2024\/02\/ventanas-guillotina.jpg","width":1568,"height":1046},{"@type":"BreadcrumbList","@id":"https:\/\/www.ventanasprodeco.com\/noticias\/ventanas-de-guillotina\/#breadcrumb","itemListElement":[{"@type":"ListItem","position":1,"name":"Portada","item":"https:\/\/www.ventanasprodeco.com\/noticias\/"},{"@type":"ListItem","position":2,"name":"\u00bfConoces las Ventanas de Guillotina?"}]},{"@type":"WebSite","@id":"https:\/\/www.ventanasprodeco.com\/noticias\/#website","url":"https:\/\/www.ventanasprodeco.com\/noticias\/","name":"VentanasProdeco.com","description":"Especialistas en Ventanas","publisher":{"@id":"https:\/\/www.ventanasprodeco.com\/noticias\/#organization"},"potentialAction":[{"@type":"SearchAction","target":{"@type":"EntryPoint","urlTemplate":"https:\/\/www.ventanasprodeco.com\/noticias\/?s={search_term_string}"},"query-input":{"@type":"PropertyValueSpecification","valueRequired":true,"valueName":"search_term_string"}}],"inLanguage":"es"},{"@type":"Organization","@id":"https:\/\/www.ventanasprodeco.com\/noticias\/#organization","name":"Ventanas Prodeco","url":"https:\/\/www.ventanasprodeco.com\/noticias\/","logo":{"@type":"ImageObject","inLanguage":"es","@id":"https:\/\/www.ventanasprodeco.com\/noticias\/#\/schema\/logo\/image\/","url":"https:\/\/www.ventanasprodeco.com\/noticias\/wp-content\/uploads\/2023\/06\/cropped-logo.png","contentUrl":"https:\/\/www.ventanasprodeco.com\/noticias\/wp-content\/uploads\/2023\/06\/cropped-logo.png","width":300,"height":65,"caption":"Ventanas Prodeco"},"image":{"@id":"https:\/\/www.ventanasprodeco.com\/noticias\/#\/schema\/logo\/image\/"},"sameAs":["https:\/\/www.facebook.com\/VentanasProdeco","https:\/\/x.com\/VentanasProdeco","https:\/\/www.tiktok.com\/@VentanasProdeco","https:\/\/www.youtube.com\/@VentanasProdeco"]},{"@type":"Person","@id":"https:\/\/www.ventanasprodeco.com\/noticias\/#\/schema\/person\/e2913647ff79c129e55984ab50faf21a","name":"Ventanas Prodeco","image":{"@type":"ImageObject","inLanguage":"es","@id":"https:\/\/secure.gravatar.com\/avatar\/c5f8fa291da6699f0d04718e30fdb7ff9fa47d2ae84c79a8f68922349513ce31?s=96&d=mm&r=g","url":"https:\/\/secure.gravatar.com\/avatar\/c5f8fa291da6699f0d04718e30fdb7ff9fa47d2ae84c79a8f68922349513ce31?s=96&d=mm&r=g","contentUrl":"https:\/\/secure.gravatar.com\/avatar\/c5f8fa291da6699f0d04718e30fdb7ff9fa47d2ae84c79a8f68922349513ce31?s=96&d=mm&r=g","caption":"Ventanas Prodeco"},"sameAs":["http:\/\/ventanasprodeco.com\/noticias"],"url":"https:\/\/www.ventanasprodeco.com\/noticias\/author\/admin\/"}]}},"_links":{"self":[{"href":"https:\/\/www.ventanasprodeco.com\/noticias\/wp-json\/wp\/v2\/posts\/412","targetHints":{"allow":["GET"]}}],"collection":[{"href":"https:\/\/www.ventanasprodeco.com\/noticias\/wp-json\/wp\/v2\/posts"}],"about":[{"href":"https:\/\/www.ventanasprodeco.com\/noticias\/wp-json\/wp\/v2\/types\/post"}],"author":[{"embeddable":true,"href":"https:\/\/www.ventanasprodeco.com\/noticias\/wp-json\/wp\/v2\/users\/1"}],"replies":[{"embeddable":true,"href":"https:\/\/www.ventanasprodeco.com\/noticias\/wp-json\/wp\/v2\/comments?post=412"}],"version-history":[{"count":0,"href":"https:\/\/www.ventanasprodeco.com\/noticias\/wp-json\/wp\/v2\/posts\/412\/revisions"}],"wp:featuredmedia":[{"embeddable":true,"href":"https:\/\/www.ventanasprodeco.com\/noticias\/wp-json\/wp\/v2\/media\/415"}],"wp:attachment":[{"href":"https:\/\/www.ventanasprodeco.com\/noticias\/wp-json\/wp\/v2\/media?parent=412"}],"wp:term":[{"taxonomy":"category","embeddable":true,"href":"https:\/\/www.ventanasprodeco.com\/noticias\/wp-json\/wp\/v2\/categories?post=412"},{"taxonomy":"post_tag","embeddable":true,"href":"https:\/\/www.ventanasprodeco.com\/noticias\/wp-json\/wp\/v2\/tags?post=412"}],"curies":[{"name":"wp","href":"https:\/\/api.w.org\/{rel}","templated":true}]}}