{"id":366,"date":"2024-01-19T06:12:05","date_gmt":"2024-01-19T06:12:05","guid":{"rendered":"https:\/\/www.ventanasprodeco.com\/noticias\/?p=366"},"modified":"2024-01-19T06:16:46","modified_gmt":"2024-01-19T06:16:46","slug":"como-elegir-ventanas-eficientes","status":"publish","type":"post","link":"https:\/\/www.ventanasprodeco.com\/noticias\/como-elegir-ventanas-eficientes\/","title":{"rendered":"C\u00f3mo Elegir Ventanas Eficientes para tu Hogar"},"content":{"rendered":"<p>Elegir <strong>ventanas eficientes<\/strong> no solo mejora la est\u00e9tica de tu hogar, sino que tambi\u00e9n contribuye significativamente a la eficiencia energ\u00e9tica y al confort interior. En <a href=\"\/\" title=\"Empresa de Ventanas Madrid\">Ventanas Prodeco<\/a> os damos algunos puntos clave a considerar al seleccionar ventanas eficientes.<\/p>\n<h2>Tipo de Vidrio<\/h2>\n<p>Opta por ventanas con doble o incluso triple acristalamiento. Esto proporciona una capa adicional de aislamiento, reduciendo la p\u00e9rdida de calor en invierno y el ingreso de calor en verano.<\/p>\n<h2>Ventanas con Aislamiento T\u00e9rmico<\/h2>\n<p>Elige <strong>ventanas con aislamiento t\u00e9rmico<\/strong>, como marcos de PVC o materiales compuestos. Estos materiales reducen la transferencia de calor a trav\u00e9s de las ventanas, manteniendo la temperatura interior m\u00e1s estable.<\/p>\n<h2>Etiquetas de Eficiencia Energ\u00e9tica<\/h2>\n<p>Consulta las etiquetas de eficiencia energ\u00e9tica. En muchos lugares, las ventanas se clasifican seg\u00fan su eficiencia. Busca aquellas con calificaciones m\u00e1s altas para garantizar un mejor rendimiento.<\/p>\n<h2>Tecnolog\u00eda Low-E<\/h2>\n<p>Considera <strong>ventanas con tecnolog\u00eda de baja emisividad (Low-E)<\/strong>. Esta capa delgada en el vidrio minimiza la p\u00e9rdida de calor en invierno y reduce el ingreso de calor en verano, mejorando la eficiencia energ\u00e9tica durante todo el a\u00f1o.<\/p>\n<h2>Apertura y Cierre Eficientes<\/h2>\n<p>Aseg\u00farate de que las ventanas se abran y cierren eficientemente. Un buen sellado y mecanismos de cierre adecuados contribuyen a un mejor control del flujo de aire y la temperatura.<\/p>\n<h2>Resistencia a Condiciones Clim\u00e1ticas<\/h2>\n<p>Si vives en una zona con condiciones clim\u00e1ticas adversas, elige ventanas resistentes y duraderas que puedan soportar vientos fuertes, lluvias intensas y cambios de temperatura.<\/p>\n<h2>Dise\u00f1o Est\u00e9tico<\/h2>\n<p>Adem\u00e1s de la eficiencia, considera el dise\u00f1o est\u00e9tico que complementar\u00e1 la arquitectura de tu hogar. <strong>Ventanas eficientes<\/strong> vienen en una variedad de estilos y acabados para adaptarse a tus preferencias.<\/p>\n<h2>Garant\u00edas y Servicio Postventa<\/h2>\n<p>Verifica las garant\u00edas ofrecidas por el fabricante y la disponibilidad de servicio postventa. Esto garantiza que est\u00e1s invirtiendo en ventanas respaldadas por la calidad y la atenci\u00f3n al cliente.<\/p>\n<hr>\n<p>Al tener en cuenta estos aspectos al elegir tus ventanas con <strong>Ventanas Prodeco<\/strong>, estar\u00e1s asegurando un hogar eficiente, confortable y est\u00e9ticamente agradable. \u00a1Haz que cada elecci\u00f3n cuente en la creaci\u00f3n de tu espacio ideal!<\/p>\n","protected":false},"excerpt":{"rendered":"<p>Elegir ventanas eficientes no solo mejora la est\u00e9tica de tu hogar, sino que tambi\u00e9n contribuye significativamente a la eficiencia energ\u00e9tica y al confort interior. En Ventanas Prodeco os damos algunos puntos clave a considerar al seleccionar ventanas eficientes. Tipo de Vidrio Opta por ventanas con doble o incluso triple acristalamiento. Esto proporciona una capa adicional&hellip; <a class=\"more-link\" href=\"https:\/\/www.ventanasprodeco.com\/noticias\/como-elegir-ventanas-eficientes\/\">Seguir leyendo <span class=\"screen-reader-text\">C\u00f3mo Elegir Ventanas Eficientes para tu Hogar<\/span><\/a><\/p>\n","protected":false},"author":1,"featured_media":368,"comment_status":"closed","ping_status":"open","sticky":false,"template":"","format":"standard","meta":{"footnotes":""},"categories":[1],"tags":[6,8,10,13,14,9,15,7],"class_list":["post-366","post","type-post","status-publish","format-standard","has-post-thumbnail","hentry","category-noticias","tag-ventanas","tag-ventanas-acusticas","tag-ventanas-calidad","tag-ventanas-elegantes","tag-ventanas-modernas","tag-ventanas-prodeco","tag-ventanas-seguridad","tag-ventanas-termicas","entry"],"yoast_head":"<!-- This site is optimized with the Yoast SEO plugin v27.4 - https:\/\/yoast.com\/product\/yoast-seo-wordpress\/ -->\n<title>C\u00f3mo Elegir Ventanas Eficientes para tu Hogar - Ventanas Prodeco<\/title>\n<meta name=\"description\" content=\"Elegir ventanas eficientes no solo mejora la est\u00e9tica de tu hogar, sino que tambi\u00e9n contribuye a la eficiencia energ\u00e9tica y confort interior.\" \/>\n<meta name=\"robots\" content=\"index, follow, max-snippet:-1, max-image-preview:large, max-video-preview:-1\" \/>\n<link rel=\"canonical\" href=\"https:\/\/www.ventanasprodeco.com\/noticias\/como-elegir-ventanas-eficientes\/\" \/>\n<meta property=\"og:locale\" content=\"es_ES\" \/>\n<meta property=\"og:type\" content=\"article\" \/>\n<meta property=\"og:title\" content=\"C\u00f3mo Elegir Ventanas Eficientes para tu Hogar - Ventanas Prodeco\" \/>\n<meta property=\"og:description\" content=\"Elegir ventanas eficientes no solo mejora la est\u00e9tica de tu hogar, sino que tambi\u00e9n contribuye a la eficiencia energ\u00e9tica y confort interior.\" \/>\n<meta property=\"og:url\" content=\"https:\/\/www.ventanasprodeco.com\/noticias\/como-elegir-ventanas-eficientes\/\" \/>\n<meta property=\"og:site_name\" content=\"Ventanas Prodeco\" \/>\n<meta property=\"article:publisher\" content=\"https:\/\/www.facebook.com\/VentanasProdeco\" \/>\n<meta property=\"article:published_time\" content=\"2024-01-19T06:12:05+00:00\" \/>\n<meta property=\"article:modified_time\" content=\"2024-01-19T06:16:46+00:00\" \/>\n<meta property=\"og:image\" content=\"https:\/\/www.ventanasprodeco.com\/noticias\/wp-content\/uploads\/2024\/01\/ventanas-eficientes-prodeco.jpg\" \/>\n\t<meta property=\"og:image:width\" content=\"1568\" \/>\n\t<meta property=\"og:image:height\" content=\"1046\" \/>\n\t<meta property=\"og:image:type\" content=\"image\/jpeg\" \/>\n<meta name=\"author\" content=\"Ventanas Prodeco\" \/>\n<meta name=\"twitter:card\" content=\"summary_large_image\" \/>\n<meta name=\"twitter:creator\" content=\"@VentanasProdeco\" \/>\n<meta name=\"twitter:site\" content=\"@VentanasProdeco\" \/>\n<meta name=\"twitter:label1\" content=\"Escrito por\" \/>\n\t<meta name=\"twitter:data1\" content=\"Ventanas Prodeco\" \/>\n\t<meta name=\"twitter:label2\" content=\"Tiempo de lectura\" \/>\n\t<meta name=\"twitter:data2\" content=\"2 minutos\" \/>\n<script type=\"application\/ld+json\" class=\"yoast-schema-graph\">{\"@context\":\"https:\\\/\\\/schema.org\",\"@graph\":[{\"@type\":\"Article\",\"@id\":\"https:\\\/\\\/www.ventanasprodeco.com\\\/noticias\\\/como-elegir-ventanas-eficientes\\\/#article\",\"isPartOf\":{\"@id\":\"https:\\\/\\\/www.ventanasprodeco.com\\\/noticias\\\/como-elegir-ventanas-eficientes\\\/\"},\"author\":{\"name\":\"Ventanas Prodeco\",\"@id\":\"https:\\\/\\\/www.ventanasprodeco.com\\\/noticias\\\/#\\\/schema\\\/person\\\/e2913647ff79c129e55984ab50faf21a\"},\"headline\":\"C\u00f3mo Elegir Ventanas Eficientes para tu Hogar\",\"datePublished\":\"2024-01-19T06:12:05+00:00\",\"dateModified\":\"2024-01-19T06:16:46+00:00\",\"mainEntityOfPage\":{\"@id\":\"https:\\\/\\\/www.ventanasprodeco.com\\\/noticias\\\/como-elegir-ventanas-eficientes\\\/\"},\"wordCount\":378,\"publisher\":{\"@id\":\"https:\\\/\\\/www.ventanasprodeco.com\\\/noticias\\\/#organization\"},\"image\":{\"@id\":\"https:\\\/\\\/www.ventanasprodeco.com\\\/noticias\\\/como-elegir-ventanas-eficientes\\\/#primaryimage\"},\"thumbnailUrl\":\"https:\\\/\\\/www.ventanasprodeco.com\\\/noticias\\\/wp-content\\\/uploads\\\/2024\\\/01\\\/ventanas-eficientes-prodeco.jpg\",\"keywords\":[\"Ventanas\",\"Ventanas Ac\u00fasticas\",\"Ventanas Calidad\",\"Ventanas Elegantes\",\"Ventanas Modernas\",\"Ventanas Prodeco\",\"Ventanas Seguridad\",\"Ventanas T\u00e9rmicas\"],\"articleSection\":[\"Noticias\"],\"inLanguage\":\"es\"},{\"@type\":\"WebPage\",\"@id\":\"https:\\\/\\\/www.ventanasprodeco.com\\\/noticias\\\/como-elegir-ventanas-eficientes\\\/\",\"url\":\"https:\\\/\\\/www.ventanasprodeco.com\\\/noticias\\\/como-elegir-ventanas-eficientes\\\/\",\"name\":\"C\u00f3mo Elegir Ventanas Eficientes para tu Hogar - Ventanas Prodeco\",\"isPartOf\":{\"@id\":\"https:\\\/\\\/www.ventanasprodeco.com\\\/noticias\\\/#website\"},\"primaryImageOfPage\":{\"@id\":\"https:\\\/\\\/www.ventanasprodeco.com\\\/noticias\\\/como-elegir-ventanas-eficientes\\\/#primaryimage\"},\"image\":{\"@id\":\"https:\\\/\\\/www.ventanasprodeco.com\\\/noticias\\\/como-elegir-ventanas-eficientes\\\/#primaryimage\"},\"thumbnailUrl\":\"https:\\\/\\\/www.ventanasprodeco.com\\\/noticias\\\/wp-content\\\/uploads\\\/2024\\\/01\\\/ventanas-eficientes-prodeco.jpg\",\"datePublished\":\"2024-01-19T06:12:05+00:00\",\"dateModified\":\"2024-01-19T06:16:46+00:00\",\"description\":\"Elegir ventanas eficientes no solo mejora la est\u00e9tica de tu hogar, sino que tambi\u00e9n contribuye a la eficiencia energ\u00e9tica y confort interior.\",\"breadcrumb\":{\"@id\":\"https:\\\/\\\/www.ventanasprodeco.com\\\/noticias\\\/como-elegir-ventanas-eficientes\\\/#breadcrumb\"},\"inLanguage\":\"es\",\"potentialAction\":[{\"@type\":\"ReadAction\",\"target\":[\"https:\\\/\\\/www.ventanasprodeco.com\\\/noticias\\\/como-elegir-ventanas-eficientes\\\/\"]}]},{\"@type\":\"ImageObject\",\"inLanguage\":\"es\",\"@id\":\"https:\\\/\\\/www.ventanasprodeco.com\\\/noticias\\\/como-elegir-ventanas-eficientes\\\/#primaryimage\",\"url\":\"https:\\\/\\\/www.ventanasprodeco.com\\\/noticias\\\/wp-content\\\/uploads\\\/2024\\\/01\\\/ventanas-eficientes-prodeco.jpg\",\"contentUrl\":\"https:\\\/\\\/www.ventanasprodeco.com\\\/noticias\\\/wp-content\\\/uploads\\\/2024\\\/01\\\/ventanas-eficientes-prodeco.jpg\",\"width\":1568,\"height\":1046},{\"@type\":\"BreadcrumbList\",\"@id\":\"https:\\\/\\\/www.ventanasprodeco.com\\\/noticias\\\/como-elegir-ventanas-eficientes\\\/#breadcrumb\",\"itemListElement\":[{\"@type\":\"ListItem\",\"position\":1,\"name\":\"Portada\",\"item\":\"https:\\\/\\\/www.ventanasprodeco.com\\\/noticias\\\/\"},{\"@type\":\"ListItem\",\"position\":2,\"name\":\"C\u00f3mo Elegir Ventanas Eficientes para tu Hogar\"}]},{\"@type\":\"WebSite\",\"@id\":\"https:\\\/\\\/www.ventanasprodeco.com\\\/noticias\\\/#website\",\"url\":\"https:\\\/\\\/www.ventanasprodeco.com\\\/noticias\\\/\",\"name\":\"VentanasProdeco.com\",\"description\":\"Especialistas en Ventanas\",\"publisher\":{\"@id\":\"https:\\\/\\\/www.ventanasprodeco.com\\\/noticias\\\/#organization\"},\"potentialAction\":[{\"@type\":\"SearchAction\",\"target\":{\"@type\":\"EntryPoint\",\"urlTemplate\":\"https:\\\/\\\/www.ventanasprodeco.com\\\/noticias\\\/?s={search_term_string}\"},\"query-input\":{\"@type\":\"PropertyValueSpecification\",\"valueRequired\":true,\"valueName\":\"search_term_string\"}}],\"inLanguage\":\"es\"},{\"@type\":\"Organization\",\"@id\":\"https:\\\/\\\/www.ventanasprodeco.com\\\/noticias\\\/#organization\",\"name\":\"Ventanas Prodeco\",\"url\":\"https:\\\/\\\/www.ventanasprodeco.com\\\/noticias\\\/\",\"logo\":{\"@type\":\"ImageObject\",\"inLanguage\":\"es\",\"@id\":\"https:\\\/\\\/www.ventanasprodeco.com\\\/noticias\\\/#\\\/schema\\\/logo\\\/image\\\/\",\"url\":\"https:\\\/\\\/www.ventanasprodeco.com\\\/noticias\\\/wp-content\\\/uploads\\\/2023\\\/06\\\/cropped-logo.png\",\"contentUrl\":\"https:\\\/\\\/www.ventanasprodeco.com\\\/noticias\\\/wp-content\\\/uploads\\\/2023\\\/06\\\/cropped-logo.png\",\"width\":300,\"height\":65,\"caption\":\"Ventanas Prodeco\"},\"image\":{\"@id\":\"https:\\\/\\\/www.ventanasprodeco.com\\\/noticias\\\/#\\\/schema\\\/logo\\\/image\\\/\"},\"sameAs\":[\"https:\\\/\\\/www.facebook.com\\\/VentanasProdeco\",\"https:\\\/\\\/x.com\\\/VentanasProdeco\",\"https:\\\/\\\/www.tiktok.com\\\/@VentanasProdeco\",\"https:\\\/\\\/www.youtube.com\\\/@VentanasProdeco\"]},{\"@type\":\"Person\",\"@id\":\"https:\\\/\\\/www.ventanasprodeco.com\\\/noticias\\\/#\\\/schema\\\/person\\\/e2913647ff79c129e55984ab50faf21a\",\"name\":\"Ventanas Prodeco\",\"image\":{\"@type\":\"ImageObject\",\"inLanguage\":\"es\",\"@id\":\"https:\\\/\\\/secure.gravatar.com\\\/avatar\\\/c5f8fa291da6699f0d04718e30fdb7ff9fa47d2ae84c79a8f68922349513ce31?s=96&d=mm&r=g\",\"url\":\"https:\\\/\\\/secure.gravatar.com\\\/avatar\\\/c5f8fa291da6699f0d04718e30fdb7ff9fa47d2ae84c79a8f68922349513ce31?s=96&d=mm&r=g\",\"contentUrl\":\"https:\\\/\\\/secure.gravatar.com\\\/avatar\\\/c5f8fa291da6699f0d04718e30fdb7ff9fa47d2ae84c79a8f68922349513ce31?s=96&d=mm&r=g\",\"caption\":\"Ventanas Prodeco\"},\"sameAs\":[\"http:\\\/\\\/ventanasprodeco.com\\\/noticias\"],\"url\":\"https:\\\/\\\/www.ventanasprodeco.com\\\/noticias\\\/author\\\/admin\\\/\"}]}<\/script>\n<!-- \/ Yoast SEO plugin. -->","yoast_head_json":{"title":"C\u00f3mo Elegir Ventanas Eficientes para tu Hogar - Ventanas Prodeco","description":"Elegir ventanas eficientes no solo mejora la est\u00e9tica de tu hogar, sino que tambi\u00e9n contribuye a la eficiencia energ\u00e9tica y confort interior.","robots":{"index":"index","follow":"follow","max-snippet":"max-snippet:-1","max-image-preview":"max-image-preview:large","max-video-preview":"max-video-preview:-1"},"canonical":"https:\/\/www.ventanasprodeco.com\/noticias\/como-elegir-ventanas-eficientes\/","og_locale":"es_ES","og_type":"article","og_title":"C\u00f3mo Elegir Ventanas Eficientes para tu Hogar - Ventanas Prodeco","og_description":"Elegir ventanas eficientes no solo mejora la est\u00e9tica de tu hogar, sino que tambi\u00e9n contribuye a la eficiencia energ\u00e9tica y confort interior.","og_url":"https:\/\/www.ventanasprodeco.com\/noticias\/como-elegir-ventanas-eficientes\/","og_site_name":"Ventanas Prodeco","article_publisher":"https:\/\/www.facebook.com\/VentanasProdeco","article_published_time":"2024-01-19T06:12:05+00:00","article_modified_time":"2024-01-19T06:16:46+00:00","og_image":[{"width":1568,"height":1046,"url":"https:\/\/www.ventanasprodeco.com\/noticias\/wp-content\/uploads\/2024\/01\/ventanas-eficientes-prodeco.jpg","type":"image\/jpeg"}],"author":"Ventanas Prodeco","twitter_card":"summary_large_image","twitter_creator":"@VentanasProdeco","twitter_site":"@VentanasProdeco","twitter_misc":{"Escrito por":"Ventanas Prodeco","Tiempo de lectura":"2 minutos"},"schema":{"@context":"https:\/\/schema.org","@graph":[{"@type":"Article","@id":"https:\/\/www.ventanasprodeco.com\/noticias\/como-elegir-ventanas-eficientes\/#article","isPartOf":{"@id":"https:\/\/www.ventanasprodeco.com\/noticias\/como-elegir-ventanas-eficientes\/"},"author":{"name":"Ventanas Prodeco","@id":"https:\/\/www.ventanasprodeco.com\/noticias\/#\/schema\/person\/e2913647ff79c129e55984ab50faf21a"},"headline":"C\u00f3mo Elegir Ventanas Eficientes para tu Hogar","datePublished":"2024-01-19T06:12:05+00:00","dateModified":"2024-01-19T06:16:46+00:00","mainEntityOfPage":{"@id":"https:\/\/www.ventanasprodeco.com\/noticias\/como-elegir-ventanas-eficientes\/"},"wordCount":378,"publisher":{"@id":"https:\/\/www.ventanasprodeco.com\/noticias\/#organization"},"image":{"@id":"https:\/\/www.ventanasprodeco.com\/noticias\/como-elegir-ventanas-eficientes\/#primaryimage"},"thumbnailUrl":"https:\/\/www.ventanasprodeco.com\/noticias\/wp-content\/uploads\/2024\/01\/ventanas-eficientes-prodeco.jpg","keywords":["Ventanas","Ventanas Ac\u00fasticas","Ventanas Calidad","Ventanas Elegantes","Ventanas Modernas","Ventanas Prodeco","Ventanas Seguridad","Ventanas T\u00e9rmicas"],"articleSection":["Noticias"],"inLanguage":"es"},{"@type":"WebPage","@id":"https:\/\/www.ventanasprodeco.com\/noticias\/como-elegir-ventanas-eficientes\/","url":"https:\/\/www.ventanasprodeco.com\/noticias\/como-elegir-ventanas-eficientes\/","name":"C\u00f3mo Elegir Ventanas Eficientes para tu Hogar - Ventanas Prodeco","isPartOf":{"@id":"https:\/\/www.ventanasprodeco.com\/noticias\/#website"},"primaryImageOfPage":{"@id":"https:\/\/www.ventanasprodeco.com\/noticias\/como-elegir-ventanas-eficientes\/#primaryimage"},"image":{"@id":"https:\/\/www.ventanasprodeco.com\/noticias\/como-elegir-ventanas-eficientes\/#primaryimage"},"thumbnailUrl":"https:\/\/www.ventanasprodeco.com\/noticias\/wp-content\/uploads\/2024\/01\/ventanas-eficientes-prodeco.jpg","datePublished":"2024-01-19T06:12:05+00:00","dateModified":"2024-01-19T06:16:46+00:00","description":"Elegir ventanas eficientes no solo mejora la est\u00e9tica de tu hogar, sino que tambi\u00e9n contribuye a la eficiencia energ\u00e9tica y confort interior.","breadcrumb":{"@id":"https:\/\/www.ventanasprodeco.com\/noticias\/como-elegir-ventanas-eficientes\/#breadcrumb"},"inLanguage":"es","potentialAction":[{"@type":"ReadAction","target":["https:\/\/www.ventanasprodeco.com\/noticias\/como-elegir-ventanas-eficientes\/"]}]},{"@type":"ImageObject","inLanguage":"es","@id":"https:\/\/www.ventanasprodeco.com\/noticias\/como-elegir-ventanas-eficientes\/#primaryimage","url":"https:\/\/www.ventanasprodeco.com\/noticias\/wp-content\/uploads\/2024\/01\/ventanas-eficientes-prodeco.jpg","contentUrl":"https:\/\/www.ventanasprodeco.com\/noticias\/wp-content\/uploads\/2024\/01\/ventanas-eficientes-prodeco.jpg","width":1568,"height":1046},{"@type":"BreadcrumbList","@id":"https:\/\/www.ventanasprodeco.com\/noticias\/como-elegir-ventanas-eficientes\/#breadcrumb","itemListElement":[{"@type":"ListItem","position":1,"name":"Portada","item":"https:\/\/www.ventanasprodeco.com\/noticias\/"},{"@type":"ListItem","position":2,"name":"C\u00f3mo Elegir Ventanas Eficientes para tu Hogar"}]},{"@type":"WebSite","@id":"https:\/\/www.ventanasprodeco.com\/noticias\/#website","url":"https:\/\/www.ventanasprodeco.com\/noticias\/","name":"VentanasProdeco.com","description":"Especialistas en Ventanas","publisher":{"@id":"https:\/\/www.ventanasprodeco.com\/noticias\/#organization"},"potentialAction":[{"@type":"SearchAction","target":{"@type":"EntryPoint","urlTemplate":"https:\/\/www.ventanasprodeco.com\/noticias\/?s={search_term_string}"},"query-input":{"@type":"PropertyValueSpecification","valueRequired":true,"valueName":"search_term_string"}}],"inLanguage":"es"},{"@type":"Organization","@id":"https:\/\/www.ventanasprodeco.com\/noticias\/#organization","name":"Ventanas Prodeco","url":"https:\/\/www.ventanasprodeco.com\/noticias\/","logo":{"@type":"ImageObject","inLanguage":"es","@id":"https:\/\/www.ventanasprodeco.com\/noticias\/#\/schema\/logo\/image\/","url":"https:\/\/www.ventanasprodeco.com\/noticias\/wp-content\/uploads\/2023\/06\/cropped-logo.png","contentUrl":"https:\/\/www.ventanasprodeco.com\/noticias\/wp-content\/uploads\/2023\/06\/cropped-logo.png","width":300,"height":65,"caption":"Ventanas Prodeco"},"image":{"@id":"https:\/\/www.ventanasprodeco.com\/noticias\/#\/schema\/logo\/image\/"},"sameAs":["https:\/\/www.facebook.com\/VentanasProdeco","https:\/\/x.com\/VentanasProdeco","https:\/\/www.tiktok.com\/@VentanasProdeco","https:\/\/www.youtube.com\/@VentanasProdeco"]},{"@type":"Person","@id":"https:\/\/www.ventanasprodeco.com\/noticias\/#\/schema\/person\/e2913647ff79c129e55984ab50faf21a","name":"Ventanas Prodeco","image":{"@type":"ImageObject","inLanguage":"es","@id":"https:\/\/secure.gravatar.com\/avatar\/c5f8fa291da6699f0d04718e30fdb7ff9fa47d2ae84c79a8f68922349513ce31?s=96&d=mm&r=g","url":"https:\/\/secure.gravatar.com\/avatar\/c5f8fa291da6699f0d04718e30fdb7ff9fa47d2ae84c79a8f68922349513ce31?s=96&d=mm&r=g","contentUrl":"https:\/\/secure.gravatar.com\/avatar\/c5f8fa291da6699f0d04718e30fdb7ff9fa47d2ae84c79a8f68922349513ce31?s=96&d=mm&r=g","caption":"Ventanas Prodeco"},"sameAs":["http:\/\/ventanasprodeco.com\/noticias"],"url":"https:\/\/www.ventanasprodeco.com\/noticias\/author\/admin\/"}]}},"_links":{"self":[{"href":"https:\/\/www.ventanasprodeco.com\/noticias\/wp-json\/wp\/v2\/posts\/366","targetHints":{"allow":["GET"]}}],"collection":[{"href":"https:\/\/www.ventanasprodeco.com\/noticias\/wp-json\/wp\/v2\/posts"}],"about":[{"href":"https:\/\/www.ventanasprodeco.com\/noticias\/wp-json\/wp\/v2\/types\/post"}],"author":[{"embeddable":true,"href":"https:\/\/www.ventanasprodeco.com\/noticias\/wp-json\/wp\/v2\/users\/1"}],"replies":[{"embeddable":true,"href":"https:\/\/www.ventanasprodeco.com\/noticias\/wp-json\/wp\/v2\/comments?post=366"}],"version-history":[{"count":0,"href":"https:\/\/www.ventanasprodeco.com\/noticias\/wp-json\/wp\/v2\/posts\/366\/revisions"}],"wp:featuredmedia":[{"embeddable":true,"href":"https:\/\/www.ventanasprodeco.com\/noticias\/wp-json\/wp\/v2\/media\/368"}],"wp:attachment":[{"href":"https:\/\/www.ventanasprodeco.com\/noticias\/wp-json\/wp\/v2\/media?parent=366"}],"wp:term":[{"taxonomy":"category","embeddable":true,"href":"https:\/\/www.ventanasprodeco.com\/noticias\/wp-json\/wp\/v2\/categories?post=366"},{"taxonomy":"post_tag","embeddable":true,"href":"https:\/\/www.ventanasprodeco.com\/noticias\/wp-json\/wp\/v2\/tags?post=366"}],"curies":[{"name":"wp","href":"https:\/\/api.w.org\/{rel}","templated":true}]}}