{"id":308,"date":"2023-12-07T18:24:14","date_gmt":"2023-12-07T18:24:14","guid":{"rendered":"https:\/\/ventanasprodeco.com\/noticias\/?p=308"},"modified":"2023-12-07T18:32:05","modified_gmt":"2023-12-07T18:32:05","slug":"ventanas-calidad-ahorran-calefaccion","status":"publish","type":"post","link":"https:\/\/www.ventanasprodeco.com\/noticias\/ventanas-calidad-ahorran-calefaccion\/","title":{"rendered":"Descubre c\u00f3mo unas Ventanas de Calidad Ahorran en Calefacci\u00f3n"},"content":{"rendered":"<p>En la b\u00fasqueda constante de soluciones que no solo mejoren el confort del hogar sino que tambi\u00e9n alivien la carga financiera, la elecci\u00f3n de <strong>ventanas de calidad Prodeco<\/strong> emerge como una estrategia inteligente para reducir costos de calefacci\u00f3n y mejorar la eficiencia energ\u00e9tica.<\/p>\n<h2>Aislamiento T\u00e9rmico Avanzado<\/h2>\n<p>Las <strong>ventanas de calidad<\/strong> est\u00e1n dise\u00f1adas con materiales y tecnolog\u00edas que ofrecen un aislamiento t\u00e9rmico superior. Este factor es clave para mantener una temperatura constante en el interior, reduciendo la p\u00e9rdida de calor y minimizando la necesidad de utilizar la calefacci\u00f3n de manera constante.<\/p>\n<h2>Reducci\u00f3n de Filtraciones de Aire<\/h2>\n<p>Las ventanas de calidad, instaladas de manera profesional, cierran herm\u00e9ticamente, evitando filtraciones de aire no deseado. Este sellado eficaz no solo optimiza la eficiencia del sistema de calefacci\u00f3n, sino que tambi\u00e9n crea un ambiente m\u00e1s c\u00f3modo y uniforme en el hogar.<\/p>\n<h2>Control de la Condensaci\u00f3n<\/h2>\n<p>Las ventanas de baja calidad pueden propiciar la condensaci\u00f3n, generando humedad en el interior. Este exceso de humedad puede afectar la eficiencia del sistema de calefacci\u00f3n y, adem\u00e1s, contribuir a problemas de salud y deterioro de la vivienda. Las ventanas de calidad ayudan a controlar la condensaci\u00f3n, manteniendo un ambiente m\u00e1s seco y saludable.<\/p>\n<h2>Ventanas con Doble o Triple Vidrio<\/h2>\n<p>Las <strong>ventanas de calidad<\/strong> a menudo cuentan con opciones de doble o triple vidrio, que proporcionan una capa adicional de aislamiento. Este dise\u00f1o reduce la transferencia de calor entre el interior y el exterior, creando un entorno m\u00e1s eficiente y confortable.<\/p>\n<h2>Inversi\u00f3n a Largo Plazo<\/h2>\n<p>Aunque las <strong>ventanas de calidad<\/strong> pueden representar una inversi\u00f3n inicial m\u00e1s alta, esta se traduce en ahorros significativos a lo largo del tiempo. La eficiencia energ\u00e9tica mejorada conduce a facturas de calefacci\u00f3n m\u00e1s bajas, amortizando la inversi\u00f3n inicial y generando ahorros sostenibles.<\/p>\n<hr>\n<p>En <a href=\"\/\" title=\"Empresa Ventanas Madrid\">Ventanas Prodeco<\/a>, nos enorgullece ofrecer ventanas que no solo son est\u00e9ticamente atractivas sino tambi\u00e9n funcionales y eficientes. Descubre c\u00f3mo nuestras soluciones de calidad pueden mejorar tu hogar y tu presupuesto. \u00a1Cont\u00e1ctanos hoy para explorar opciones que te ayudar\u00e1n a mantener tu hogar c\u00e1lido y acogedor, mientras ahorras en calefacci\u00f3n!<\/p>\n","protected":false},"excerpt":{"rendered":"<p>En la b\u00fasqueda constante de soluciones que no solo mejoren el confort del hogar sino que tambi\u00e9n alivien la carga financiera, la elecci\u00f3n de ventanas de calidad Prodeco emerge como una estrategia inteligente para reducir costos de calefacci\u00f3n y mejorar la eficiencia energ\u00e9tica. Aislamiento T\u00e9rmico Avanzado Las ventanas de calidad est\u00e1n dise\u00f1adas con materiales y&hellip; <a class=\"more-link\" href=\"https:\/\/www.ventanasprodeco.com\/noticias\/ventanas-calidad-ahorran-calefaccion\/\">Seguir leyendo <span class=\"screen-reader-text\">Descubre c\u00f3mo unas Ventanas de Calidad Ahorran en Calefacci\u00f3n<\/span><\/a><\/p>\n","protected":false},"author":1,"featured_media":312,"comment_status":"closed","ping_status":"open","sticky":false,"template":"","format":"standard","meta":{"footnotes":""},"categories":[1],"tags":[6,8,10,14,9,20,15,7],"class_list":["post-308","post","type-post","status-publish","format-standard","has-post-thumbnail","hentry","category-noticias","tag-ventanas","tag-ventanas-acusticas","tag-ventanas-calidad","tag-ventanas-modernas","tag-ventanas-prodeco","tag-ventanas-pvc","tag-ventanas-seguridad","tag-ventanas-termicas","entry"],"yoast_head":"<!-- This site is optimized with the Yoast SEO plugin v27.4 - https:\/\/yoast.com\/product\/yoast-seo-wordpress\/ -->\n<title>Descubre c\u00f3mo unas Ventanas de Calidad Ahorran en Calefacci\u00f3n - Ventanas Prodeco<\/title>\n<meta name=\"description\" content=\"Cont\u00e1ctanos hoy para explorar opciones que te ayudar\u00e1n a mantener tu hogar c\u00e1lido y acogedor, mientras ahorras en calefacci\u00f3n.\" \/>\n<meta name=\"robots\" content=\"index, follow, max-snippet:-1, max-image-preview:large, max-video-preview:-1\" \/>\n<link rel=\"canonical\" href=\"https:\/\/www.ventanasprodeco.com\/noticias\/ventanas-calidad-ahorran-calefaccion\/\" \/>\n<meta property=\"og:locale\" content=\"es_ES\" \/>\n<meta property=\"og:type\" content=\"article\" \/>\n<meta property=\"og:title\" content=\"Descubre c\u00f3mo unas Ventanas de Calidad Ahorran en Calefacci\u00f3n - Ventanas Prodeco\" \/>\n<meta property=\"og:description\" content=\"Cont\u00e1ctanos hoy para explorar opciones que te ayudar\u00e1n a mantener tu hogar c\u00e1lido y acogedor, mientras ahorras en calefacci\u00f3n.\" \/>\n<meta property=\"og:url\" content=\"https:\/\/www.ventanasprodeco.com\/noticias\/ventanas-calidad-ahorran-calefaccion\/\" \/>\n<meta property=\"og:site_name\" content=\"Ventanas Prodeco\" \/>\n<meta property=\"article:publisher\" content=\"https:\/\/www.facebook.com\/VentanasProdeco\" \/>\n<meta property=\"article:published_time\" content=\"2023-12-07T18:24:14+00:00\" \/>\n<meta property=\"article:modified_time\" content=\"2023-12-07T18:32:05+00:00\" \/>\n<meta property=\"og:image\" content=\"https:\/\/www.ventanasprodeco.com\/noticias\/wp-content\/uploads\/2023\/12\/ahorra-calefacion-ventanas-calidad-prodeco.jpg\" \/>\n\t<meta property=\"og:image:width\" content=\"1568\" \/>\n\t<meta property=\"og:image:height\" content=\"1046\" \/>\n\t<meta property=\"og:image:type\" content=\"image\/jpeg\" \/>\n<meta name=\"author\" content=\"Ventanas Prodeco\" \/>\n<meta name=\"twitter:card\" content=\"summary_large_image\" \/>\n<meta name=\"twitter:creator\" content=\"@VentanasProdeco\" \/>\n<meta name=\"twitter:site\" content=\"@VentanasProdeco\" \/>\n<meta name=\"twitter:label1\" content=\"Escrito por\" \/>\n\t<meta name=\"twitter:data1\" content=\"Ventanas Prodeco\" \/>\n\t<meta name=\"twitter:label2\" content=\"Tiempo de lectura\" \/>\n\t<meta name=\"twitter:data2\" content=\"2 minutos\" \/>\n<script type=\"application\/ld+json\" class=\"yoast-schema-graph\">{\"@context\":\"https:\\\/\\\/schema.org\",\"@graph\":[{\"@type\":\"Article\",\"@id\":\"https:\\\/\\\/www.ventanasprodeco.com\\\/noticias\\\/ventanas-calidad-ahorran-calefaccion\\\/#article\",\"isPartOf\":{\"@id\":\"https:\\\/\\\/www.ventanasprodeco.com\\\/noticias\\\/ventanas-calidad-ahorran-calefaccion\\\/\"},\"author\":{\"name\":\"Ventanas Prodeco\",\"@id\":\"https:\\\/\\\/www.ventanasprodeco.com\\\/noticias\\\/#\\\/schema\\\/person\\\/e2913647ff79c129e55984ab50faf21a\"},\"headline\":\"Descubre c\u00f3mo unas Ventanas de Calidad Ahorran en Calefacci\u00f3n\",\"datePublished\":\"2023-12-07T18:24:14+00:00\",\"dateModified\":\"2023-12-07T18:32:05+00:00\",\"mainEntityOfPage\":{\"@id\":\"https:\\\/\\\/www.ventanasprodeco.com\\\/noticias\\\/ventanas-calidad-ahorran-calefaccion\\\/\"},\"wordCount\":388,\"publisher\":{\"@id\":\"https:\\\/\\\/www.ventanasprodeco.com\\\/noticias\\\/#organization\"},\"image\":{\"@id\":\"https:\\\/\\\/www.ventanasprodeco.com\\\/noticias\\\/ventanas-calidad-ahorran-calefaccion\\\/#primaryimage\"},\"thumbnailUrl\":\"https:\\\/\\\/www.ventanasprodeco.com\\\/noticias\\\/wp-content\\\/uploads\\\/2023\\\/12\\\/ahorra-calefacion-ventanas-calidad-prodeco.jpg\",\"keywords\":[\"Ventanas\",\"Ventanas Ac\u00fasticas\",\"Ventanas Calidad\",\"Ventanas Modernas\",\"Ventanas Prodeco\",\"Ventanas PVC\",\"Ventanas Seguridad\",\"Ventanas T\u00e9rmicas\"],\"articleSection\":[\"Noticias\"],\"inLanguage\":\"es\"},{\"@type\":\"WebPage\",\"@id\":\"https:\\\/\\\/www.ventanasprodeco.com\\\/noticias\\\/ventanas-calidad-ahorran-calefaccion\\\/\",\"url\":\"https:\\\/\\\/www.ventanasprodeco.com\\\/noticias\\\/ventanas-calidad-ahorran-calefaccion\\\/\",\"name\":\"Descubre c\u00f3mo unas Ventanas de Calidad Ahorran en Calefacci\u00f3n - Ventanas Prodeco\",\"isPartOf\":{\"@id\":\"https:\\\/\\\/www.ventanasprodeco.com\\\/noticias\\\/#website\"},\"primaryImageOfPage\":{\"@id\":\"https:\\\/\\\/www.ventanasprodeco.com\\\/noticias\\\/ventanas-calidad-ahorran-calefaccion\\\/#primaryimage\"},\"image\":{\"@id\":\"https:\\\/\\\/www.ventanasprodeco.com\\\/noticias\\\/ventanas-calidad-ahorran-calefaccion\\\/#primaryimage\"},\"thumbnailUrl\":\"https:\\\/\\\/www.ventanasprodeco.com\\\/noticias\\\/wp-content\\\/uploads\\\/2023\\\/12\\\/ahorra-calefacion-ventanas-calidad-prodeco.jpg\",\"datePublished\":\"2023-12-07T18:24:14+00:00\",\"dateModified\":\"2023-12-07T18:32:05+00:00\",\"description\":\"Cont\u00e1ctanos hoy para explorar opciones que te ayudar\u00e1n a mantener tu hogar c\u00e1lido y acogedor, mientras ahorras en calefacci\u00f3n.\",\"breadcrumb\":{\"@id\":\"https:\\\/\\\/www.ventanasprodeco.com\\\/noticias\\\/ventanas-calidad-ahorran-calefaccion\\\/#breadcrumb\"},\"inLanguage\":\"es\",\"potentialAction\":[{\"@type\":\"ReadAction\",\"target\":[\"https:\\\/\\\/www.ventanasprodeco.com\\\/noticias\\\/ventanas-calidad-ahorran-calefaccion\\\/\"]}]},{\"@type\":\"ImageObject\",\"inLanguage\":\"es\",\"@id\":\"https:\\\/\\\/www.ventanasprodeco.com\\\/noticias\\\/ventanas-calidad-ahorran-calefaccion\\\/#primaryimage\",\"url\":\"https:\\\/\\\/www.ventanasprodeco.com\\\/noticias\\\/wp-content\\\/uploads\\\/2023\\\/12\\\/ahorra-calefacion-ventanas-calidad-prodeco.jpg\",\"contentUrl\":\"https:\\\/\\\/www.ventanasprodeco.com\\\/noticias\\\/wp-content\\\/uploads\\\/2023\\\/12\\\/ahorra-calefacion-ventanas-calidad-prodeco.jpg\",\"width\":1568,\"height\":1046},{\"@type\":\"BreadcrumbList\",\"@id\":\"https:\\\/\\\/www.ventanasprodeco.com\\\/noticias\\\/ventanas-calidad-ahorran-calefaccion\\\/#breadcrumb\",\"itemListElement\":[{\"@type\":\"ListItem\",\"position\":1,\"name\":\"Portada\",\"item\":\"https:\\\/\\\/www.ventanasprodeco.com\\\/noticias\\\/\"},{\"@type\":\"ListItem\",\"position\":2,\"name\":\"Descubre c\u00f3mo unas Ventanas de Calidad Ahorran en Calefacci\u00f3n\"}]},{\"@type\":\"WebSite\",\"@id\":\"https:\\\/\\\/www.ventanasprodeco.com\\\/noticias\\\/#website\",\"url\":\"https:\\\/\\\/www.ventanasprodeco.com\\\/noticias\\\/\",\"name\":\"VentanasProdeco.com\",\"description\":\"Especialistas en Ventanas\",\"publisher\":{\"@id\":\"https:\\\/\\\/www.ventanasprodeco.com\\\/noticias\\\/#organization\"},\"potentialAction\":[{\"@type\":\"SearchAction\",\"target\":{\"@type\":\"EntryPoint\",\"urlTemplate\":\"https:\\\/\\\/www.ventanasprodeco.com\\\/noticias\\\/?s={search_term_string}\"},\"query-input\":{\"@type\":\"PropertyValueSpecification\",\"valueRequired\":true,\"valueName\":\"search_term_string\"}}],\"inLanguage\":\"es\"},{\"@type\":\"Organization\",\"@id\":\"https:\\\/\\\/www.ventanasprodeco.com\\\/noticias\\\/#organization\",\"name\":\"Ventanas Prodeco\",\"url\":\"https:\\\/\\\/www.ventanasprodeco.com\\\/noticias\\\/\",\"logo\":{\"@type\":\"ImageObject\",\"inLanguage\":\"es\",\"@id\":\"https:\\\/\\\/www.ventanasprodeco.com\\\/noticias\\\/#\\\/schema\\\/logo\\\/image\\\/\",\"url\":\"https:\\\/\\\/www.ventanasprodeco.com\\\/noticias\\\/wp-content\\\/uploads\\\/2023\\\/06\\\/cropped-logo.png\",\"contentUrl\":\"https:\\\/\\\/www.ventanasprodeco.com\\\/noticias\\\/wp-content\\\/uploads\\\/2023\\\/06\\\/cropped-logo.png\",\"width\":300,\"height\":65,\"caption\":\"Ventanas Prodeco\"},\"image\":{\"@id\":\"https:\\\/\\\/www.ventanasprodeco.com\\\/noticias\\\/#\\\/schema\\\/logo\\\/image\\\/\"},\"sameAs\":[\"https:\\\/\\\/www.facebook.com\\\/VentanasProdeco\",\"https:\\\/\\\/x.com\\\/VentanasProdeco\",\"https:\\\/\\\/www.tiktok.com\\\/@VentanasProdeco\",\"https:\\\/\\\/www.youtube.com\\\/@VentanasProdeco\"]},{\"@type\":\"Person\",\"@id\":\"https:\\\/\\\/www.ventanasprodeco.com\\\/noticias\\\/#\\\/schema\\\/person\\\/e2913647ff79c129e55984ab50faf21a\",\"name\":\"Ventanas Prodeco\",\"image\":{\"@type\":\"ImageObject\",\"inLanguage\":\"es\",\"@id\":\"https:\\\/\\\/secure.gravatar.com\\\/avatar\\\/c5f8fa291da6699f0d04718e30fdb7ff9fa47d2ae84c79a8f68922349513ce31?s=96&d=mm&r=g\",\"url\":\"https:\\\/\\\/secure.gravatar.com\\\/avatar\\\/c5f8fa291da6699f0d04718e30fdb7ff9fa47d2ae84c79a8f68922349513ce31?s=96&d=mm&r=g\",\"contentUrl\":\"https:\\\/\\\/secure.gravatar.com\\\/avatar\\\/c5f8fa291da6699f0d04718e30fdb7ff9fa47d2ae84c79a8f68922349513ce31?s=96&d=mm&r=g\",\"caption\":\"Ventanas Prodeco\"},\"sameAs\":[\"http:\\\/\\\/ventanasprodeco.com\\\/noticias\"],\"url\":\"https:\\\/\\\/www.ventanasprodeco.com\\\/noticias\\\/author\\\/admin\\\/\"}]}<\/script>\n<!-- \/ Yoast SEO plugin. -->","yoast_head_json":{"title":"Descubre c\u00f3mo unas Ventanas de Calidad Ahorran en Calefacci\u00f3n - Ventanas Prodeco","description":"Cont\u00e1ctanos hoy para explorar opciones que te ayudar\u00e1n a mantener tu hogar c\u00e1lido y acogedor, mientras ahorras en calefacci\u00f3n.","robots":{"index":"index","follow":"follow","max-snippet":"max-snippet:-1","max-image-preview":"max-image-preview:large","max-video-preview":"max-video-preview:-1"},"canonical":"https:\/\/www.ventanasprodeco.com\/noticias\/ventanas-calidad-ahorran-calefaccion\/","og_locale":"es_ES","og_type":"article","og_title":"Descubre c\u00f3mo unas Ventanas de Calidad Ahorran en Calefacci\u00f3n - Ventanas Prodeco","og_description":"Cont\u00e1ctanos hoy para explorar opciones que te ayudar\u00e1n a mantener tu hogar c\u00e1lido y acogedor, mientras ahorras en calefacci\u00f3n.","og_url":"https:\/\/www.ventanasprodeco.com\/noticias\/ventanas-calidad-ahorran-calefaccion\/","og_site_name":"Ventanas Prodeco","article_publisher":"https:\/\/www.facebook.com\/VentanasProdeco","article_published_time":"2023-12-07T18:24:14+00:00","article_modified_time":"2023-12-07T18:32:05+00:00","og_image":[{"width":1568,"height":1046,"url":"https:\/\/www.ventanasprodeco.com\/noticias\/wp-content\/uploads\/2023\/12\/ahorra-calefacion-ventanas-calidad-prodeco.jpg","type":"image\/jpeg"}],"author":"Ventanas Prodeco","twitter_card":"summary_large_image","twitter_creator":"@VentanasProdeco","twitter_site":"@VentanasProdeco","twitter_misc":{"Escrito por":"Ventanas Prodeco","Tiempo de lectura":"2 minutos"},"schema":{"@context":"https:\/\/schema.org","@graph":[{"@type":"Article","@id":"https:\/\/www.ventanasprodeco.com\/noticias\/ventanas-calidad-ahorran-calefaccion\/#article","isPartOf":{"@id":"https:\/\/www.ventanasprodeco.com\/noticias\/ventanas-calidad-ahorran-calefaccion\/"},"author":{"name":"Ventanas Prodeco","@id":"https:\/\/www.ventanasprodeco.com\/noticias\/#\/schema\/person\/e2913647ff79c129e55984ab50faf21a"},"headline":"Descubre c\u00f3mo unas Ventanas de Calidad Ahorran en Calefacci\u00f3n","datePublished":"2023-12-07T18:24:14+00:00","dateModified":"2023-12-07T18:32:05+00:00","mainEntityOfPage":{"@id":"https:\/\/www.ventanasprodeco.com\/noticias\/ventanas-calidad-ahorran-calefaccion\/"},"wordCount":388,"publisher":{"@id":"https:\/\/www.ventanasprodeco.com\/noticias\/#organization"},"image":{"@id":"https:\/\/www.ventanasprodeco.com\/noticias\/ventanas-calidad-ahorran-calefaccion\/#primaryimage"},"thumbnailUrl":"https:\/\/www.ventanasprodeco.com\/noticias\/wp-content\/uploads\/2023\/12\/ahorra-calefacion-ventanas-calidad-prodeco.jpg","keywords":["Ventanas","Ventanas Ac\u00fasticas","Ventanas Calidad","Ventanas Modernas","Ventanas Prodeco","Ventanas PVC","Ventanas Seguridad","Ventanas T\u00e9rmicas"],"articleSection":["Noticias"],"inLanguage":"es"},{"@type":"WebPage","@id":"https:\/\/www.ventanasprodeco.com\/noticias\/ventanas-calidad-ahorran-calefaccion\/","url":"https:\/\/www.ventanasprodeco.com\/noticias\/ventanas-calidad-ahorran-calefaccion\/","name":"Descubre c\u00f3mo unas Ventanas de Calidad Ahorran en Calefacci\u00f3n - Ventanas Prodeco","isPartOf":{"@id":"https:\/\/www.ventanasprodeco.com\/noticias\/#website"},"primaryImageOfPage":{"@id":"https:\/\/www.ventanasprodeco.com\/noticias\/ventanas-calidad-ahorran-calefaccion\/#primaryimage"},"image":{"@id":"https:\/\/www.ventanasprodeco.com\/noticias\/ventanas-calidad-ahorran-calefaccion\/#primaryimage"},"thumbnailUrl":"https:\/\/www.ventanasprodeco.com\/noticias\/wp-content\/uploads\/2023\/12\/ahorra-calefacion-ventanas-calidad-prodeco.jpg","datePublished":"2023-12-07T18:24:14+00:00","dateModified":"2023-12-07T18:32:05+00:00","description":"Cont\u00e1ctanos hoy para explorar opciones que te ayudar\u00e1n a mantener tu hogar c\u00e1lido y acogedor, mientras ahorras en calefacci\u00f3n.","breadcrumb":{"@id":"https:\/\/www.ventanasprodeco.com\/noticias\/ventanas-calidad-ahorran-calefaccion\/#breadcrumb"},"inLanguage":"es","potentialAction":[{"@type":"ReadAction","target":["https:\/\/www.ventanasprodeco.com\/noticias\/ventanas-calidad-ahorran-calefaccion\/"]}]},{"@type":"ImageObject","inLanguage":"es","@id":"https:\/\/www.ventanasprodeco.com\/noticias\/ventanas-calidad-ahorran-calefaccion\/#primaryimage","url":"https:\/\/www.ventanasprodeco.com\/noticias\/wp-content\/uploads\/2023\/12\/ahorra-calefacion-ventanas-calidad-prodeco.jpg","contentUrl":"https:\/\/www.ventanasprodeco.com\/noticias\/wp-content\/uploads\/2023\/12\/ahorra-calefacion-ventanas-calidad-prodeco.jpg","width":1568,"height":1046},{"@type":"BreadcrumbList","@id":"https:\/\/www.ventanasprodeco.com\/noticias\/ventanas-calidad-ahorran-calefaccion\/#breadcrumb","itemListElement":[{"@type":"ListItem","position":1,"name":"Portada","item":"https:\/\/www.ventanasprodeco.com\/noticias\/"},{"@type":"ListItem","position":2,"name":"Descubre c\u00f3mo unas Ventanas de Calidad Ahorran en Calefacci\u00f3n"}]},{"@type":"WebSite","@id":"https:\/\/www.ventanasprodeco.com\/noticias\/#website","url":"https:\/\/www.ventanasprodeco.com\/noticias\/","name":"VentanasProdeco.com","description":"Especialistas en Ventanas","publisher":{"@id":"https:\/\/www.ventanasprodeco.com\/noticias\/#organization"},"potentialAction":[{"@type":"SearchAction","target":{"@type":"EntryPoint","urlTemplate":"https:\/\/www.ventanasprodeco.com\/noticias\/?s={search_term_string}"},"query-input":{"@type":"PropertyValueSpecification","valueRequired":true,"valueName":"search_term_string"}}],"inLanguage":"es"},{"@type":"Organization","@id":"https:\/\/www.ventanasprodeco.com\/noticias\/#organization","name":"Ventanas Prodeco","url":"https:\/\/www.ventanasprodeco.com\/noticias\/","logo":{"@type":"ImageObject","inLanguage":"es","@id":"https:\/\/www.ventanasprodeco.com\/noticias\/#\/schema\/logo\/image\/","url":"https:\/\/www.ventanasprodeco.com\/noticias\/wp-content\/uploads\/2023\/06\/cropped-logo.png","contentUrl":"https:\/\/www.ventanasprodeco.com\/noticias\/wp-content\/uploads\/2023\/06\/cropped-logo.png","width":300,"height":65,"caption":"Ventanas Prodeco"},"image":{"@id":"https:\/\/www.ventanasprodeco.com\/noticias\/#\/schema\/logo\/image\/"},"sameAs":["https:\/\/www.facebook.com\/VentanasProdeco","https:\/\/x.com\/VentanasProdeco","https:\/\/www.tiktok.com\/@VentanasProdeco","https:\/\/www.youtube.com\/@VentanasProdeco"]},{"@type":"Person","@id":"https:\/\/www.ventanasprodeco.com\/noticias\/#\/schema\/person\/e2913647ff79c129e55984ab50faf21a","name":"Ventanas Prodeco","image":{"@type":"ImageObject","inLanguage":"es","@id":"https:\/\/secure.gravatar.com\/avatar\/c5f8fa291da6699f0d04718e30fdb7ff9fa47d2ae84c79a8f68922349513ce31?s=96&d=mm&r=g","url":"https:\/\/secure.gravatar.com\/avatar\/c5f8fa291da6699f0d04718e30fdb7ff9fa47d2ae84c79a8f68922349513ce31?s=96&d=mm&r=g","contentUrl":"https:\/\/secure.gravatar.com\/avatar\/c5f8fa291da6699f0d04718e30fdb7ff9fa47d2ae84c79a8f68922349513ce31?s=96&d=mm&r=g","caption":"Ventanas Prodeco"},"sameAs":["http:\/\/ventanasprodeco.com\/noticias"],"url":"https:\/\/www.ventanasprodeco.com\/noticias\/author\/admin\/"}]}},"_links":{"self":[{"href":"https:\/\/www.ventanasprodeco.com\/noticias\/wp-json\/wp\/v2\/posts\/308","targetHints":{"allow":["GET"]}}],"collection":[{"href":"https:\/\/www.ventanasprodeco.com\/noticias\/wp-json\/wp\/v2\/posts"}],"about":[{"href":"https:\/\/www.ventanasprodeco.com\/noticias\/wp-json\/wp\/v2\/types\/post"}],"author":[{"embeddable":true,"href":"https:\/\/www.ventanasprodeco.com\/noticias\/wp-json\/wp\/v2\/users\/1"}],"replies":[{"embeddable":true,"href":"https:\/\/www.ventanasprodeco.com\/noticias\/wp-json\/wp\/v2\/comments?post=308"}],"version-history":[{"count":0,"href":"https:\/\/www.ventanasprodeco.com\/noticias\/wp-json\/wp\/v2\/posts\/308\/revisions"}],"wp:featuredmedia":[{"embeddable":true,"href":"https:\/\/www.ventanasprodeco.com\/noticias\/wp-json\/wp\/v2\/media\/312"}],"wp:attachment":[{"href":"https:\/\/www.ventanasprodeco.com\/noticias\/wp-json\/wp\/v2\/media?parent=308"}],"wp:term":[{"taxonomy":"category","embeddable":true,"href":"https:\/\/www.ventanasprodeco.com\/noticias\/wp-json\/wp\/v2\/categories?post=308"},{"taxonomy":"post_tag","embeddable":true,"href":"https:\/\/www.ventanasprodeco.com\/noticias\/wp-json\/wp\/v2\/tags?post=308"}],"curies":[{"name":"wp","href":"https:\/\/api.w.org\/{rel}","templated":true}]}}