{"id":304,"date":"2023-11-30T17:09:32","date_gmt":"2023-11-30T17:09:32","guid":{"rendered":"https:\/\/ventanasprodeco.com\/noticias\/?p=304"},"modified":"2023-11-30T17:17:38","modified_gmt":"2023-11-30T17:17:38","slug":"ventanas-pvc-y-aluminio-para-negocios","status":"publish","type":"post","link":"https:\/\/www.ventanasprodeco.com\/noticias\/ventanas-pvc-y-aluminio-para-negocios\/","title":{"rendered":"Ventanas de PVC y Aluminio para Negocios que Buscan Eficiencia y Estilo"},"content":{"rendered":"<p>En un mundo empresarial donde cada detalle cuenta, las decisiones de dise\u00f1o y eficiencia energ\u00e9tica son clave. <a href=\"\/\" title=\"Empresa Ventanas Alta Calidad Madrid\">Ventanas Prodeco<\/a> destaca c\u00f3mo la elecci\u00f3n de ventanas de PVC y aluminio puede ser la estrategia perfecta para negocios y empresas que buscan un equilibrio entre funcionalidad y estilo.<\/p>\n<h2>Ventanas con Eficiencia Energ\u00e9tica<\/h2>\n<p>Las <strong>ventanas de PVC y aluminio<\/strong> ofrecen un rendimiento t\u00e9rmico excepcional, ayudando a regular la temperatura interior. Esto no solo mejora el confort de los empleados y clientes, sino que tambi\u00e9n puede conducir a ahorros significativos en costos de calefacci\u00f3n y refrigeraci\u00f3n a largo plazo.<\/p>\n<h2>Durabilidad y Bajo Mantenimiento<\/h2>\n<p>En entornos comerciales, donde el tr\u00e1fico y la actividad son constantes, la durabilidad es esencial. Las ventanas de PVC y aluminio resisten el desgaste diario y requieren poco mantenimiento, lo que permite a las empresas centrarse en lo que realmente importa, su \u00e9xito comercial.<\/p>\n<h2>Ventanas con  Est\u00e9tica Moderna y Profesional<\/h2>\n<p>La est\u00e9tica de un negocio es crucial para crear una impresi\u00f3n positiva. <strong>Las ventanas de PVC y aluminio ofrecen un aspecto moderno y profesional<\/strong> que puede mejorar la imagen de la empresa y contribuir al atractivo visual del espacio.<\/p>\n<h2>Mayor Seguridad y Tranquilidad<\/h2>\n<p>La seguridad es una prioridad en cualquier negocio. Estas ventanas ofrecen caracter\u00edsticas de seguridad avanzadas, desde cerraduras seguras hasta vidrios resistentes. Proporcionan tranquilidad a los propietarios y gerentes, sabiendo que su propiedad est\u00e1 protegida.<\/p>\n<h2>Personalizaci\u00f3n para Adaptarse a las Necesidades Comerciales<\/h2>\n<p>La versatilidad de las ventanas de PVC y aluminio permite la personalizaci\u00f3n seg\u00fan las necesidades espec\u00edficas del negocio. Desde tama\u00f1os personalizados hasta diferentes acabados, estas ventanas se adaptan a una variedad de configuraciones comerciales.<\/p>\n<hr>\n<p>En <strong>Ventanas Prodeco<\/strong>, entendemos la importancia de las decisiones comerciales bien informadas. Descubre c\u00f3mo nuestras ventanas de PVC y aluminio no solo cumplen con los est\u00e1ndares m\u00e1s altos en eficiencia y durabilidad, sino que tambi\u00e9n aportan un toque estilizado a tu espacio comercial. \u00a1Cont\u00e1ctanos hoy para explorar las soluciones que impulsar\u00e1n el \u00e9xito de tu negocio!<\/p>\n","protected":false},"excerpt":{"rendered":"<p>En un mundo empresarial donde cada detalle cuenta, las decisiones de dise\u00f1o y eficiencia energ\u00e9tica son clave. Ventanas Prodeco destaca c\u00f3mo la elecci\u00f3n de ventanas de PVC y aluminio puede ser la estrategia perfecta para negocios y empresas que buscan un equilibrio entre funcionalidad y estilo. Ventanas con Eficiencia Energ\u00e9tica Las ventanas de PVC y&hellip; <a class=\"more-link\" href=\"https:\/\/www.ventanasprodeco.com\/noticias\/ventanas-pvc-y-aluminio-para-negocios\/\">Seguir leyendo <span class=\"screen-reader-text\">Ventanas de PVC y Aluminio para Negocios que Buscan Eficiencia y Estilo<\/span><\/a><\/p>\n","protected":false},"author":1,"featured_media":306,"comment_status":"closed","ping_status":"open","sticky":false,"template":"","format":"standard","meta":{"footnotes":""},"categories":[1],"tags":[37,6,8,10,12,13,14,9,20,15,7],"class_list":["post-304","post","type-post","status-publish","format-standard","has-post-thumbnail","hentry","category-noticias","tag-empresa-ventanas","tag-ventanas","tag-ventanas-acusticas","tag-ventanas-calidad","tag-ventanas-correderas","tag-ventanas-elegantes","tag-ventanas-modernas","tag-ventanas-prodeco","tag-ventanas-pvc","tag-ventanas-seguridad","tag-ventanas-termicas","entry"],"yoast_head":"<!-- This site is optimized with the Yoast SEO plugin v27.5 - https:\/\/yoast.com\/product\/yoast-seo-wordpress\/ -->\n<title>Ventanas de PVC y Aluminio para Negocios que Buscan Eficiencia y Estilo - Ventanas Prodeco<\/title>\n<meta name=\"description\" content=\"Ventanas de PVC y aluminio puede ser la estrategia perfecta para negocios y empresas que buscan un equilibrio entre funcionalidad y estilo.\" \/>\n<meta name=\"robots\" content=\"index, follow, max-snippet:-1, max-image-preview:large, max-video-preview:-1\" \/>\n<link rel=\"canonical\" href=\"https:\/\/www.ventanasprodeco.com\/noticias\/ventanas-pvc-y-aluminio-para-negocios\/\" \/>\n<meta property=\"og:locale\" content=\"es_ES\" \/>\n<meta property=\"og:type\" content=\"article\" \/>\n<meta property=\"og:title\" content=\"Ventanas de PVC y Aluminio para Negocios que Buscan Eficiencia y Estilo - Ventanas Prodeco\" \/>\n<meta property=\"og:description\" content=\"Ventanas de PVC y aluminio puede ser la estrategia perfecta para negocios y empresas que buscan un equilibrio entre funcionalidad y estilo.\" \/>\n<meta property=\"og:url\" content=\"https:\/\/www.ventanasprodeco.com\/noticias\/ventanas-pvc-y-aluminio-para-negocios\/\" \/>\n<meta property=\"og:site_name\" content=\"Ventanas Prodeco\" \/>\n<meta property=\"article:publisher\" content=\"https:\/\/www.facebook.com\/VentanasProdeco\" \/>\n<meta property=\"article:published_time\" content=\"2023-11-30T17:09:32+00:00\" \/>\n<meta property=\"article:modified_time\" content=\"2023-11-30T17:17:38+00:00\" \/>\n<meta property=\"og:image\" content=\"https:\/\/www.ventanasprodeco.com\/noticias\/wp-content\/uploads\/2023\/11\/ventanas-para-empresas.jpg\" \/>\n\t<meta property=\"og:image:width\" content=\"1568\" \/>\n\t<meta property=\"og:image:height\" content=\"1046\" \/>\n\t<meta property=\"og:image:type\" content=\"image\/jpeg\" \/>\n<meta name=\"author\" content=\"Ventanas Prodeco\" \/>\n<meta name=\"twitter:card\" content=\"summary_large_image\" \/>\n<meta name=\"twitter:creator\" content=\"@VentanasProdeco\" \/>\n<meta name=\"twitter:site\" content=\"@VentanasProdeco\" \/>\n<meta name=\"twitter:label1\" content=\"Escrito por\" \/>\n\t<meta name=\"twitter:data1\" content=\"Ventanas Prodeco\" \/>\n\t<meta name=\"twitter:label2\" content=\"Tiempo de lectura\" \/>\n\t<meta name=\"twitter:data2\" content=\"2 minutos\" \/>\n<script type=\"application\/ld+json\" class=\"yoast-schema-graph\">{\"@context\":\"https:\\\/\\\/schema.org\",\"@graph\":[{\"@type\":\"Article\",\"@id\":\"https:\\\/\\\/www.ventanasprodeco.com\\\/noticias\\\/ventanas-pvc-y-aluminio-para-negocios\\\/#article\",\"isPartOf\":{\"@id\":\"https:\\\/\\\/www.ventanasprodeco.com\\\/noticias\\\/ventanas-pvc-y-aluminio-para-negocios\\\/\"},\"author\":{\"name\":\"Ventanas Prodeco\",\"@id\":\"https:\\\/\\\/www.ventanasprodeco.com\\\/noticias\\\/#\\\/schema\\\/person\\\/e2913647ff79c129e55984ab50faf21a\"},\"headline\":\"Ventanas de PVC y Aluminio para Negocios que Buscan Eficiencia y Estilo\",\"datePublished\":\"2023-11-30T17:09:32+00:00\",\"dateModified\":\"2023-11-30T17:17:38+00:00\",\"mainEntityOfPage\":{\"@id\":\"https:\\\/\\\/www.ventanasprodeco.com\\\/noticias\\\/ventanas-pvc-y-aluminio-para-negocios\\\/\"},\"wordCount\":360,\"publisher\":{\"@id\":\"https:\\\/\\\/www.ventanasprodeco.com\\\/noticias\\\/#organization\"},\"image\":{\"@id\":\"https:\\\/\\\/www.ventanasprodeco.com\\\/noticias\\\/ventanas-pvc-y-aluminio-para-negocios\\\/#primaryimage\"},\"thumbnailUrl\":\"https:\\\/\\\/www.ventanasprodeco.com\\\/noticias\\\/wp-content\\\/uploads\\\/2023\\\/11\\\/ventanas-para-empresas.jpg\",\"keywords\":[\"Empresa Ventanas\",\"Ventanas\",\"Ventanas Ac\u00fasticas\",\"Ventanas Calidad\",\"Ventanas Correderas\",\"Ventanas Elegantes\",\"Ventanas Modernas\",\"Ventanas Prodeco\",\"Ventanas PVC\",\"Ventanas Seguridad\",\"Ventanas T\u00e9rmicas\"],\"articleSection\":[\"Noticias\"],\"inLanguage\":\"es\"},{\"@type\":\"WebPage\",\"@id\":\"https:\\\/\\\/www.ventanasprodeco.com\\\/noticias\\\/ventanas-pvc-y-aluminio-para-negocios\\\/\",\"url\":\"https:\\\/\\\/www.ventanasprodeco.com\\\/noticias\\\/ventanas-pvc-y-aluminio-para-negocios\\\/\",\"name\":\"Ventanas de PVC y Aluminio para Negocios que Buscan Eficiencia y Estilo - Ventanas Prodeco\",\"isPartOf\":{\"@id\":\"https:\\\/\\\/www.ventanasprodeco.com\\\/noticias\\\/#website\"},\"primaryImageOfPage\":{\"@id\":\"https:\\\/\\\/www.ventanasprodeco.com\\\/noticias\\\/ventanas-pvc-y-aluminio-para-negocios\\\/#primaryimage\"},\"image\":{\"@id\":\"https:\\\/\\\/www.ventanasprodeco.com\\\/noticias\\\/ventanas-pvc-y-aluminio-para-negocios\\\/#primaryimage\"},\"thumbnailUrl\":\"https:\\\/\\\/www.ventanasprodeco.com\\\/noticias\\\/wp-content\\\/uploads\\\/2023\\\/11\\\/ventanas-para-empresas.jpg\",\"datePublished\":\"2023-11-30T17:09:32+00:00\",\"dateModified\":\"2023-11-30T17:17:38+00:00\",\"description\":\"Ventanas de PVC y aluminio puede ser la estrategia perfecta para negocios y empresas que buscan un equilibrio entre funcionalidad y estilo.\",\"breadcrumb\":{\"@id\":\"https:\\\/\\\/www.ventanasprodeco.com\\\/noticias\\\/ventanas-pvc-y-aluminio-para-negocios\\\/#breadcrumb\"},\"inLanguage\":\"es\",\"potentialAction\":[{\"@type\":\"ReadAction\",\"target\":[\"https:\\\/\\\/www.ventanasprodeco.com\\\/noticias\\\/ventanas-pvc-y-aluminio-para-negocios\\\/\"]}]},{\"@type\":\"ImageObject\",\"inLanguage\":\"es\",\"@id\":\"https:\\\/\\\/www.ventanasprodeco.com\\\/noticias\\\/ventanas-pvc-y-aluminio-para-negocios\\\/#primaryimage\",\"url\":\"https:\\\/\\\/www.ventanasprodeco.com\\\/noticias\\\/wp-content\\\/uploads\\\/2023\\\/11\\\/ventanas-para-empresas.jpg\",\"contentUrl\":\"https:\\\/\\\/www.ventanasprodeco.com\\\/noticias\\\/wp-content\\\/uploads\\\/2023\\\/11\\\/ventanas-para-empresas.jpg\",\"width\":1568,\"height\":1046},{\"@type\":\"BreadcrumbList\",\"@id\":\"https:\\\/\\\/www.ventanasprodeco.com\\\/noticias\\\/ventanas-pvc-y-aluminio-para-negocios\\\/#breadcrumb\",\"itemListElement\":[{\"@type\":\"ListItem\",\"position\":1,\"name\":\"Portada\",\"item\":\"https:\\\/\\\/www.ventanasprodeco.com\\\/noticias\\\/\"},{\"@type\":\"ListItem\",\"position\":2,\"name\":\"Ventanas de PVC y Aluminio para Negocios que Buscan Eficiencia y Estilo\"}]},{\"@type\":\"WebSite\",\"@id\":\"https:\\\/\\\/www.ventanasprodeco.com\\\/noticias\\\/#website\",\"url\":\"https:\\\/\\\/www.ventanasprodeco.com\\\/noticias\\\/\",\"name\":\"VentanasProdeco.com\",\"description\":\"Especialistas en Ventanas\",\"publisher\":{\"@id\":\"https:\\\/\\\/www.ventanasprodeco.com\\\/noticias\\\/#organization\"},\"potentialAction\":[{\"@type\":\"SearchAction\",\"target\":{\"@type\":\"EntryPoint\",\"urlTemplate\":\"https:\\\/\\\/www.ventanasprodeco.com\\\/noticias\\\/?s={search_term_string}\"},\"query-input\":{\"@type\":\"PropertyValueSpecification\",\"valueRequired\":true,\"valueName\":\"search_term_string\"}}],\"inLanguage\":\"es\"},{\"@type\":\"Organization\",\"@id\":\"https:\\\/\\\/www.ventanasprodeco.com\\\/noticias\\\/#organization\",\"name\":\"Ventanas Prodeco\",\"url\":\"https:\\\/\\\/www.ventanasprodeco.com\\\/noticias\\\/\",\"logo\":{\"@type\":\"ImageObject\",\"inLanguage\":\"es\",\"@id\":\"https:\\\/\\\/www.ventanasprodeco.com\\\/noticias\\\/#\\\/schema\\\/logo\\\/image\\\/\",\"url\":\"https:\\\/\\\/www.ventanasprodeco.com\\\/noticias\\\/wp-content\\\/uploads\\\/2023\\\/06\\\/cropped-logo.png\",\"contentUrl\":\"https:\\\/\\\/www.ventanasprodeco.com\\\/noticias\\\/wp-content\\\/uploads\\\/2023\\\/06\\\/cropped-logo.png\",\"width\":300,\"height\":65,\"caption\":\"Ventanas Prodeco\"},\"image\":{\"@id\":\"https:\\\/\\\/www.ventanasprodeco.com\\\/noticias\\\/#\\\/schema\\\/logo\\\/image\\\/\"},\"sameAs\":[\"https:\\\/\\\/www.facebook.com\\\/VentanasProdeco\",\"https:\\\/\\\/x.com\\\/VentanasProdeco\",\"https:\\\/\\\/www.tiktok.com\\\/@VentanasProdeco\",\"https:\\\/\\\/www.youtube.com\\\/@VentanasProdeco\"]},{\"@type\":\"Person\",\"@id\":\"https:\\\/\\\/www.ventanasprodeco.com\\\/noticias\\\/#\\\/schema\\\/person\\\/e2913647ff79c129e55984ab50faf21a\",\"name\":\"Ventanas Prodeco\",\"image\":{\"@type\":\"ImageObject\",\"inLanguage\":\"es\",\"@id\":\"https:\\\/\\\/secure.gravatar.com\\\/avatar\\\/c5f8fa291da6699f0d04718e30fdb7ff9fa47d2ae84c79a8f68922349513ce31?s=96&d=mm&r=g\",\"url\":\"https:\\\/\\\/secure.gravatar.com\\\/avatar\\\/c5f8fa291da6699f0d04718e30fdb7ff9fa47d2ae84c79a8f68922349513ce31?s=96&d=mm&r=g\",\"contentUrl\":\"https:\\\/\\\/secure.gravatar.com\\\/avatar\\\/c5f8fa291da6699f0d04718e30fdb7ff9fa47d2ae84c79a8f68922349513ce31?s=96&d=mm&r=g\",\"caption\":\"Ventanas Prodeco\"},\"sameAs\":[\"http:\\\/\\\/ventanasprodeco.com\\\/noticias\"],\"url\":\"https:\\\/\\\/www.ventanasprodeco.com\\\/noticias\\\/author\\\/admin\\\/\"}]}<\/script>\n<!-- \/ Yoast SEO plugin. -->","yoast_head_json":{"title":"Ventanas de PVC y Aluminio para Negocios que Buscan Eficiencia y Estilo - Ventanas Prodeco","description":"Ventanas de PVC y aluminio puede ser la estrategia perfecta para negocios y empresas que buscan un equilibrio entre funcionalidad y estilo.","robots":{"index":"index","follow":"follow","max-snippet":"max-snippet:-1","max-image-preview":"max-image-preview:large","max-video-preview":"max-video-preview:-1"},"canonical":"https:\/\/www.ventanasprodeco.com\/noticias\/ventanas-pvc-y-aluminio-para-negocios\/","og_locale":"es_ES","og_type":"article","og_title":"Ventanas de PVC y Aluminio para Negocios que Buscan Eficiencia y Estilo - Ventanas Prodeco","og_description":"Ventanas de PVC y aluminio puede ser la estrategia perfecta para negocios y empresas que buscan un equilibrio entre funcionalidad y estilo.","og_url":"https:\/\/www.ventanasprodeco.com\/noticias\/ventanas-pvc-y-aluminio-para-negocios\/","og_site_name":"Ventanas Prodeco","article_publisher":"https:\/\/www.facebook.com\/VentanasProdeco","article_published_time":"2023-11-30T17:09:32+00:00","article_modified_time":"2023-11-30T17:17:38+00:00","og_image":[{"width":1568,"height":1046,"url":"https:\/\/www.ventanasprodeco.com\/noticias\/wp-content\/uploads\/2023\/11\/ventanas-para-empresas.jpg","type":"image\/jpeg"}],"author":"Ventanas Prodeco","twitter_card":"summary_large_image","twitter_creator":"@VentanasProdeco","twitter_site":"@VentanasProdeco","twitter_misc":{"Escrito por":"Ventanas Prodeco","Tiempo de lectura":"2 minutos"},"schema":{"@context":"https:\/\/schema.org","@graph":[{"@type":"Article","@id":"https:\/\/www.ventanasprodeco.com\/noticias\/ventanas-pvc-y-aluminio-para-negocios\/#article","isPartOf":{"@id":"https:\/\/www.ventanasprodeco.com\/noticias\/ventanas-pvc-y-aluminio-para-negocios\/"},"author":{"name":"Ventanas Prodeco","@id":"https:\/\/www.ventanasprodeco.com\/noticias\/#\/schema\/person\/e2913647ff79c129e55984ab50faf21a"},"headline":"Ventanas de PVC y Aluminio para Negocios que Buscan Eficiencia y Estilo","datePublished":"2023-11-30T17:09:32+00:00","dateModified":"2023-11-30T17:17:38+00:00","mainEntityOfPage":{"@id":"https:\/\/www.ventanasprodeco.com\/noticias\/ventanas-pvc-y-aluminio-para-negocios\/"},"wordCount":360,"publisher":{"@id":"https:\/\/www.ventanasprodeco.com\/noticias\/#organization"},"image":{"@id":"https:\/\/www.ventanasprodeco.com\/noticias\/ventanas-pvc-y-aluminio-para-negocios\/#primaryimage"},"thumbnailUrl":"https:\/\/www.ventanasprodeco.com\/noticias\/wp-content\/uploads\/2023\/11\/ventanas-para-empresas.jpg","keywords":["Empresa Ventanas","Ventanas","Ventanas Ac\u00fasticas","Ventanas Calidad","Ventanas Correderas","Ventanas Elegantes","Ventanas Modernas","Ventanas Prodeco","Ventanas PVC","Ventanas Seguridad","Ventanas T\u00e9rmicas"],"articleSection":["Noticias"],"inLanguage":"es"},{"@type":"WebPage","@id":"https:\/\/www.ventanasprodeco.com\/noticias\/ventanas-pvc-y-aluminio-para-negocios\/","url":"https:\/\/www.ventanasprodeco.com\/noticias\/ventanas-pvc-y-aluminio-para-negocios\/","name":"Ventanas de PVC y Aluminio para Negocios que Buscan Eficiencia y Estilo - Ventanas Prodeco","isPartOf":{"@id":"https:\/\/www.ventanasprodeco.com\/noticias\/#website"},"primaryImageOfPage":{"@id":"https:\/\/www.ventanasprodeco.com\/noticias\/ventanas-pvc-y-aluminio-para-negocios\/#primaryimage"},"image":{"@id":"https:\/\/www.ventanasprodeco.com\/noticias\/ventanas-pvc-y-aluminio-para-negocios\/#primaryimage"},"thumbnailUrl":"https:\/\/www.ventanasprodeco.com\/noticias\/wp-content\/uploads\/2023\/11\/ventanas-para-empresas.jpg","datePublished":"2023-11-30T17:09:32+00:00","dateModified":"2023-11-30T17:17:38+00:00","description":"Ventanas de PVC y aluminio puede ser la estrategia perfecta para negocios y empresas que buscan un equilibrio entre funcionalidad y estilo.","breadcrumb":{"@id":"https:\/\/www.ventanasprodeco.com\/noticias\/ventanas-pvc-y-aluminio-para-negocios\/#breadcrumb"},"inLanguage":"es","potentialAction":[{"@type":"ReadAction","target":["https:\/\/www.ventanasprodeco.com\/noticias\/ventanas-pvc-y-aluminio-para-negocios\/"]}]},{"@type":"ImageObject","inLanguage":"es","@id":"https:\/\/www.ventanasprodeco.com\/noticias\/ventanas-pvc-y-aluminio-para-negocios\/#primaryimage","url":"https:\/\/www.ventanasprodeco.com\/noticias\/wp-content\/uploads\/2023\/11\/ventanas-para-empresas.jpg","contentUrl":"https:\/\/www.ventanasprodeco.com\/noticias\/wp-content\/uploads\/2023\/11\/ventanas-para-empresas.jpg","width":1568,"height":1046},{"@type":"BreadcrumbList","@id":"https:\/\/www.ventanasprodeco.com\/noticias\/ventanas-pvc-y-aluminio-para-negocios\/#breadcrumb","itemListElement":[{"@type":"ListItem","position":1,"name":"Portada","item":"https:\/\/www.ventanasprodeco.com\/noticias\/"},{"@type":"ListItem","position":2,"name":"Ventanas de PVC y Aluminio para Negocios que Buscan Eficiencia y Estilo"}]},{"@type":"WebSite","@id":"https:\/\/www.ventanasprodeco.com\/noticias\/#website","url":"https:\/\/www.ventanasprodeco.com\/noticias\/","name":"VentanasProdeco.com","description":"Especialistas en Ventanas","publisher":{"@id":"https:\/\/www.ventanasprodeco.com\/noticias\/#organization"},"potentialAction":[{"@type":"SearchAction","target":{"@type":"EntryPoint","urlTemplate":"https:\/\/www.ventanasprodeco.com\/noticias\/?s={search_term_string}"},"query-input":{"@type":"PropertyValueSpecification","valueRequired":true,"valueName":"search_term_string"}}],"inLanguage":"es"},{"@type":"Organization","@id":"https:\/\/www.ventanasprodeco.com\/noticias\/#organization","name":"Ventanas Prodeco","url":"https:\/\/www.ventanasprodeco.com\/noticias\/","logo":{"@type":"ImageObject","inLanguage":"es","@id":"https:\/\/www.ventanasprodeco.com\/noticias\/#\/schema\/logo\/image\/","url":"https:\/\/www.ventanasprodeco.com\/noticias\/wp-content\/uploads\/2023\/06\/cropped-logo.png","contentUrl":"https:\/\/www.ventanasprodeco.com\/noticias\/wp-content\/uploads\/2023\/06\/cropped-logo.png","width":300,"height":65,"caption":"Ventanas Prodeco"},"image":{"@id":"https:\/\/www.ventanasprodeco.com\/noticias\/#\/schema\/logo\/image\/"},"sameAs":["https:\/\/www.facebook.com\/VentanasProdeco","https:\/\/x.com\/VentanasProdeco","https:\/\/www.tiktok.com\/@VentanasProdeco","https:\/\/www.youtube.com\/@VentanasProdeco"]},{"@type":"Person","@id":"https:\/\/www.ventanasprodeco.com\/noticias\/#\/schema\/person\/e2913647ff79c129e55984ab50faf21a","name":"Ventanas Prodeco","image":{"@type":"ImageObject","inLanguage":"es","@id":"https:\/\/secure.gravatar.com\/avatar\/c5f8fa291da6699f0d04718e30fdb7ff9fa47d2ae84c79a8f68922349513ce31?s=96&d=mm&r=g","url":"https:\/\/secure.gravatar.com\/avatar\/c5f8fa291da6699f0d04718e30fdb7ff9fa47d2ae84c79a8f68922349513ce31?s=96&d=mm&r=g","contentUrl":"https:\/\/secure.gravatar.com\/avatar\/c5f8fa291da6699f0d04718e30fdb7ff9fa47d2ae84c79a8f68922349513ce31?s=96&d=mm&r=g","caption":"Ventanas Prodeco"},"sameAs":["http:\/\/ventanasprodeco.com\/noticias"],"url":"https:\/\/www.ventanasprodeco.com\/noticias\/author\/admin\/"}]}},"_links":{"self":[{"href":"https:\/\/www.ventanasprodeco.com\/noticias\/wp-json\/wp\/v2\/posts\/304","targetHints":{"allow":["GET"]}}],"collection":[{"href":"https:\/\/www.ventanasprodeco.com\/noticias\/wp-json\/wp\/v2\/posts"}],"about":[{"href":"https:\/\/www.ventanasprodeco.com\/noticias\/wp-json\/wp\/v2\/types\/post"}],"author":[{"embeddable":true,"href":"https:\/\/www.ventanasprodeco.com\/noticias\/wp-json\/wp\/v2\/users\/1"}],"replies":[{"embeddable":true,"href":"https:\/\/www.ventanasprodeco.com\/noticias\/wp-json\/wp\/v2\/comments?post=304"}],"version-history":[{"count":0,"href":"https:\/\/www.ventanasprodeco.com\/noticias\/wp-json\/wp\/v2\/posts\/304\/revisions"}],"wp:featuredmedia":[{"embeddable":true,"href":"https:\/\/www.ventanasprodeco.com\/noticias\/wp-json\/wp\/v2\/media\/306"}],"wp:attachment":[{"href":"https:\/\/www.ventanasprodeco.com\/noticias\/wp-json\/wp\/v2\/media?parent=304"}],"wp:term":[{"taxonomy":"category","embeddable":true,"href":"https:\/\/www.ventanasprodeco.com\/noticias\/wp-json\/wp\/v2\/categories?post=304"},{"taxonomy":"post_tag","embeddable":true,"href":"https:\/\/www.ventanasprodeco.com\/noticias\/wp-json\/wp\/v2\/tags?post=304"}],"curies":[{"name":"wp","href":"https:\/\/api.w.org\/{rel}","templated":true}]}}