{"id":266,"date":"2023-10-31T09:02:00","date_gmt":"2023-10-31T09:02:00","guid":{"rendered":"https:\/\/ventanasprodeco.com\/noticias\/?p=266"},"modified":"2023-10-31T09:29:21","modified_gmt":"2023-10-31T09:29:21","slug":"la-solucion-perfecta-para-tu-hogar","status":"publish","type":"post","link":"https:\/\/www.ventanasprodeco.com\/noticias\/la-solucion-perfecta-para-tu-hogar\/","title":{"rendered":"La Soluci\u00f3n Perfecta para tu Hogar"},"content":{"rendered":"<p>En un mundo donde la eficiencia energ\u00e9tica se ha convertido en una prioridad para hogares conscientes del medio ambiente y el ahorro de energ\u00eda, <a href=\"\/\" title=\"Empresa de Ventanas Alta Calidad\">Ventanas Prodeco<\/a> se destaca como una opci\u00f3n l\u00edder en el mercado de <strong>ventanas de alta calidad<\/strong>. Ofreciendo una soluci\u00f3n perfecta para un hogar eficiente en energ\u00eda.<\/p>\n<h2>Innovaci\u00f3n en Vidrio de Bajo Emisivo<\/h2>\n<p>Uno de los pilares de la eficiencia energ\u00e9tica de <strong>Ventanas Prodeco<\/strong> es su compromiso con la innovaci\u00f3n en vidrio de bajo emisivo. Este tipo de vidrio reduce significativamente la p\u00e9rdida de calor en invierno y el ingreso de calor en verano. Como resultado, las temperaturas en el interior del hogar se mantienen constantes, lo que se traduce en ahorros sustanciales en costos de calefacci\u00f3n y refrigeraci\u00f3n a lo largo del a\u00f1o.<\/p>\n<h2>Perfiles de PVC de Alta Calidad<\/h2>\n<p>Las <strong>Ventanas Prodeco<\/strong> destacan por la calidad de sus perfiles de PVC. Estos perfiles ofrecen un aislamiento excepcional, ayudando a conservar la temperatura interna y a mantener a raya las inclemencias del tiempo. Adem\u00e1s, son duraderos y resistentes a la intemperie, lo que significa que requieren un mantenimiento m\u00ednimo a lo largo de su vida \u00fatil, convirti\u00e9ndose en una inversi\u00f3n inteligente a largo plazo.<\/p>\n<h2>Dise\u00f1o Personalizado<\/h2>\n<p><strong>Ventanas Prodeco<\/strong> entiende que cada hogar es \u00fanico, por lo que ofrecen una amplia variedad de estilos y acabados para adaptarse a cualquier est\u00e9tica. Ya sea que prefieras ventanas de estilo tradicional o moderno, encontrar\u00e1s opciones que se ajusten perfectamente a tus necesidades y gustos. El dise\u00f1o personalizado es una de las principales razones por las que los propietarios conf\u00edan en Ventanas Prodeco para sus proyectos de renovaci\u00f3n y construcci\u00f3n.<\/p>\n<h2>Certificaciones de Eficiencia Energ\u00e9tica<\/h2>\n<p><strong>Ventanas Prodeco<\/strong> no solo promete eficiencia energ\u00e9tica, sino que tambi\u00e9n cuenta con las certificaciones que lo respaldan. Estas certificaciones demuestran la capacidad de sus productos para reducir la p\u00e9rdida de energ\u00eda y mejorar el confort en el hogar, lo que se traduce en beneficios tanto econ\u00f3micos como ambientales.<\/p>\n<p>Ventanas Prodeco se ha establecido como una soluci\u00f3n perfecta para aquellos que buscan un hogar eficiente en energ\u00eda sin comprometer el estilo y la calidad. Su enfoque en la innovaci\u00f3n, la eficiencia y el dise\u00f1o personalizado los coloca a la vanguardia de la industria de ventanas y los convierte en una elecci\u00f3n inteligente para cualquier propietario que busque mejorar la eficiencia energ\u00e9tica y la comodidad de su hogar.<\/p>\n","protected":false},"excerpt":{"rendered":"<p>En un mundo donde la eficiencia energ\u00e9tica se ha convertido en una prioridad para hogares conscientes del medio ambiente y el ahorro de energ\u00eda, Ventanas Prodeco se destaca como una opci\u00f3n l\u00edder en el mercado de ventanas de alta calidad. Ofreciendo una soluci\u00f3n perfecta para un hogar eficiente en energ\u00eda. Innovaci\u00f3n en Vidrio de Bajo&hellip; <a class=\"more-link\" href=\"https:\/\/www.ventanasprodeco.com\/noticias\/la-solucion-perfecta-para-tu-hogar\/\">Seguir leyendo <span class=\"screen-reader-text\">La Soluci\u00f3n Perfecta para tu Hogar<\/span><\/a><\/p>\n","protected":false},"author":1,"featured_media":268,"comment_status":"closed","ping_status":"open","sticky":false,"template":"","format":"standard","meta":{"footnotes":""},"categories":[1],"tags":[6,8,10,14,9,15,7],"class_list":["post-266","post","type-post","status-publish","format-standard","has-post-thumbnail","hentry","category-noticias","tag-ventanas","tag-ventanas-acusticas","tag-ventanas-calidad","tag-ventanas-modernas","tag-ventanas-prodeco","tag-ventanas-seguridad","tag-ventanas-termicas","entry"],"yoast_head":"<!-- This site is optimized with the Yoast SEO plugin v27.4 - https:\/\/yoast.com\/product\/yoast-seo-wordpress\/ -->\n<title>La Soluci\u00f3n Perfecta para tu Hogar - Ventanas Prodeco<\/title>\n<meta name=\"description\" content=\"Uno de los pilares de la eficiencia energ\u00e9tica de Ventanas Prodeco es su compromiso con la innovaci\u00f3n en vidrio de bajo emisivo.\" \/>\n<meta name=\"robots\" content=\"index, follow, max-snippet:-1, max-image-preview:large, max-video-preview:-1\" \/>\n<link rel=\"canonical\" href=\"https:\/\/www.ventanasprodeco.com\/noticias\/la-solucion-perfecta-para-tu-hogar\/\" \/>\n<meta property=\"og:locale\" content=\"es_ES\" \/>\n<meta property=\"og:type\" content=\"article\" \/>\n<meta property=\"og:title\" content=\"La Soluci\u00f3n Perfecta para tu Hogar - Ventanas Prodeco\" \/>\n<meta property=\"og:description\" content=\"Uno de los pilares de la eficiencia energ\u00e9tica de Ventanas Prodeco es su compromiso con la innovaci\u00f3n en vidrio de bajo emisivo.\" \/>\n<meta property=\"og:url\" content=\"https:\/\/www.ventanasprodeco.com\/noticias\/la-solucion-perfecta-para-tu-hogar\/\" \/>\n<meta property=\"og:site_name\" content=\"Ventanas Prodeco\" \/>\n<meta property=\"article:publisher\" content=\"https:\/\/www.facebook.com\/VentanasProdeco\" \/>\n<meta property=\"article:published_time\" content=\"2023-10-31T09:02:00+00:00\" \/>\n<meta property=\"article:modified_time\" content=\"2023-10-31T09:29:21+00:00\" \/>\n<meta property=\"og:image\" content=\"https:\/\/www.ventanasprodeco.com\/noticias\/wp-content\/uploads\/2023\/10\/ventanas-prodeco-alta-calidad.jpg\" \/>\n\t<meta property=\"og:image:width\" content=\"1568\" \/>\n\t<meta property=\"og:image:height\" content=\"1046\" \/>\n\t<meta property=\"og:image:type\" content=\"image\/jpeg\" \/>\n<meta name=\"author\" content=\"Ventanas Prodeco\" \/>\n<meta name=\"twitter:card\" content=\"summary_large_image\" \/>\n<meta name=\"twitter:creator\" content=\"@VentanasProdeco\" \/>\n<meta name=\"twitter:site\" content=\"@VentanasProdeco\" \/>\n<meta name=\"twitter:label1\" content=\"Escrito por\" \/>\n\t<meta name=\"twitter:data1\" content=\"Ventanas Prodeco\" \/>\n\t<meta name=\"twitter:label2\" content=\"Tiempo de lectura\" \/>\n\t<meta name=\"twitter:data2\" content=\"2 minutos\" \/>\n<script type=\"application\/ld+json\" class=\"yoast-schema-graph\">{\"@context\":\"https:\\\/\\\/schema.org\",\"@graph\":[{\"@type\":\"Article\",\"@id\":\"https:\\\/\\\/www.ventanasprodeco.com\\\/noticias\\\/la-solucion-perfecta-para-tu-hogar\\\/#article\",\"isPartOf\":{\"@id\":\"https:\\\/\\\/www.ventanasprodeco.com\\\/noticias\\\/la-solucion-perfecta-para-tu-hogar\\\/\"},\"author\":{\"name\":\"Ventanas Prodeco\",\"@id\":\"https:\\\/\\\/www.ventanasprodeco.com\\\/noticias\\\/#\\\/schema\\\/person\\\/e2913647ff79c129e55984ab50faf21a\"},\"headline\":\"La Soluci\u00f3n Perfecta para tu Hogar\",\"datePublished\":\"2023-10-31T09:02:00+00:00\",\"dateModified\":\"2023-10-31T09:29:21+00:00\",\"mainEntityOfPage\":{\"@id\":\"https:\\\/\\\/www.ventanasprodeco.com\\\/noticias\\\/la-solucion-perfecta-para-tu-hogar\\\/\"},\"wordCount\":432,\"publisher\":{\"@id\":\"https:\\\/\\\/www.ventanasprodeco.com\\\/noticias\\\/#organization\"},\"image\":{\"@id\":\"https:\\\/\\\/www.ventanasprodeco.com\\\/noticias\\\/la-solucion-perfecta-para-tu-hogar\\\/#primaryimage\"},\"thumbnailUrl\":\"https:\\\/\\\/www.ventanasprodeco.com\\\/noticias\\\/wp-content\\\/uploads\\\/2023\\\/10\\\/ventanas-prodeco-alta-calidad.jpg\",\"keywords\":[\"Ventanas\",\"Ventanas Ac\u00fasticas\",\"Ventanas Calidad\",\"Ventanas Modernas\",\"Ventanas Prodeco\",\"Ventanas Seguridad\",\"Ventanas T\u00e9rmicas\"],\"articleSection\":[\"Noticias\"],\"inLanguage\":\"es\"},{\"@type\":\"WebPage\",\"@id\":\"https:\\\/\\\/www.ventanasprodeco.com\\\/noticias\\\/la-solucion-perfecta-para-tu-hogar\\\/\",\"url\":\"https:\\\/\\\/www.ventanasprodeco.com\\\/noticias\\\/la-solucion-perfecta-para-tu-hogar\\\/\",\"name\":\"La Soluci\u00f3n Perfecta para tu Hogar - Ventanas Prodeco\",\"isPartOf\":{\"@id\":\"https:\\\/\\\/www.ventanasprodeco.com\\\/noticias\\\/#website\"},\"primaryImageOfPage\":{\"@id\":\"https:\\\/\\\/www.ventanasprodeco.com\\\/noticias\\\/la-solucion-perfecta-para-tu-hogar\\\/#primaryimage\"},\"image\":{\"@id\":\"https:\\\/\\\/www.ventanasprodeco.com\\\/noticias\\\/la-solucion-perfecta-para-tu-hogar\\\/#primaryimage\"},\"thumbnailUrl\":\"https:\\\/\\\/www.ventanasprodeco.com\\\/noticias\\\/wp-content\\\/uploads\\\/2023\\\/10\\\/ventanas-prodeco-alta-calidad.jpg\",\"datePublished\":\"2023-10-31T09:02:00+00:00\",\"dateModified\":\"2023-10-31T09:29:21+00:00\",\"description\":\"Uno de los pilares de la eficiencia energ\u00e9tica de Ventanas Prodeco es su compromiso con la innovaci\u00f3n en vidrio de bajo emisivo.\",\"breadcrumb\":{\"@id\":\"https:\\\/\\\/www.ventanasprodeco.com\\\/noticias\\\/la-solucion-perfecta-para-tu-hogar\\\/#breadcrumb\"},\"inLanguage\":\"es\",\"potentialAction\":[{\"@type\":\"ReadAction\",\"target\":[\"https:\\\/\\\/www.ventanasprodeco.com\\\/noticias\\\/la-solucion-perfecta-para-tu-hogar\\\/\"]}]},{\"@type\":\"ImageObject\",\"inLanguage\":\"es\",\"@id\":\"https:\\\/\\\/www.ventanasprodeco.com\\\/noticias\\\/la-solucion-perfecta-para-tu-hogar\\\/#primaryimage\",\"url\":\"https:\\\/\\\/www.ventanasprodeco.com\\\/noticias\\\/wp-content\\\/uploads\\\/2023\\\/10\\\/ventanas-prodeco-alta-calidad.jpg\",\"contentUrl\":\"https:\\\/\\\/www.ventanasprodeco.com\\\/noticias\\\/wp-content\\\/uploads\\\/2023\\\/10\\\/ventanas-prodeco-alta-calidad.jpg\",\"width\":1568,\"height\":1046},{\"@type\":\"BreadcrumbList\",\"@id\":\"https:\\\/\\\/www.ventanasprodeco.com\\\/noticias\\\/la-solucion-perfecta-para-tu-hogar\\\/#breadcrumb\",\"itemListElement\":[{\"@type\":\"ListItem\",\"position\":1,\"name\":\"Portada\",\"item\":\"https:\\\/\\\/www.ventanasprodeco.com\\\/noticias\\\/\"},{\"@type\":\"ListItem\",\"position\":2,\"name\":\"La Soluci\u00f3n Perfecta para tu Hogar\"}]},{\"@type\":\"WebSite\",\"@id\":\"https:\\\/\\\/www.ventanasprodeco.com\\\/noticias\\\/#website\",\"url\":\"https:\\\/\\\/www.ventanasprodeco.com\\\/noticias\\\/\",\"name\":\"VentanasProdeco.com\",\"description\":\"Especialistas en Ventanas\",\"publisher\":{\"@id\":\"https:\\\/\\\/www.ventanasprodeco.com\\\/noticias\\\/#organization\"},\"potentialAction\":[{\"@type\":\"SearchAction\",\"target\":{\"@type\":\"EntryPoint\",\"urlTemplate\":\"https:\\\/\\\/www.ventanasprodeco.com\\\/noticias\\\/?s={search_term_string}\"},\"query-input\":{\"@type\":\"PropertyValueSpecification\",\"valueRequired\":true,\"valueName\":\"search_term_string\"}}],\"inLanguage\":\"es\"},{\"@type\":\"Organization\",\"@id\":\"https:\\\/\\\/www.ventanasprodeco.com\\\/noticias\\\/#organization\",\"name\":\"Ventanas Prodeco\",\"url\":\"https:\\\/\\\/www.ventanasprodeco.com\\\/noticias\\\/\",\"logo\":{\"@type\":\"ImageObject\",\"inLanguage\":\"es\",\"@id\":\"https:\\\/\\\/www.ventanasprodeco.com\\\/noticias\\\/#\\\/schema\\\/logo\\\/image\\\/\",\"url\":\"https:\\\/\\\/www.ventanasprodeco.com\\\/noticias\\\/wp-content\\\/uploads\\\/2023\\\/06\\\/cropped-logo.png\",\"contentUrl\":\"https:\\\/\\\/www.ventanasprodeco.com\\\/noticias\\\/wp-content\\\/uploads\\\/2023\\\/06\\\/cropped-logo.png\",\"width\":300,\"height\":65,\"caption\":\"Ventanas Prodeco\"},\"image\":{\"@id\":\"https:\\\/\\\/www.ventanasprodeco.com\\\/noticias\\\/#\\\/schema\\\/logo\\\/image\\\/\"},\"sameAs\":[\"https:\\\/\\\/www.facebook.com\\\/VentanasProdeco\",\"https:\\\/\\\/x.com\\\/VentanasProdeco\",\"https:\\\/\\\/www.tiktok.com\\\/@VentanasProdeco\",\"https:\\\/\\\/www.youtube.com\\\/@VentanasProdeco\"]},{\"@type\":\"Person\",\"@id\":\"https:\\\/\\\/www.ventanasprodeco.com\\\/noticias\\\/#\\\/schema\\\/person\\\/e2913647ff79c129e55984ab50faf21a\",\"name\":\"Ventanas Prodeco\",\"image\":{\"@type\":\"ImageObject\",\"inLanguage\":\"es\",\"@id\":\"https:\\\/\\\/secure.gravatar.com\\\/avatar\\\/c5f8fa291da6699f0d04718e30fdb7ff9fa47d2ae84c79a8f68922349513ce31?s=96&d=mm&r=g\",\"url\":\"https:\\\/\\\/secure.gravatar.com\\\/avatar\\\/c5f8fa291da6699f0d04718e30fdb7ff9fa47d2ae84c79a8f68922349513ce31?s=96&d=mm&r=g\",\"contentUrl\":\"https:\\\/\\\/secure.gravatar.com\\\/avatar\\\/c5f8fa291da6699f0d04718e30fdb7ff9fa47d2ae84c79a8f68922349513ce31?s=96&d=mm&r=g\",\"caption\":\"Ventanas Prodeco\"},\"sameAs\":[\"http:\\\/\\\/ventanasprodeco.com\\\/noticias\"],\"url\":\"https:\\\/\\\/www.ventanasprodeco.com\\\/noticias\\\/author\\\/admin\\\/\"}]}<\/script>\n<!-- \/ Yoast SEO plugin. -->","yoast_head_json":{"title":"La Soluci\u00f3n Perfecta para tu Hogar - Ventanas Prodeco","description":"Uno de los pilares de la eficiencia energ\u00e9tica de Ventanas Prodeco es su compromiso con la innovaci\u00f3n en vidrio de bajo emisivo.","robots":{"index":"index","follow":"follow","max-snippet":"max-snippet:-1","max-image-preview":"max-image-preview:large","max-video-preview":"max-video-preview:-1"},"canonical":"https:\/\/www.ventanasprodeco.com\/noticias\/la-solucion-perfecta-para-tu-hogar\/","og_locale":"es_ES","og_type":"article","og_title":"La Soluci\u00f3n Perfecta para tu Hogar - Ventanas Prodeco","og_description":"Uno de los pilares de la eficiencia energ\u00e9tica de Ventanas Prodeco es su compromiso con la innovaci\u00f3n en vidrio de bajo emisivo.","og_url":"https:\/\/www.ventanasprodeco.com\/noticias\/la-solucion-perfecta-para-tu-hogar\/","og_site_name":"Ventanas Prodeco","article_publisher":"https:\/\/www.facebook.com\/VentanasProdeco","article_published_time":"2023-10-31T09:02:00+00:00","article_modified_time":"2023-10-31T09:29:21+00:00","og_image":[{"width":1568,"height":1046,"url":"https:\/\/www.ventanasprodeco.com\/noticias\/wp-content\/uploads\/2023\/10\/ventanas-prodeco-alta-calidad.jpg","type":"image\/jpeg"}],"author":"Ventanas Prodeco","twitter_card":"summary_large_image","twitter_creator":"@VentanasProdeco","twitter_site":"@VentanasProdeco","twitter_misc":{"Escrito por":"Ventanas Prodeco","Tiempo de lectura":"2 minutos"},"schema":{"@context":"https:\/\/schema.org","@graph":[{"@type":"Article","@id":"https:\/\/www.ventanasprodeco.com\/noticias\/la-solucion-perfecta-para-tu-hogar\/#article","isPartOf":{"@id":"https:\/\/www.ventanasprodeco.com\/noticias\/la-solucion-perfecta-para-tu-hogar\/"},"author":{"name":"Ventanas Prodeco","@id":"https:\/\/www.ventanasprodeco.com\/noticias\/#\/schema\/person\/e2913647ff79c129e55984ab50faf21a"},"headline":"La Soluci\u00f3n Perfecta para tu Hogar","datePublished":"2023-10-31T09:02:00+00:00","dateModified":"2023-10-31T09:29:21+00:00","mainEntityOfPage":{"@id":"https:\/\/www.ventanasprodeco.com\/noticias\/la-solucion-perfecta-para-tu-hogar\/"},"wordCount":432,"publisher":{"@id":"https:\/\/www.ventanasprodeco.com\/noticias\/#organization"},"image":{"@id":"https:\/\/www.ventanasprodeco.com\/noticias\/la-solucion-perfecta-para-tu-hogar\/#primaryimage"},"thumbnailUrl":"https:\/\/www.ventanasprodeco.com\/noticias\/wp-content\/uploads\/2023\/10\/ventanas-prodeco-alta-calidad.jpg","keywords":["Ventanas","Ventanas Ac\u00fasticas","Ventanas Calidad","Ventanas Modernas","Ventanas Prodeco","Ventanas Seguridad","Ventanas T\u00e9rmicas"],"articleSection":["Noticias"],"inLanguage":"es"},{"@type":"WebPage","@id":"https:\/\/www.ventanasprodeco.com\/noticias\/la-solucion-perfecta-para-tu-hogar\/","url":"https:\/\/www.ventanasprodeco.com\/noticias\/la-solucion-perfecta-para-tu-hogar\/","name":"La Soluci\u00f3n Perfecta para tu Hogar - Ventanas Prodeco","isPartOf":{"@id":"https:\/\/www.ventanasprodeco.com\/noticias\/#website"},"primaryImageOfPage":{"@id":"https:\/\/www.ventanasprodeco.com\/noticias\/la-solucion-perfecta-para-tu-hogar\/#primaryimage"},"image":{"@id":"https:\/\/www.ventanasprodeco.com\/noticias\/la-solucion-perfecta-para-tu-hogar\/#primaryimage"},"thumbnailUrl":"https:\/\/www.ventanasprodeco.com\/noticias\/wp-content\/uploads\/2023\/10\/ventanas-prodeco-alta-calidad.jpg","datePublished":"2023-10-31T09:02:00+00:00","dateModified":"2023-10-31T09:29:21+00:00","description":"Uno de los pilares de la eficiencia energ\u00e9tica de Ventanas Prodeco es su compromiso con la innovaci\u00f3n en vidrio de bajo emisivo.","breadcrumb":{"@id":"https:\/\/www.ventanasprodeco.com\/noticias\/la-solucion-perfecta-para-tu-hogar\/#breadcrumb"},"inLanguage":"es","potentialAction":[{"@type":"ReadAction","target":["https:\/\/www.ventanasprodeco.com\/noticias\/la-solucion-perfecta-para-tu-hogar\/"]}]},{"@type":"ImageObject","inLanguage":"es","@id":"https:\/\/www.ventanasprodeco.com\/noticias\/la-solucion-perfecta-para-tu-hogar\/#primaryimage","url":"https:\/\/www.ventanasprodeco.com\/noticias\/wp-content\/uploads\/2023\/10\/ventanas-prodeco-alta-calidad.jpg","contentUrl":"https:\/\/www.ventanasprodeco.com\/noticias\/wp-content\/uploads\/2023\/10\/ventanas-prodeco-alta-calidad.jpg","width":1568,"height":1046},{"@type":"BreadcrumbList","@id":"https:\/\/www.ventanasprodeco.com\/noticias\/la-solucion-perfecta-para-tu-hogar\/#breadcrumb","itemListElement":[{"@type":"ListItem","position":1,"name":"Portada","item":"https:\/\/www.ventanasprodeco.com\/noticias\/"},{"@type":"ListItem","position":2,"name":"La Soluci\u00f3n Perfecta para tu Hogar"}]},{"@type":"WebSite","@id":"https:\/\/www.ventanasprodeco.com\/noticias\/#website","url":"https:\/\/www.ventanasprodeco.com\/noticias\/","name":"VentanasProdeco.com","description":"Especialistas en Ventanas","publisher":{"@id":"https:\/\/www.ventanasprodeco.com\/noticias\/#organization"},"potentialAction":[{"@type":"SearchAction","target":{"@type":"EntryPoint","urlTemplate":"https:\/\/www.ventanasprodeco.com\/noticias\/?s={search_term_string}"},"query-input":{"@type":"PropertyValueSpecification","valueRequired":true,"valueName":"search_term_string"}}],"inLanguage":"es"},{"@type":"Organization","@id":"https:\/\/www.ventanasprodeco.com\/noticias\/#organization","name":"Ventanas Prodeco","url":"https:\/\/www.ventanasprodeco.com\/noticias\/","logo":{"@type":"ImageObject","inLanguage":"es","@id":"https:\/\/www.ventanasprodeco.com\/noticias\/#\/schema\/logo\/image\/","url":"https:\/\/www.ventanasprodeco.com\/noticias\/wp-content\/uploads\/2023\/06\/cropped-logo.png","contentUrl":"https:\/\/www.ventanasprodeco.com\/noticias\/wp-content\/uploads\/2023\/06\/cropped-logo.png","width":300,"height":65,"caption":"Ventanas Prodeco"},"image":{"@id":"https:\/\/www.ventanasprodeco.com\/noticias\/#\/schema\/logo\/image\/"},"sameAs":["https:\/\/www.facebook.com\/VentanasProdeco","https:\/\/x.com\/VentanasProdeco","https:\/\/www.tiktok.com\/@VentanasProdeco","https:\/\/www.youtube.com\/@VentanasProdeco"]},{"@type":"Person","@id":"https:\/\/www.ventanasprodeco.com\/noticias\/#\/schema\/person\/e2913647ff79c129e55984ab50faf21a","name":"Ventanas Prodeco","image":{"@type":"ImageObject","inLanguage":"es","@id":"https:\/\/secure.gravatar.com\/avatar\/c5f8fa291da6699f0d04718e30fdb7ff9fa47d2ae84c79a8f68922349513ce31?s=96&d=mm&r=g","url":"https:\/\/secure.gravatar.com\/avatar\/c5f8fa291da6699f0d04718e30fdb7ff9fa47d2ae84c79a8f68922349513ce31?s=96&d=mm&r=g","contentUrl":"https:\/\/secure.gravatar.com\/avatar\/c5f8fa291da6699f0d04718e30fdb7ff9fa47d2ae84c79a8f68922349513ce31?s=96&d=mm&r=g","caption":"Ventanas Prodeco"},"sameAs":["http:\/\/ventanasprodeco.com\/noticias"],"url":"https:\/\/www.ventanasprodeco.com\/noticias\/author\/admin\/"}]}},"_links":{"self":[{"href":"https:\/\/www.ventanasprodeco.com\/noticias\/wp-json\/wp\/v2\/posts\/266","targetHints":{"allow":["GET"]}}],"collection":[{"href":"https:\/\/www.ventanasprodeco.com\/noticias\/wp-json\/wp\/v2\/posts"}],"about":[{"href":"https:\/\/www.ventanasprodeco.com\/noticias\/wp-json\/wp\/v2\/types\/post"}],"author":[{"embeddable":true,"href":"https:\/\/www.ventanasprodeco.com\/noticias\/wp-json\/wp\/v2\/users\/1"}],"replies":[{"embeddable":true,"href":"https:\/\/www.ventanasprodeco.com\/noticias\/wp-json\/wp\/v2\/comments?post=266"}],"version-history":[{"count":0,"href":"https:\/\/www.ventanasprodeco.com\/noticias\/wp-json\/wp\/v2\/posts\/266\/revisions"}],"wp:featuredmedia":[{"embeddable":true,"href":"https:\/\/www.ventanasprodeco.com\/noticias\/wp-json\/wp\/v2\/media\/268"}],"wp:attachment":[{"href":"https:\/\/www.ventanasprodeco.com\/noticias\/wp-json\/wp\/v2\/media?parent=266"}],"wp:term":[{"taxonomy":"category","embeddable":true,"href":"https:\/\/www.ventanasprodeco.com\/noticias\/wp-json\/wp\/v2\/categories?post=266"},{"taxonomy":"post_tag","embeddable":true,"href":"https:\/\/www.ventanasprodeco.com\/noticias\/wp-json\/wp\/v2\/tags?post=266"}],"curies":[{"name":"wp","href":"https:\/\/api.w.org\/{rel}","templated":true}]}}