{"id":209,"date":"2023-09-21T17:20:32","date_gmt":"2023-09-21T17:20:32","guid":{"rendered":"https:\/\/ventanasprodeco.com\/noticias\/?p=209"},"modified":"2023-09-21T17:27:05","modified_gmt":"2023-09-21T17:27:05","slug":"sistema-corredera-elevadora-panoramica","status":"publish","type":"post","link":"https:\/\/www.ventanasprodeco.com\/noticias\/sistema-corredera-elevadora-panoramica\/","title":{"rendered":"Innova tu hogar con el Sistema de Corredera Elevadora Panor\u00e1mica"},"content":{"rendered":"<p>En nuestra b\u00fasqueda continua por ofrecer a nuestros clientes las \u00faltimas innovaciones en ventanas, <a href=\"\/\" title=\"Especialistas en Ventanas de Alta Calidad\">Ventanas Prodeco<\/a> se enorgullece de presentar una nueva adici\u00f3n a nuestra l\u00ednea de productos: el sistema de corredera elevadora panor\u00e1mica. Hoy exploraremos en detalle esta tecnolog\u00eda revolucionaria y c\u00f3mo puede transformar la apertura y el dise\u00f1o de tus espacios.<\/p>\n<h2>El Sistema de Corredera Elevadora Panor\u00e1mica de Ventanas<\/h2>\n<p>El sistema de corredera elevadora panor\u00e1mica es una soluci\u00f3n innovadora para aquellos que desean llevar la belleza del exterior al interior de su hogar. Aqu\u00ed hay algunas caracter\u00edsticas destacadas:<\/p>\n<p><b>Apertura sin Barreras:<\/b> Las ventanas equipadas con este sistema se abren sin obst\u00e1culos, creando una transici\u00f3n perfecta entre el interior y el exterior de tu hogar. Disfruta de una sensaci\u00f3n de amplitud y conexi\u00f3n con la naturaleza como nunca antes.<\/p>\n<p><b>Dise\u00f1o Panor\u00e1mico:<\/b> El sistema de corredera elevadora panor\u00e1mica permite la instalaci\u00f3n de ventanas de gran tama\u00f1o que ofrecen impresionantes vistas panor\u00e1micas. Esto no solo mejora la est\u00e9tica de tus espacios, sino que tambi\u00e9n permite que la luz natural inunde tu hogar.<\/p>\n<p><b>Ventilaci\u00f3n y Eficiencia Energ\u00e9tica:<\/b> A pesar de su tama\u00f1o, estas ventanas mantienen un alto nivel de eficiencia energ\u00e9tica. Puedes disfrutar de la ventilaci\u00f3n natural cuando lo desees sin comprometer el aislamiento t\u00e9rmico.<\/p>\n<p><b>Seguridad y Durabilidad:<\/b> La seguridad es una prioridad, y estas ventanas cuentan con mecanismos de bloqueo y materiales duraderos que garantizan un funcionamiento seguro y confiable.<\/p>\n<p><b>Aplicaciones Vers\u00e1tiles:<\/b> Este sistema no solo es perfecto para salas de estar y \u00e1reas de entretenimiento, sino que tambi\u00e9n puede ser una excelente adici\u00f3n a dormitorios, oficinas en el hogar y m\u00e1s. Su versatilidad lo convierte en una opci\u00f3n emocionante para una variedad de aplicaciones en tu hogar.<\/p>\n<h2>Transforma tu Hogar con Ventanas Prodeco<\/h2>\n<p>En <strong>Ventanas Prodeco<\/strong>, creemos que tus ventanas son m\u00e1s que simples aberturas. Son la conexi\u00f3n con el mundo exterior y una expresi\u00f3n de tu estilo personal. Con el sistema de corredera elevadora panor\u00e1mica, puedes elevar el dise\u00f1o y la funcionalidad de tus ventanas a un nivel completamente nuevo.<\/p>\n<p>Mantente atento para obtener m\u00e1s detalles sobre esta emocionante adici\u00f3n a nuestra l\u00ednea de productos y c\u00f3mo puede transformar tus espacios. En <strong>Ventanas Prodeco<\/strong>, estamos comprometidos con brindarte las mejores soluciones en ventanas para que puedas disfrutar de un hogar hermoso y funcional.<\/p>\n","protected":false},"excerpt":{"rendered":"<p>En nuestra b\u00fasqueda continua por ofrecer a nuestros clientes las \u00faltimas innovaciones en ventanas, Ventanas Prodeco se enorgullece de presentar una nueva adici\u00f3n a nuestra l\u00ednea de productos: el sistema de corredera elevadora panor\u00e1mica. Hoy exploraremos en detalle esta tecnolog\u00eda revolucionaria y c\u00f3mo puede transformar la apertura y el dise\u00f1o de tus espacios. El Sistema&hellip; <a class=\"more-link\" href=\"https:\/\/www.ventanasprodeco.com\/noticias\/sistema-corredera-elevadora-panoramica\/\">Seguir leyendo <span class=\"screen-reader-text\">Innova tu hogar con el Sistema de Corredera Elevadora Panor\u00e1mica<\/span><\/a><\/p>\n","protected":false},"author":1,"featured_media":211,"comment_status":"closed","ping_status":"open","sticky":false,"template":"","format":"standard","meta":{"footnotes":""},"categories":[1],"tags":[6,8,10,12,9,15,7],"class_list":["post-209","post","type-post","status-publish","format-standard","has-post-thumbnail","hentry","category-noticias","tag-ventanas","tag-ventanas-acusticas","tag-ventanas-calidad","tag-ventanas-correderas","tag-ventanas-prodeco","tag-ventanas-seguridad","tag-ventanas-termicas","entry"],"yoast_head":"<!-- This site is optimized with the Yoast SEO plugin v27.4 - https:\/\/yoast.com\/product\/yoast-seo-wordpress\/ -->\n<title>Innova tu hogar con el Sistema de Corredera Elevadora Panor\u00e1mica - Ventanas Prodeco<\/title>\n<meta name=\"description\" content=\"Innovaci\u00f3n tu hogar con el Sistema de Corredera Elevadora Panor\u00e1mica de Ventanas Prodeco.\" \/>\n<meta name=\"robots\" content=\"index, follow, max-snippet:-1, max-image-preview:large, max-video-preview:-1\" \/>\n<link rel=\"canonical\" href=\"https:\/\/www.ventanasprodeco.com\/noticias\/sistema-corredera-elevadora-panoramica\/\" \/>\n<meta property=\"og:locale\" content=\"es_ES\" \/>\n<meta property=\"og:type\" content=\"article\" \/>\n<meta property=\"og:title\" content=\"Innova tu hogar con el Sistema de Corredera Elevadora Panor\u00e1mica - Ventanas Prodeco\" \/>\n<meta property=\"og:description\" content=\"Innovaci\u00f3n tu hogar con el Sistema de Corredera Elevadora Panor\u00e1mica de Ventanas Prodeco.\" \/>\n<meta property=\"og:url\" content=\"https:\/\/www.ventanasprodeco.com\/noticias\/sistema-corredera-elevadora-panoramica\/\" \/>\n<meta property=\"og:site_name\" content=\"Ventanas Prodeco\" \/>\n<meta property=\"article:publisher\" content=\"https:\/\/www.facebook.com\/VentanasProdeco\" \/>\n<meta property=\"article:published_time\" content=\"2023-09-21T17:20:32+00:00\" \/>\n<meta property=\"article:modified_time\" content=\"2023-09-21T17:27:05+00:00\" \/>\n<meta property=\"og:image\" content=\"https:\/\/www.ventanasprodeco.com\/noticias\/wp-content\/uploads\/2023\/09\/sistema-corredera-elevadora-panoramica-min.jpg\" \/>\n\t<meta property=\"og:image:width\" content=\"1568\" \/>\n\t<meta property=\"og:image:height\" content=\"1046\" \/>\n\t<meta property=\"og:image:type\" content=\"image\/jpeg\" \/>\n<meta name=\"author\" content=\"Ventanas Prodeco\" \/>\n<meta name=\"twitter:card\" content=\"summary_large_image\" \/>\n<meta name=\"twitter:creator\" content=\"@VentanasProdeco\" \/>\n<meta name=\"twitter:site\" content=\"@VentanasProdeco\" \/>\n<meta name=\"twitter:label1\" content=\"Escrito por\" \/>\n\t<meta name=\"twitter:data1\" content=\"Ventanas Prodeco\" \/>\n\t<meta name=\"twitter:label2\" content=\"Tiempo de lectura\" \/>\n\t<meta name=\"twitter:data2\" content=\"2 minutos\" \/>\n<script type=\"application\/ld+json\" class=\"yoast-schema-graph\">{\"@context\":\"https:\\\/\\\/schema.org\",\"@graph\":[{\"@type\":\"Article\",\"@id\":\"https:\\\/\\\/www.ventanasprodeco.com\\\/noticias\\\/sistema-corredera-elevadora-panoramica\\\/#article\",\"isPartOf\":{\"@id\":\"https:\\\/\\\/www.ventanasprodeco.com\\\/noticias\\\/sistema-corredera-elevadora-panoramica\\\/\"},\"author\":{\"name\":\"Ventanas Prodeco\",\"@id\":\"https:\\\/\\\/www.ventanasprodeco.com\\\/noticias\\\/#\\\/schema\\\/person\\\/e2913647ff79c129e55984ab50faf21a\"},\"headline\":\"Innova tu hogar con el Sistema de Corredera Elevadora Panor\u00e1mica\",\"datePublished\":\"2023-09-21T17:20:32+00:00\",\"dateModified\":\"2023-09-21T17:27:05+00:00\",\"mainEntityOfPage\":{\"@id\":\"https:\\\/\\\/www.ventanasprodeco.com\\\/noticias\\\/sistema-corredera-elevadora-panoramica\\\/\"},\"wordCount\":428,\"publisher\":{\"@id\":\"https:\\\/\\\/www.ventanasprodeco.com\\\/noticias\\\/#organization\"},\"image\":{\"@id\":\"https:\\\/\\\/www.ventanasprodeco.com\\\/noticias\\\/sistema-corredera-elevadora-panoramica\\\/#primaryimage\"},\"thumbnailUrl\":\"https:\\\/\\\/www.ventanasprodeco.com\\\/noticias\\\/wp-content\\\/uploads\\\/2023\\\/09\\\/sistema-corredera-elevadora-panoramica-min.jpg\",\"keywords\":[\"Ventanas\",\"Ventanas Ac\u00fasticas\",\"Ventanas Calidad\",\"Ventanas Correderas\",\"Ventanas Prodeco\",\"Ventanas Seguridad\",\"Ventanas T\u00e9rmicas\"],\"articleSection\":[\"Noticias\"],\"inLanguage\":\"es\"},{\"@type\":\"WebPage\",\"@id\":\"https:\\\/\\\/www.ventanasprodeco.com\\\/noticias\\\/sistema-corredera-elevadora-panoramica\\\/\",\"url\":\"https:\\\/\\\/www.ventanasprodeco.com\\\/noticias\\\/sistema-corredera-elevadora-panoramica\\\/\",\"name\":\"Innova tu hogar con el Sistema de Corredera Elevadora Panor\u00e1mica - Ventanas Prodeco\",\"isPartOf\":{\"@id\":\"https:\\\/\\\/www.ventanasprodeco.com\\\/noticias\\\/#website\"},\"primaryImageOfPage\":{\"@id\":\"https:\\\/\\\/www.ventanasprodeco.com\\\/noticias\\\/sistema-corredera-elevadora-panoramica\\\/#primaryimage\"},\"image\":{\"@id\":\"https:\\\/\\\/www.ventanasprodeco.com\\\/noticias\\\/sistema-corredera-elevadora-panoramica\\\/#primaryimage\"},\"thumbnailUrl\":\"https:\\\/\\\/www.ventanasprodeco.com\\\/noticias\\\/wp-content\\\/uploads\\\/2023\\\/09\\\/sistema-corredera-elevadora-panoramica-min.jpg\",\"datePublished\":\"2023-09-21T17:20:32+00:00\",\"dateModified\":\"2023-09-21T17:27:05+00:00\",\"description\":\"Innovaci\u00f3n tu hogar con el Sistema de Corredera Elevadora Panor\u00e1mica de Ventanas Prodeco.\",\"breadcrumb\":{\"@id\":\"https:\\\/\\\/www.ventanasprodeco.com\\\/noticias\\\/sistema-corredera-elevadora-panoramica\\\/#breadcrumb\"},\"inLanguage\":\"es\",\"potentialAction\":[{\"@type\":\"ReadAction\",\"target\":[\"https:\\\/\\\/www.ventanasprodeco.com\\\/noticias\\\/sistema-corredera-elevadora-panoramica\\\/\"]}]},{\"@type\":\"ImageObject\",\"inLanguage\":\"es\",\"@id\":\"https:\\\/\\\/www.ventanasprodeco.com\\\/noticias\\\/sistema-corredera-elevadora-panoramica\\\/#primaryimage\",\"url\":\"https:\\\/\\\/www.ventanasprodeco.com\\\/noticias\\\/wp-content\\\/uploads\\\/2023\\\/09\\\/sistema-corredera-elevadora-panoramica-min.jpg\",\"contentUrl\":\"https:\\\/\\\/www.ventanasprodeco.com\\\/noticias\\\/wp-content\\\/uploads\\\/2023\\\/09\\\/sistema-corredera-elevadora-panoramica-min.jpg\",\"width\":1568,\"height\":1046},{\"@type\":\"BreadcrumbList\",\"@id\":\"https:\\\/\\\/www.ventanasprodeco.com\\\/noticias\\\/sistema-corredera-elevadora-panoramica\\\/#breadcrumb\",\"itemListElement\":[{\"@type\":\"ListItem\",\"position\":1,\"name\":\"Portada\",\"item\":\"https:\\\/\\\/www.ventanasprodeco.com\\\/noticias\\\/\"},{\"@type\":\"ListItem\",\"position\":2,\"name\":\"Innova tu hogar con el Sistema de Corredera Elevadora Panor\u00e1mica\"}]},{\"@type\":\"WebSite\",\"@id\":\"https:\\\/\\\/www.ventanasprodeco.com\\\/noticias\\\/#website\",\"url\":\"https:\\\/\\\/www.ventanasprodeco.com\\\/noticias\\\/\",\"name\":\"VentanasProdeco.com\",\"description\":\"Especialistas en Ventanas\",\"publisher\":{\"@id\":\"https:\\\/\\\/www.ventanasprodeco.com\\\/noticias\\\/#organization\"},\"potentialAction\":[{\"@type\":\"SearchAction\",\"target\":{\"@type\":\"EntryPoint\",\"urlTemplate\":\"https:\\\/\\\/www.ventanasprodeco.com\\\/noticias\\\/?s={search_term_string}\"},\"query-input\":{\"@type\":\"PropertyValueSpecification\",\"valueRequired\":true,\"valueName\":\"search_term_string\"}}],\"inLanguage\":\"es\"},{\"@type\":\"Organization\",\"@id\":\"https:\\\/\\\/www.ventanasprodeco.com\\\/noticias\\\/#organization\",\"name\":\"Ventanas Prodeco\",\"url\":\"https:\\\/\\\/www.ventanasprodeco.com\\\/noticias\\\/\",\"logo\":{\"@type\":\"ImageObject\",\"inLanguage\":\"es\",\"@id\":\"https:\\\/\\\/www.ventanasprodeco.com\\\/noticias\\\/#\\\/schema\\\/logo\\\/image\\\/\",\"url\":\"https:\\\/\\\/www.ventanasprodeco.com\\\/noticias\\\/wp-content\\\/uploads\\\/2023\\\/06\\\/cropped-logo.png\",\"contentUrl\":\"https:\\\/\\\/www.ventanasprodeco.com\\\/noticias\\\/wp-content\\\/uploads\\\/2023\\\/06\\\/cropped-logo.png\",\"width\":300,\"height\":65,\"caption\":\"Ventanas Prodeco\"},\"image\":{\"@id\":\"https:\\\/\\\/www.ventanasprodeco.com\\\/noticias\\\/#\\\/schema\\\/logo\\\/image\\\/\"},\"sameAs\":[\"https:\\\/\\\/www.facebook.com\\\/VentanasProdeco\",\"https:\\\/\\\/x.com\\\/VentanasProdeco\",\"https:\\\/\\\/www.tiktok.com\\\/@VentanasProdeco\",\"https:\\\/\\\/www.youtube.com\\\/@VentanasProdeco\"]},{\"@type\":\"Person\",\"@id\":\"https:\\\/\\\/www.ventanasprodeco.com\\\/noticias\\\/#\\\/schema\\\/person\\\/e2913647ff79c129e55984ab50faf21a\",\"name\":\"Ventanas Prodeco\",\"image\":{\"@type\":\"ImageObject\",\"inLanguage\":\"es\",\"@id\":\"https:\\\/\\\/secure.gravatar.com\\\/avatar\\\/c5f8fa291da6699f0d04718e30fdb7ff9fa47d2ae84c79a8f68922349513ce31?s=96&d=mm&r=g\",\"url\":\"https:\\\/\\\/secure.gravatar.com\\\/avatar\\\/c5f8fa291da6699f0d04718e30fdb7ff9fa47d2ae84c79a8f68922349513ce31?s=96&d=mm&r=g\",\"contentUrl\":\"https:\\\/\\\/secure.gravatar.com\\\/avatar\\\/c5f8fa291da6699f0d04718e30fdb7ff9fa47d2ae84c79a8f68922349513ce31?s=96&d=mm&r=g\",\"caption\":\"Ventanas Prodeco\"},\"sameAs\":[\"http:\\\/\\\/ventanasprodeco.com\\\/noticias\"],\"url\":\"https:\\\/\\\/www.ventanasprodeco.com\\\/noticias\\\/author\\\/admin\\\/\"}]}<\/script>\n<!-- \/ Yoast SEO plugin. -->","yoast_head_json":{"title":"Innova tu hogar con el Sistema de Corredera Elevadora Panor\u00e1mica - Ventanas Prodeco","description":"Innovaci\u00f3n tu hogar con el Sistema de Corredera Elevadora Panor\u00e1mica de Ventanas Prodeco.","robots":{"index":"index","follow":"follow","max-snippet":"max-snippet:-1","max-image-preview":"max-image-preview:large","max-video-preview":"max-video-preview:-1"},"canonical":"https:\/\/www.ventanasprodeco.com\/noticias\/sistema-corredera-elevadora-panoramica\/","og_locale":"es_ES","og_type":"article","og_title":"Innova tu hogar con el Sistema de Corredera Elevadora Panor\u00e1mica - Ventanas Prodeco","og_description":"Innovaci\u00f3n tu hogar con el Sistema de Corredera Elevadora Panor\u00e1mica de Ventanas Prodeco.","og_url":"https:\/\/www.ventanasprodeco.com\/noticias\/sistema-corredera-elevadora-panoramica\/","og_site_name":"Ventanas Prodeco","article_publisher":"https:\/\/www.facebook.com\/VentanasProdeco","article_published_time":"2023-09-21T17:20:32+00:00","article_modified_time":"2023-09-21T17:27:05+00:00","og_image":[{"width":1568,"height":1046,"url":"https:\/\/www.ventanasprodeco.com\/noticias\/wp-content\/uploads\/2023\/09\/sistema-corredera-elevadora-panoramica-min.jpg","type":"image\/jpeg"}],"author":"Ventanas Prodeco","twitter_card":"summary_large_image","twitter_creator":"@VentanasProdeco","twitter_site":"@VentanasProdeco","twitter_misc":{"Escrito por":"Ventanas Prodeco","Tiempo de lectura":"2 minutos"},"schema":{"@context":"https:\/\/schema.org","@graph":[{"@type":"Article","@id":"https:\/\/www.ventanasprodeco.com\/noticias\/sistema-corredera-elevadora-panoramica\/#article","isPartOf":{"@id":"https:\/\/www.ventanasprodeco.com\/noticias\/sistema-corredera-elevadora-panoramica\/"},"author":{"name":"Ventanas Prodeco","@id":"https:\/\/www.ventanasprodeco.com\/noticias\/#\/schema\/person\/e2913647ff79c129e55984ab50faf21a"},"headline":"Innova tu hogar con el Sistema de Corredera Elevadora Panor\u00e1mica","datePublished":"2023-09-21T17:20:32+00:00","dateModified":"2023-09-21T17:27:05+00:00","mainEntityOfPage":{"@id":"https:\/\/www.ventanasprodeco.com\/noticias\/sistema-corredera-elevadora-panoramica\/"},"wordCount":428,"publisher":{"@id":"https:\/\/www.ventanasprodeco.com\/noticias\/#organization"},"image":{"@id":"https:\/\/www.ventanasprodeco.com\/noticias\/sistema-corredera-elevadora-panoramica\/#primaryimage"},"thumbnailUrl":"https:\/\/www.ventanasprodeco.com\/noticias\/wp-content\/uploads\/2023\/09\/sistema-corredera-elevadora-panoramica-min.jpg","keywords":["Ventanas","Ventanas Ac\u00fasticas","Ventanas Calidad","Ventanas Correderas","Ventanas Prodeco","Ventanas Seguridad","Ventanas T\u00e9rmicas"],"articleSection":["Noticias"],"inLanguage":"es"},{"@type":"WebPage","@id":"https:\/\/www.ventanasprodeco.com\/noticias\/sistema-corredera-elevadora-panoramica\/","url":"https:\/\/www.ventanasprodeco.com\/noticias\/sistema-corredera-elevadora-panoramica\/","name":"Innova tu hogar con el Sistema de Corredera Elevadora Panor\u00e1mica - Ventanas Prodeco","isPartOf":{"@id":"https:\/\/www.ventanasprodeco.com\/noticias\/#website"},"primaryImageOfPage":{"@id":"https:\/\/www.ventanasprodeco.com\/noticias\/sistema-corredera-elevadora-panoramica\/#primaryimage"},"image":{"@id":"https:\/\/www.ventanasprodeco.com\/noticias\/sistema-corredera-elevadora-panoramica\/#primaryimage"},"thumbnailUrl":"https:\/\/www.ventanasprodeco.com\/noticias\/wp-content\/uploads\/2023\/09\/sistema-corredera-elevadora-panoramica-min.jpg","datePublished":"2023-09-21T17:20:32+00:00","dateModified":"2023-09-21T17:27:05+00:00","description":"Innovaci\u00f3n tu hogar con el Sistema de Corredera Elevadora Panor\u00e1mica de Ventanas Prodeco.","breadcrumb":{"@id":"https:\/\/www.ventanasprodeco.com\/noticias\/sistema-corredera-elevadora-panoramica\/#breadcrumb"},"inLanguage":"es","potentialAction":[{"@type":"ReadAction","target":["https:\/\/www.ventanasprodeco.com\/noticias\/sistema-corredera-elevadora-panoramica\/"]}]},{"@type":"ImageObject","inLanguage":"es","@id":"https:\/\/www.ventanasprodeco.com\/noticias\/sistema-corredera-elevadora-panoramica\/#primaryimage","url":"https:\/\/www.ventanasprodeco.com\/noticias\/wp-content\/uploads\/2023\/09\/sistema-corredera-elevadora-panoramica-min.jpg","contentUrl":"https:\/\/www.ventanasprodeco.com\/noticias\/wp-content\/uploads\/2023\/09\/sistema-corredera-elevadora-panoramica-min.jpg","width":1568,"height":1046},{"@type":"BreadcrumbList","@id":"https:\/\/www.ventanasprodeco.com\/noticias\/sistema-corredera-elevadora-panoramica\/#breadcrumb","itemListElement":[{"@type":"ListItem","position":1,"name":"Portada","item":"https:\/\/www.ventanasprodeco.com\/noticias\/"},{"@type":"ListItem","position":2,"name":"Innova tu hogar con el Sistema de Corredera Elevadora Panor\u00e1mica"}]},{"@type":"WebSite","@id":"https:\/\/www.ventanasprodeco.com\/noticias\/#website","url":"https:\/\/www.ventanasprodeco.com\/noticias\/","name":"VentanasProdeco.com","description":"Especialistas en Ventanas","publisher":{"@id":"https:\/\/www.ventanasprodeco.com\/noticias\/#organization"},"potentialAction":[{"@type":"SearchAction","target":{"@type":"EntryPoint","urlTemplate":"https:\/\/www.ventanasprodeco.com\/noticias\/?s={search_term_string}"},"query-input":{"@type":"PropertyValueSpecification","valueRequired":true,"valueName":"search_term_string"}}],"inLanguage":"es"},{"@type":"Organization","@id":"https:\/\/www.ventanasprodeco.com\/noticias\/#organization","name":"Ventanas Prodeco","url":"https:\/\/www.ventanasprodeco.com\/noticias\/","logo":{"@type":"ImageObject","inLanguage":"es","@id":"https:\/\/www.ventanasprodeco.com\/noticias\/#\/schema\/logo\/image\/","url":"https:\/\/www.ventanasprodeco.com\/noticias\/wp-content\/uploads\/2023\/06\/cropped-logo.png","contentUrl":"https:\/\/www.ventanasprodeco.com\/noticias\/wp-content\/uploads\/2023\/06\/cropped-logo.png","width":300,"height":65,"caption":"Ventanas Prodeco"},"image":{"@id":"https:\/\/www.ventanasprodeco.com\/noticias\/#\/schema\/logo\/image\/"},"sameAs":["https:\/\/www.facebook.com\/VentanasProdeco","https:\/\/x.com\/VentanasProdeco","https:\/\/www.tiktok.com\/@VentanasProdeco","https:\/\/www.youtube.com\/@VentanasProdeco"]},{"@type":"Person","@id":"https:\/\/www.ventanasprodeco.com\/noticias\/#\/schema\/person\/e2913647ff79c129e55984ab50faf21a","name":"Ventanas Prodeco","image":{"@type":"ImageObject","inLanguage":"es","@id":"https:\/\/secure.gravatar.com\/avatar\/c5f8fa291da6699f0d04718e30fdb7ff9fa47d2ae84c79a8f68922349513ce31?s=96&d=mm&r=g","url":"https:\/\/secure.gravatar.com\/avatar\/c5f8fa291da6699f0d04718e30fdb7ff9fa47d2ae84c79a8f68922349513ce31?s=96&d=mm&r=g","contentUrl":"https:\/\/secure.gravatar.com\/avatar\/c5f8fa291da6699f0d04718e30fdb7ff9fa47d2ae84c79a8f68922349513ce31?s=96&d=mm&r=g","caption":"Ventanas Prodeco"},"sameAs":["http:\/\/ventanasprodeco.com\/noticias"],"url":"https:\/\/www.ventanasprodeco.com\/noticias\/author\/admin\/"}]}},"_links":{"self":[{"href":"https:\/\/www.ventanasprodeco.com\/noticias\/wp-json\/wp\/v2\/posts\/209","targetHints":{"allow":["GET"]}}],"collection":[{"href":"https:\/\/www.ventanasprodeco.com\/noticias\/wp-json\/wp\/v2\/posts"}],"about":[{"href":"https:\/\/www.ventanasprodeco.com\/noticias\/wp-json\/wp\/v2\/types\/post"}],"author":[{"embeddable":true,"href":"https:\/\/www.ventanasprodeco.com\/noticias\/wp-json\/wp\/v2\/users\/1"}],"replies":[{"embeddable":true,"href":"https:\/\/www.ventanasprodeco.com\/noticias\/wp-json\/wp\/v2\/comments?post=209"}],"version-history":[{"count":0,"href":"https:\/\/www.ventanasprodeco.com\/noticias\/wp-json\/wp\/v2\/posts\/209\/revisions"}],"wp:featuredmedia":[{"embeddable":true,"href":"https:\/\/www.ventanasprodeco.com\/noticias\/wp-json\/wp\/v2\/media\/211"}],"wp:attachment":[{"href":"https:\/\/www.ventanasprodeco.com\/noticias\/wp-json\/wp\/v2\/media?parent=209"}],"wp:term":[{"taxonomy":"category","embeddable":true,"href":"https:\/\/www.ventanasprodeco.com\/noticias\/wp-json\/wp\/v2\/categories?post=209"},{"taxonomy":"post_tag","embeddable":true,"href":"https:\/\/www.ventanasprodeco.com\/noticias\/wp-json\/wp\/v2\/tags?post=209"}],"curies":[{"name":"wp","href":"https:\/\/api.w.org\/{rel}","templated":true}]}}