{"id":2086,"date":"2026-09-01T06:10:28","date_gmt":"2026-09-01T06:10:28","guid":{"rendered":"https:\/\/www.ventanasprodeco.com\/noticias\/?p=2086"},"modified":"2026-09-01T06:24:24","modified_gmt":"2026-09-01T06:24:24","slug":"ventanas-pvc-geometricas","status":"publish","type":"post","link":"https:\/\/www.ventanasprodeco.com\/noticias\/ventanas-pvc-geometricas\/","title":{"rendered":"Ventanas Geom\u00e9tricas, Dise\u00f1o a Medida para Proyectos Arquitect\u00f3nicos \u00danicos"},"content":{"rendered":"\n<p class=\"wp-block-paragraph\">En la arquitectura moderna y en la reforma de viviendas singulares, las l\u00edneas rectas y los formatos rectangulares tradicionales a menudo resultan insuficientes para plasmar la visi\u00f3n de un proyecto. Las <strong>ventanas con formas geom\u00e9tricas<\/strong> triangulares, trapezoidales, en arco o circulares, han pasado de ser un recurso exclusivo de edificios representativos a una soluci\u00f3n clave para maximizar la luz natural y aportar un car\u00e1cter est\u00e9tico inconfundible a cualquier espacio.<\/p>\n\n\n\n<h2 class=\"wp-block-heading\">Tipos de formas geom\u00e9tricas y su integraci\u00f3n arquitect\u00f3nica<\/h2>\n\n\n\n<p class=\"wp-block-paragraph\">Cada geometr\u00eda responde a una necesidad espacial y est\u00e9tica concreta dentro del dise\u00f1o de la fachada e interior:<\/p>\n\n\n\n<ul class=\"wp-block-list\">\n<li><strong>Ventanas triangulares y trapezoidales:<\/strong> Ideales para rematar techos abuhardillados, pa\u00f1os bajo cubierta o cubiertas a dos aguas. Permiten aprovechar hasta el \u00faltimo cent\u00edmetro del hastial, transformando muros ciegos en grandes entradas de luz.<\/li>\n\n\n\n<li style=\"margin-top:25px;\"><b>Arcos de medio punto y rebajados:<\/b> Aportan elegancia y continuidad visual en viviendas de estilo cl\u00e1sico, r\u00fastico o en reformas de edificios antiguos donde se busca mantener la esencia tradicional con tecnolog\u00eda actual.<\/li>\n\n\n\n<li style=\"margin-top:25px;\"><b>Ojos de buey y formas circulares:<\/b> Perfectos para vest\u00edbulos, distribuidores, ba\u00f1os o como elementos de acento en fachadas vanguardistas, creando encuadres visuales \u00fanicos hacia el exterior.<\/li>\n\n\n\n<li style=\"margin-top:25px;\"><b>Pol\u00edgonos e irregularidades a medida:<\/b> Soluciones en pent\u00e1gono u hex\u00e1gono dise\u00f1adas para adaptarse a chaflanes o vol\u00famenes arquitect\u00f3nicos complejos.<\/li>\n<\/ul>\n\n\n\n<h2 class=\"wp-block-heading\">Retos t\u00e9cnicos: Aislamiento y hermeticidad sin concesiones<\/h2>\n\n\n\n<p class=\"wp-block-paragraph\">Fabricar e instalar una ventana de forma no convencional requiere una precisi\u00f3n milim\u00e9trica para mantener el confort del hogar:<\/p>\n\n\n\n<ul class=\"wp-block-list\">\n<li><strong>Continuidad de la Rotura de Puente T\u00e9rmico (RPT):<\/strong> Los perfiles de aluminio y PVC deben curvarse o soldarse en \u00e1ngulos especiales garantizando que el aislamiento t\u00e9rmico no sufra interrupciones.<\/li>\n\n\n\n<li style=\"margin-top:25px;\"><b>Sellado de alta resistencia:<\/b> Las uniones angulares no est\u00e1ndar exigen juntas de estanqueidad continuas y sellados de precisi\u00f3n para bloquear la entrada de agua y filtraciones de aire.<\/li>\n\n\n\n<li style=\"margin-top:25px;\"><b>Acristalamiento complejo:<\/b> El corte de los vidrios dobles o triples con capas bajo emisivas y de control solar se realiza a medida para encajar a la perfecci\u00f3n en la moldura sin perder prestaciones ac\u00fasticas.<\/li>\n<\/ul>\n\n\n\n<h2 class=\"wp-block-heading\">Sistemas de apertura y funcionalidad<\/h2>\n\n\n\n<p class=\"wp-block-paragraph\">Dependiendo de la geometr\u00eda elegida, la ventana puede cumplir distintas funciones pr\u00e1cticas:<\/p>\n\n\n\n<ul class=\"wp-block-list\">\n<li><b>Pa\u00f1os fijos:<\/b> La opci\u00f3n m\u00e1s com\u00fan en zonas de gran altura o geometr\u00eda compleja donde la prioridad es la captaci\u00f3n de luz y las vistas panor\u00e1micas.<\/li>\n\n\n\n<li style=\"margin-top:25px;\"><b>Aperturas basculantes u oscilantes:<\/b> Perfectas para formas circulares o semicirculares, permitiendo una ventilaci\u00f3n uniforme y controlada.<\/li>\n\n\n\n<li style=\"margin-top:25px;\"><b>Aperturas abatibles a medida:<\/b> Herrajes especiales dise\u00f1ados para adaptarse a lados inclinados en ventanas trapezoidales o triangulares.<\/li>\n<\/ul>\n\n\n\n<p class=\"wp-block-paragraph\">Las <strong>ventanas geom\u00e9tricas<\/strong> demuestran que el dise\u00f1o vanguardista no est\u00e1 re\u00f1ido con la m\u00e1xima eficiencia energ\u00e9tica. Dise\u00f1ar una ventana a medida permite resolver los desaf\u00edos estructurales de la vivienda mientras se crea un impacto visual diferenciador en la fachada y los interiores.<\/p>\n\n<hr>\n\n<p class=\"wp-block-paragraph\">En <strong><a href=\"\/\">Ventanas Prodeco<\/a><\/strong> fabricamos e instalamos cerramientos con formas especiales y geometr\u00edas a medida, garantizando el mejor aislamiento t\u00e9rmico y ac\u00fastico en cualquier proyecto. Contacta con nosotros y hacemos realidad tu idea arquitect\u00f3nica.<\/p>\n","protected":false},"excerpt":{"rendered":"<p>En la arquitectura moderna y en la reforma de viviendas singulares, las l\u00edneas rectas y los formatos rectangulares tradicionales a menudo resultan insuficientes para plasmar la visi\u00f3n de un proyecto. Las ventanas con formas geom\u00e9tricas triangulares, trapezoidales, en arco o circulares, han pasado de ser un recurso exclusivo de edificios representativos a una soluci\u00f3n clave&hellip; <a class=\"more-link\" href=\"https:\/\/www.ventanasprodeco.com\/noticias\/ventanas-pvc-geometricas\/\">Seguir leyendo <span class=\"screen-reader-text\">Ventanas Geom\u00e9tricas, Dise\u00f1o a Medida para Proyectos Arquitect\u00f3nicos \u00danicos<\/span><\/a><\/p>\n","protected":false},"author":1,"featured_media":2094,"comment_status":"closed","ping_status":"open","sticky":false,"template":"","format":"standard","meta":{"footnotes":""},"categories":[1],"tags":[6,8,10,12,13,14,9,15,7],"class_list":["post-2086","post","type-post","status-publish","format-standard","has-post-thumbnail","hentry","category-noticias","tag-ventanas","tag-ventanas-acusticas","tag-ventanas-calidad","tag-ventanas-correderas","tag-ventanas-elegantes","tag-ventanas-modernas","tag-ventanas-prodeco","tag-ventanas-seguridad","tag-ventanas-termicas","entry"],"yoast_head":"<!-- This site is optimized with the Yoast SEO plugin v28.4 - https:\/\/yoast.com\/product\/yoast-seo-wordpress\/ -->\n<title>Ventanas Geom\u00e9tricas, Dise\u00f1o a Medida para Proyectos Arquitect\u00f3nicos \u00danicos - Ventanas Prodeco<\/title>\n<meta name=\"description\" content=\"Descubre c\u00f3mo las ventanas con formas geom\u00e9tricas (triangulares, en arco o circulares) aportan dise\u00f1o \u00fanico y luz a tu hogar.\" \/>\n<meta name=\"robots\" content=\"index, follow, max-snippet:-1, max-image-preview:large, max-video-preview:-1\" \/>\n<link rel=\"canonical\" href=\"https:\/\/www.ventanasprodeco.com\/noticias\/ventanas-pvc-geometricas\/\" \/>\n<meta property=\"og:locale\" content=\"es_ES\" \/>\n<meta property=\"og:type\" content=\"article\" \/>\n<meta property=\"og:title\" content=\"Ventanas Geom\u00e9tricas, Dise\u00f1o a Medida para Proyectos Arquitect\u00f3nicos \u00danicos - Ventanas Prodeco\" \/>\n<meta property=\"og:description\" content=\"Descubre c\u00f3mo las ventanas con formas geom\u00e9tricas (triangulares, en arco o circulares) aportan dise\u00f1o \u00fanico y luz a tu hogar.\" \/>\n<meta property=\"og:url\" content=\"https:\/\/www.ventanasprodeco.com\/noticias\/ventanas-pvc-geometricas\/\" \/>\n<meta property=\"og:site_name\" content=\"Ventanas Prodeco\" \/>\n<meta property=\"article:publisher\" content=\"https:\/\/www.facebook.com\/VentanasProdeco\" \/>\n<meta property=\"article:published_time\" content=\"2026-09-01T06:10:28+00:00\" \/>\n<meta property=\"article:modified_time\" content=\"2026-09-01T06:24:24+00:00\" \/>\n<meta property=\"og:image\" content=\"https:\/\/www.ventanasprodeco.com\/noticias\/wp-content\/uploads\/2026\/09\/ventanas-pvc-geometricas.jpg\" \/>\n\t<meta property=\"og:image:width\" content=\"1568\" \/>\n\t<meta property=\"og:image:height\" content=\"1046\" \/>\n\t<meta property=\"og:image:type\" content=\"image\/jpeg\" \/>\n<meta name=\"author\" content=\"Ventanas Prodeco\" \/>\n<meta name=\"twitter:card\" content=\"summary_large_image\" \/>\n<meta name=\"twitter:creator\" content=\"@VentanasProdeco\" \/>\n<meta name=\"twitter:site\" content=\"@VentanasProdeco\" \/>\n<meta name=\"twitter:label1\" content=\"Escrito por\" \/>\n\t<meta name=\"twitter:data1\" content=\"Ventanas Prodeco\" \/>\n\t<meta name=\"twitter:label2\" content=\"Tiempo de lectura\" \/>\n\t<meta name=\"twitter:data2\" content=\"3 minutos\" \/>\n<script type=\"application\/ld+json\" class=\"yoast-schema-graph\">{\"@context\":\"https:\\\/\\\/schema.org\",\"@graph\":[{\"@type\":\"Article\",\"@id\":\"https:\\\/\\\/www.ventanasprodeco.com\\\/noticias\\\/ventanas-pvc-geometricas\\\/#article\",\"isPartOf\":{\"@id\":\"https:\\\/\\\/www.ventanasprodeco.com\\\/noticias\\\/ventanas-pvc-geometricas\\\/\"},\"author\":{\"name\":\"Ventanas Prodeco\",\"@id\":\"https:\\\/\\\/www.ventanasprodeco.com\\\/noticias\\\/#\\\/schema\\\/person\\\/e2913647ff79c129e55984ab50faf21a\"},\"headline\":\"Ventanas Geom\u00e9tricas, Dise\u00f1o a Medida para Proyectos Arquitect\u00f3nicos \u00danicos\",\"datePublished\":\"2026-09-01T06:10:28+00:00\",\"dateModified\":\"2026-09-01T06:24:24+00:00\",\"mainEntityOfPage\":{\"@id\":\"https:\\\/\\\/www.ventanasprodeco.com\\\/noticias\\\/ventanas-pvc-geometricas\\\/\"},\"wordCount\":542,\"publisher\":{\"@id\":\"https:\\\/\\\/www.ventanasprodeco.com\\\/noticias\\\/#organization\"},\"image\":{\"@id\":\"https:\\\/\\\/www.ventanasprodeco.com\\\/noticias\\\/ventanas-pvc-geometricas\\\/#primaryimage\"},\"thumbnailUrl\":\"https:\\\/\\\/www.ventanasprodeco.com\\\/noticias\\\/wp-content\\\/uploads\\\/2026\\\/09\\\/ventanas-pvc-geometricas.jpg\",\"keywords\":[\"Ventanas\",\"Ventanas Ac\u00fasticas\",\"Ventanas Calidad\",\"Ventanas Correderas\",\"Ventanas Elegantes\",\"Ventanas Modernas\",\"Ventanas Prodeco\",\"Ventanas Seguridad\",\"Ventanas T\u00e9rmicas\"],\"articleSection\":[\"Noticias\"],\"inLanguage\":\"es\"},{\"@type\":\"WebPage\",\"@id\":\"https:\\\/\\\/www.ventanasprodeco.com\\\/noticias\\\/ventanas-pvc-geometricas\\\/\",\"url\":\"https:\\\/\\\/www.ventanasprodeco.com\\\/noticias\\\/ventanas-pvc-geometricas\\\/\",\"name\":\"Ventanas Geom\u00e9tricas, Dise\u00f1o a Medida para Proyectos Arquitect\u00f3nicos \u00danicos - Ventanas Prodeco\",\"isPartOf\":{\"@id\":\"https:\\\/\\\/www.ventanasprodeco.com\\\/noticias\\\/#website\"},\"primaryImageOfPage\":{\"@id\":\"https:\\\/\\\/www.ventanasprodeco.com\\\/noticias\\\/ventanas-pvc-geometricas\\\/#primaryimage\"},\"image\":{\"@id\":\"https:\\\/\\\/www.ventanasprodeco.com\\\/noticias\\\/ventanas-pvc-geometricas\\\/#primaryimage\"},\"thumbnailUrl\":\"https:\\\/\\\/www.ventanasprodeco.com\\\/noticias\\\/wp-content\\\/uploads\\\/2026\\\/09\\\/ventanas-pvc-geometricas.jpg\",\"datePublished\":\"2026-09-01T06:10:28+00:00\",\"dateModified\":\"2026-09-01T06:24:24+00:00\",\"description\":\"Descubre c\u00f3mo las ventanas con formas geom\u00e9tricas (triangulares, en arco o circulares) aportan dise\u00f1o \u00fanico y luz a tu hogar.\",\"breadcrumb\":{\"@id\":\"https:\\\/\\\/www.ventanasprodeco.com\\\/noticias\\\/ventanas-pvc-geometricas\\\/#breadcrumb\"},\"inLanguage\":\"es\",\"potentialAction\":[{\"@type\":\"ReadAction\",\"target\":[\"https:\\\/\\\/www.ventanasprodeco.com\\\/noticias\\\/ventanas-pvc-geometricas\\\/\"]}]},{\"@type\":\"ImageObject\",\"inLanguage\":\"es\",\"@id\":\"https:\\\/\\\/www.ventanasprodeco.com\\\/noticias\\\/ventanas-pvc-geometricas\\\/#primaryimage\",\"url\":\"https:\\\/\\\/www.ventanasprodeco.com\\\/noticias\\\/wp-content\\\/uploads\\\/2026\\\/09\\\/ventanas-pvc-geometricas.jpg\",\"contentUrl\":\"https:\\\/\\\/www.ventanasprodeco.com\\\/noticias\\\/wp-content\\\/uploads\\\/2026\\\/09\\\/ventanas-pvc-geometricas.jpg\",\"width\":1568,\"height\":1046},{\"@type\":\"BreadcrumbList\",\"@id\":\"https:\\\/\\\/www.ventanasprodeco.com\\\/noticias\\\/ventanas-pvc-geometricas\\\/#breadcrumb\",\"itemListElement\":[{\"@type\":\"ListItem\",\"position\":1,\"name\":\"Portada\",\"item\":\"https:\\\/\\\/www.ventanasprodeco.com\\\/noticias\\\/\"},{\"@type\":\"ListItem\",\"position\":2,\"name\":\"Ventanas Geom\u00e9tricas, Dise\u00f1o a Medida para Proyectos Arquitect\u00f3nicos \u00danicos\"}]},{\"@type\":\"WebSite\",\"@id\":\"https:\\\/\\\/www.ventanasprodeco.com\\\/noticias\\\/#website\",\"url\":\"https:\\\/\\\/www.ventanasprodeco.com\\\/noticias\\\/\",\"name\":\"VentanasProdeco.com\",\"description\":\"Especialistas en Ventanas\",\"publisher\":{\"@id\":\"https:\\\/\\\/www.ventanasprodeco.com\\\/noticias\\\/#organization\"},\"potentialAction\":[{\"@type\":\"SearchAction\",\"target\":{\"@type\":\"EntryPoint\",\"urlTemplate\":\"https:\\\/\\\/www.ventanasprodeco.com\\\/noticias\\\/?s={search_term_string}\"},\"query-input\":{\"@type\":\"PropertyValueSpecification\",\"valueRequired\":true,\"valueName\":\"search_term_string\"}}],\"inLanguage\":\"es\"},{\"@type\":\"Organization\",\"@id\":\"https:\\\/\\\/www.ventanasprodeco.com\\\/noticias\\\/#organization\",\"name\":\"Ventanas Prodeco\",\"url\":\"https:\\\/\\\/www.ventanasprodeco.com\\\/noticias\\\/\",\"logo\":{\"@type\":\"ImageObject\",\"inLanguage\":\"es\",\"@id\":\"https:\\\/\\\/www.ventanasprodeco.com\\\/noticias\\\/#\\\/schema\\\/logo\\\/image\\\/\",\"url\":\"https:\\\/\\\/www.ventanasprodeco.com\\\/noticias\\\/wp-content\\\/uploads\\\/2023\\\/06\\\/cropped-logo.png\",\"contentUrl\":\"https:\\\/\\\/www.ventanasprodeco.com\\\/noticias\\\/wp-content\\\/uploads\\\/2023\\\/06\\\/cropped-logo.png\",\"width\":300,\"height\":65,\"caption\":\"Ventanas Prodeco\"},\"image\":{\"@id\":\"https:\\\/\\\/www.ventanasprodeco.com\\\/noticias\\\/#\\\/schema\\\/logo\\\/image\\\/\"},\"sameAs\":[\"https:\\\/\\\/www.facebook.com\\\/VentanasProdeco\",\"https:\\\/\\\/x.com\\\/VentanasProdeco\",\"https:\\\/\\\/www.tiktok.com\\\/@VentanasProdeco\",\"https:\\\/\\\/www.youtube.com\\\/@VentanasProdeco\"]},{\"@type\":\"Person\",\"@id\":\"https:\\\/\\\/www.ventanasprodeco.com\\\/noticias\\\/#\\\/schema\\\/person\\\/e2913647ff79c129e55984ab50faf21a\",\"name\":\"Ventanas Prodeco\",\"image\":{\"@type\":\"ImageObject\",\"inLanguage\":\"es\",\"@id\":\"https:\\\/\\\/secure.gravatar.com\\\/avatar\\\/c5f8fa291da6699f0d04718e30fdb7ff9fa47d2ae84c79a8f68922349513ce31?s=96&d=mm&r=g\",\"url\":\"https:\\\/\\\/secure.gravatar.com\\\/avatar\\\/c5f8fa291da6699f0d04718e30fdb7ff9fa47d2ae84c79a8f68922349513ce31?s=96&d=mm&r=g\",\"contentUrl\":\"https:\\\/\\\/secure.gravatar.com\\\/avatar\\\/c5f8fa291da6699f0d04718e30fdb7ff9fa47d2ae84c79a8f68922349513ce31?s=96&d=mm&r=g\",\"caption\":\"Ventanas Prodeco\"},\"sameAs\":[\"http:\\\/\\\/ventanasprodeco.com\\\/noticias\"],\"url\":\"https:\\\/\\\/www.ventanasprodeco.com\\\/noticias\\\/author\\\/admin\\\/\"}]}<\/script>\n<!-- \/ Yoast SEO plugin. -->","yoast_head_json":{"title":"Ventanas Geom\u00e9tricas, Dise\u00f1o a Medida para Proyectos Arquitect\u00f3nicos \u00danicos - Ventanas Prodeco","description":"Descubre c\u00f3mo las ventanas con formas geom\u00e9tricas (triangulares, en arco o circulares) aportan dise\u00f1o \u00fanico y luz a tu hogar.","robots":{"index":"index","follow":"follow","max-snippet":"max-snippet:-1","max-image-preview":"max-image-preview:large","max-video-preview":"max-video-preview:-1"},"canonical":"https:\/\/www.ventanasprodeco.com\/noticias\/ventanas-pvc-geometricas\/","og_locale":"es_ES","og_type":"article","og_title":"Ventanas Geom\u00e9tricas, Dise\u00f1o a Medida para Proyectos Arquitect\u00f3nicos \u00danicos - Ventanas Prodeco","og_description":"Descubre c\u00f3mo las ventanas con formas geom\u00e9tricas (triangulares, en arco o circulares) aportan dise\u00f1o \u00fanico y luz a tu hogar.","og_url":"https:\/\/www.ventanasprodeco.com\/noticias\/ventanas-pvc-geometricas\/","og_site_name":"Ventanas Prodeco","article_publisher":"https:\/\/www.facebook.com\/VentanasProdeco","article_published_time":"2026-09-01T06:10:28+00:00","article_modified_time":"2026-09-01T06:24:24+00:00","og_image":[{"width":1568,"height":1046,"url":"https:\/\/www.ventanasprodeco.com\/noticias\/wp-content\/uploads\/2026\/09\/ventanas-pvc-geometricas.jpg","type":"image\/jpeg"}],"author":"Ventanas Prodeco","twitter_card":"summary_large_image","twitter_creator":"@VentanasProdeco","twitter_site":"@VentanasProdeco","twitter_misc":{"Escrito por":"Ventanas Prodeco","Tiempo de lectura":"3 minutos"},"schema":{"@context":"https:\/\/schema.org","@graph":[{"@type":"Article","@id":"https:\/\/www.ventanasprodeco.com\/noticias\/ventanas-pvc-geometricas\/#article","isPartOf":{"@id":"https:\/\/www.ventanasprodeco.com\/noticias\/ventanas-pvc-geometricas\/"},"author":{"name":"Ventanas Prodeco","@id":"https:\/\/www.ventanasprodeco.com\/noticias\/#\/schema\/person\/e2913647ff79c129e55984ab50faf21a"},"headline":"Ventanas Geom\u00e9tricas, Dise\u00f1o a Medida para Proyectos Arquitect\u00f3nicos \u00danicos","datePublished":"2026-09-01T06:10:28+00:00","dateModified":"2026-09-01T06:24:24+00:00","mainEntityOfPage":{"@id":"https:\/\/www.ventanasprodeco.com\/noticias\/ventanas-pvc-geometricas\/"},"wordCount":542,"publisher":{"@id":"https:\/\/www.ventanasprodeco.com\/noticias\/#organization"},"image":{"@id":"https:\/\/www.ventanasprodeco.com\/noticias\/ventanas-pvc-geometricas\/#primaryimage"},"thumbnailUrl":"https:\/\/www.ventanasprodeco.com\/noticias\/wp-content\/uploads\/2026\/09\/ventanas-pvc-geometricas.jpg","keywords":["Ventanas","Ventanas Ac\u00fasticas","Ventanas Calidad","Ventanas Correderas","Ventanas Elegantes","Ventanas Modernas","Ventanas Prodeco","Ventanas Seguridad","Ventanas T\u00e9rmicas"],"articleSection":["Noticias"],"inLanguage":"es"},{"@type":"WebPage","@id":"https:\/\/www.ventanasprodeco.com\/noticias\/ventanas-pvc-geometricas\/","url":"https:\/\/www.ventanasprodeco.com\/noticias\/ventanas-pvc-geometricas\/","name":"Ventanas Geom\u00e9tricas, Dise\u00f1o a Medida para Proyectos Arquitect\u00f3nicos \u00danicos - Ventanas Prodeco","isPartOf":{"@id":"https:\/\/www.ventanasprodeco.com\/noticias\/#website"},"primaryImageOfPage":{"@id":"https:\/\/www.ventanasprodeco.com\/noticias\/ventanas-pvc-geometricas\/#primaryimage"},"image":{"@id":"https:\/\/www.ventanasprodeco.com\/noticias\/ventanas-pvc-geometricas\/#primaryimage"},"thumbnailUrl":"https:\/\/www.ventanasprodeco.com\/noticias\/wp-content\/uploads\/2026\/09\/ventanas-pvc-geometricas.jpg","datePublished":"2026-09-01T06:10:28+00:00","dateModified":"2026-09-01T06:24:24+00:00","description":"Descubre c\u00f3mo las ventanas con formas geom\u00e9tricas (triangulares, en arco o circulares) aportan dise\u00f1o \u00fanico y luz a tu hogar.","breadcrumb":{"@id":"https:\/\/www.ventanasprodeco.com\/noticias\/ventanas-pvc-geometricas\/#breadcrumb"},"inLanguage":"es","potentialAction":[{"@type":"ReadAction","target":["https:\/\/www.ventanasprodeco.com\/noticias\/ventanas-pvc-geometricas\/"]}]},{"@type":"ImageObject","inLanguage":"es","@id":"https:\/\/www.ventanasprodeco.com\/noticias\/ventanas-pvc-geometricas\/#primaryimage","url":"https:\/\/www.ventanasprodeco.com\/noticias\/wp-content\/uploads\/2026\/09\/ventanas-pvc-geometricas.jpg","contentUrl":"https:\/\/www.ventanasprodeco.com\/noticias\/wp-content\/uploads\/2026\/09\/ventanas-pvc-geometricas.jpg","width":1568,"height":1046},{"@type":"BreadcrumbList","@id":"https:\/\/www.ventanasprodeco.com\/noticias\/ventanas-pvc-geometricas\/#breadcrumb","itemListElement":[{"@type":"ListItem","position":1,"name":"Portada","item":"https:\/\/www.ventanasprodeco.com\/noticias\/"},{"@type":"ListItem","position":2,"name":"Ventanas Geom\u00e9tricas, Dise\u00f1o a Medida para Proyectos Arquitect\u00f3nicos \u00danicos"}]},{"@type":"WebSite","@id":"https:\/\/www.ventanasprodeco.com\/noticias\/#website","url":"https:\/\/www.ventanasprodeco.com\/noticias\/","name":"VentanasProdeco.com","description":"Especialistas en Ventanas","publisher":{"@id":"https:\/\/www.ventanasprodeco.com\/noticias\/#organization"},"potentialAction":[{"@type":"SearchAction","target":{"@type":"EntryPoint","urlTemplate":"https:\/\/www.ventanasprodeco.com\/noticias\/?s={search_term_string}"},"query-input":{"@type":"PropertyValueSpecification","valueRequired":true,"valueName":"search_term_string"}}],"inLanguage":"es"},{"@type":"Organization","@id":"https:\/\/www.ventanasprodeco.com\/noticias\/#organization","name":"Ventanas Prodeco","url":"https:\/\/www.ventanasprodeco.com\/noticias\/","logo":{"@type":"ImageObject","inLanguage":"es","@id":"https:\/\/www.ventanasprodeco.com\/noticias\/#\/schema\/logo\/image\/","url":"https:\/\/www.ventanasprodeco.com\/noticias\/wp-content\/uploads\/2023\/06\/cropped-logo.png","contentUrl":"https:\/\/www.ventanasprodeco.com\/noticias\/wp-content\/uploads\/2023\/06\/cropped-logo.png","width":300,"height":65,"caption":"Ventanas Prodeco"},"image":{"@id":"https:\/\/www.ventanasprodeco.com\/noticias\/#\/schema\/logo\/image\/"},"sameAs":["https:\/\/www.facebook.com\/VentanasProdeco","https:\/\/x.com\/VentanasProdeco","https:\/\/www.tiktok.com\/@VentanasProdeco","https:\/\/www.youtube.com\/@VentanasProdeco"]},{"@type":"Person","@id":"https:\/\/www.ventanasprodeco.com\/noticias\/#\/schema\/person\/e2913647ff79c129e55984ab50faf21a","name":"Ventanas Prodeco","image":{"@type":"ImageObject","inLanguage":"es","@id":"https:\/\/secure.gravatar.com\/avatar\/c5f8fa291da6699f0d04718e30fdb7ff9fa47d2ae84c79a8f68922349513ce31?s=96&d=mm&r=g","url":"https:\/\/secure.gravatar.com\/avatar\/c5f8fa291da6699f0d04718e30fdb7ff9fa47d2ae84c79a8f68922349513ce31?s=96&d=mm&r=g","contentUrl":"https:\/\/secure.gravatar.com\/avatar\/c5f8fa291da6699f0d04718e30fdb7ff9fa47d2ae84c79a8f68922349513ce31?s=96&d=mm&r=g","caption":"Ventanas Prodeco"},"sameAs":["http:\/\/ventanasprodeco.com\/noticias"],"url":"https:\/\/www.ventanasprodeco.com\/noticias\/author\/admin\/"}]}},"_links":{"self":[{"href":"https:\/\/www.ventanasprodeco.com\/noticias\/wp-json\/wp\/v2\/posts\/2086","targetHints":{"allow":["GET"]}}],"collection":[{"href":"https:\/\/www.ventanasprodeco.com\/noticias\/wp-json\/wp\/v2\/posts"}],"about":[{"href":"https:\/\/www.ventanasprodeco.com\/noticias\/wp-json\/wp\/v2\/types\/post"}],"author":[{"embeddable":true,"href":"https:\/\/www.ventanasprodeco.com\/noticias\/wp-json\/wp\/v2\/users\/1"}],"replies":[{"embeddable":true,"href":"https:\/\/www.ventanasprodeco.com\/noticias\/wp-json\/wp\/v2\/comments?post=2086"}],"version-history":[{"count":5,"href":"https:\/\/www.ventanasprodeco.com\/noticias\/wp-json\/wp\/v2\/posts\/2086\/revisions"}],"predecessor-version":[{"id":2093,"href":"https:\/\/www.ventanasprodeco.com\/noticias\/wp-json\/wp\/v2\/posts\/2086\/revisions\/2093"}],"wp:featuredmedia":[{"embeddable":true,"href":"https:\/\/www.ventanasprodeco.com\/noticias\/wp-json\/wp\/v2\/media\/2094"}],"wp:attachment":[{"href":"https:\/\/www.ventanasprodeco.com\/noticias\/wp-json\/wp\/v2\/media?parent=2086"}],"wp:term":[{"taxonomy":"category","embeddable":true,"href":"https:\/\/www.ventanasprodeco.com\/noticias\/wp-json\/wp\/v2\/categories?post=2086"},{"taxonomy":"post_tag","embeddable":true,"href":"https:\/\/www.ventanasprodeco.com\/noticias\/wp-json\/wp\/v2\/tags?post=2086"}],"curies":[{"name":"wp","href":"https:\/\/api.w.org\/{rel}","templated":true}]}}