{"id":2080,"date":"2026-08-27T08:30:40","date_gmt":"2026-08-27T08:30:40","guid":{"rendered":"https:\/\/www.ventanasprodeco.com\/noticias\/?p=2080"},"modified":"2026-08-27T08:46:25","modified_gmt":"2026-08-27T08:46:25","slug":"ventanas-edificios-historicos","status":"publish","type":"post","link":"https:\/\/www.ventanasprodeco.com\/noticias\/ventanas-edificios-historicos\/","title":{"rendered":"Ventanas para Edificios Hist\u00f3ricos y Antiguos"},"content":{"rendered":"\n<p class=\"wp-block-paragraph\">Sustituir las <strong>ventanas en un edificio hist\u00f3rico o antiguo<\/strong> plantea uno de los retos m\u00e1s complejos en el sector de la edificaci\u00f3n y la reforma. En cascos antiguos y zonas de especial protecci\u00f3n arquitect\u00f3nica, las normativas urban\u00edsticas y las comisiones de Patrimonio imponen severas restricciones para preservar la identidad est\u00e9tica del paisaje urbano. <\/p>\n\n\n\n<p class=\"wp-block-paragraph\">Sin embargo, no es necesario renunciar al confort t\u00e9rmico, ac\u00fastico y a la eficiencia energ\u00e9tica en el interior de la vivienda.<\/p>\n\n\n\n<h2 class=\"wp-block-heading\">El reto normativo: Respetar la est\u00e9tica y fachada original<\/h2>\n\n\n\n<p class=\"wp-block-paragraph\">La prioridad de los departamentos de Patrimonio Municipal es mantener intacta la est\u00e9tica exterior del edificio. Esto suele implicar el cumplimiento estricto de varios factores:<\/p>\n\n\n\n<ul class=\"wp-block-list\">\n<li><strong>Geometr\u00eda y despiece:<\/strong> Replicar con exactitud el n\u00famero de hojas, arcos, cuarterones y la proporci\u00f3n de los perfiles originales.<\/li>\n\n\n\n<li style=\"margin-top:25px;\"><strong>Materiales y acabados:<\/strong> Mantener la apariencia de los materiales tradicionales, como acabados en madera o tonos espec\u00edficos de lacado que encajen en el cat\u00e1logo crom\u00e1tico del centro hist\u00f3rico.<\/li>\n\n\n\n<li style=\"margin-top:25px;\"><strong>Elemento ornamental:<\/strong> Conservar o integrar molduras exteriores, barrotillos, fraileros o contraventanas de madera integradas.<\/li>\n<\/ul>\n\n\n\n<h2 class=\"wp-block-heading\">Innovaci\u00f3n tecnol\u00f3gica: Soluciones de alto aislamiento sin alterar la imagen<\/h2>\n\n\n\n<p class=\"wp-block-paragraph\">Gracias a las t\u00e9cnicas de fabricaci\u00f3n actuales en PVC y aluminio de \u00faltima generaci\u00f3n, es posible conciliar las exigencias est\u00e9ticas m\u00e1s estrictas con las m\u00e1ximas prestaciones t\u00e9cnicas:<\/p>\n\n\n\n<ul class=\"wp-block-list\">\n<li><strong>Perfiles de secci\u00f3n reducida:<\/strong> Dise\u00f1os de hoja oculta o perfiles estrechos que imitan la esbeltez de las ventanas antiguas de madera o hierro.<\/li>\n\n\n\n<li style=\"margin-top:25px;\"><strong>Vidrios de alta eficiencia y bajo espesor:<\/strong> Integraci\u00f3n de doble o triple acristalamiento con capas de control solar y bajo emisivo que encajan en los rebajos tradicionales sin incrementar el grosor visual del marco.<\/li>\n\n\n\n<li style=\"margin-top:25px;\"><strong>Barrotillos y cuarterones integrados:<\/strong> Soluciones de barrotillo artesanal aplicado sobre el cristal o incorporado en la c\u00e1mara de aire para facilitar la limpieza y mantener el estilo cl\u00e1sico.<\/li>\n<\/ul>\n\n\n\n<h2 class=\"wp-block-heading\">Pasos clave antes de iniciar la sustituci\u00f3n<\/h2>\n\n\n\n<p class=\"wp-block-paragraph\">Para evitar sanciones, paralizaciones de obra o la obligaci\u00f3n de retirar ventanas ya instaladas, es indispensable seguir un procedimiento ordenado:<\/p>\n\n\n\n<ol start=\"1\" class=\"wp-block-list\">\n<li><strong>Consultar el grado de protecci\u00f3n del inmueble:<\/strong> Revisar el Plan General de Ordenaci\u00f3n Urbana (PGOU) de la localidad para conocer el nivel de catalogaci\u00f3n del edificio (BIC, protecci\u00f3n estructural, ambiental, etc.).<\/li>\n\n\n\n<li style=\"margin-top:25px;\"><strong>Presentar una memoria t\u00e9cnica o muestra a Patrimonio:<\/strong> En muchos casos, los t\u00e9cnicos municipales requieren una ficha con la secci\u00f3n de los perfiles y una muestra del color o acabado proyectado.<\/li>\n\n\n\n<li style=\"margin-top:25px;\"><strong>Contar con fabricantes especializados:<\/strong> Dise\u00f1ar los cerramientos a medida para garantizar una r\u00e9plica exacta sin fisuras en el sellado y aislamiento.<\/li>\n<\/ol>\n\n\n\n<p class=\"wp-block-paragraph\">Renovar las ventanas de un edificio hist\u00f3rico o antiguo no significa elegir entre legalidad y confort. Con el asesoramiento t\u00e9cnico adecuado y sistemas de perfiler\u00eda dise\u00f1ados a medida, es posible revitalizar la vivienda, reducir la factura energ\u00e9tica y aislar el ruido del centro urbano respetando el patrimonio arquitect\u00f3nico.<\/p>\n\n<hr>\n\n<p class=\"wp-block-paragraph\">En <strong><a href=\"\/\">Ventanas Prodeco<\/a><\/strong> somos especialistas en la fabricaci\u00f3n e instalaci\u00f3n de cerramientos a medida adaptados a las exigencias normativas de cascos hist\u00f3ricos y edificios protegidos. Contacta con nosotros y analizamos tu proyecto para ofrecerte la soluci\u00f3n ideal.<\/p>\n","protected":false},"excerpt":{"rendered":"<p>Sustituir las ventanas en un edificio hist\u00f3rico o antiguo plantea uno de los retos m\u00e1s complejos en el sector de la edificaci\u00f3n y la reforma. En cascos antiguos y zonas de especial protecci\u00f3n arquitect\u00f3nica, las normativas urban\u00edsticas y las comisiones de Patrimonio imponen severas restricciones para preservar la identidad est\u00e9tica del paisaje urbano. Sin embargo,&hellip; <a class=\"more-link\" href=\"https:\/\/www.ventanasprodeco.com\/noticias\/ventanas-edificios-historicos\/\">Seguir leyendo <span class=\"screen-reader-text\">Ventanas para Edificios Hist\u00f3ricos y Antiguos<\/span><\/a><\/p>\n","protected":false},"author":1,"featured_media":2082,"comment_status":"closed","ping_status":"open","sticky":false,"template":"","format":"standard","meta":{"footnotes":""},"categories":[1],"tags":[6,8,10,12,13,14,9,20,15,7],"class_list":["post-2080","post","type-post","status-publish","format-standard","has-post-thumbnail","hentry","category-noticias","tag-ventanas","tag-ventanas-acusticas","tag-ventanas-calidad","tag-ventanas-correderas","tag-ventanas-elegantes","tag-ventanas-modernas","tag-ventanas-prodeco","tag-ventanas-pvc","tag-ventanas-seguridad","tag-ventanas-termicas","entry"],"yoast_head":"<!-- This site is optimized with the Yoast SEO plugin v28.4 - https:\/\/yoast.com\/product\/yoast-seo-wordpress\/ -->\n<title>Ventanas para Edificios Hist\u00f3ricos y Antiguos - Ventanas Prodeco<\/title>\n<meta name=\"description\" content=\"Descubre c\u00f3mo renovar las ventanas en edificios hist\u00f3ricos y antiguos cumpliendo con Patrimonio sin renunciar al m\u00e1ximo aislamiento t\u00e9rmico.\" \/>\n<meta name=\"robots\" content=\"index, follow, max-snippet:-1, max-image-preview:large, max-video-preview:-1\" \/>\n<link rel=\"canonical\" href=\"https:\/\/www.ventanasprodeco.com\/noticias\/ventanas-edificios-historicos\/\" \/>\n<meta property=\"og:locale\" content=\"es_ES\" \/>\n<meta property=\"og:type\" content=\"article\" \/>\n<meta property=\"og:title\" content=\"Ventanas para Edificios Hist\u00f3ricos y Antiguos - Ventanas Prodeco\" \/>\n<meta property=\"og:description\" content=\"Descubre c\u00f3mo renovar las ventanas en edificios hist\u00f3ricos y antiguos cumpliendo con Patrimonio sin renunciar al m\u00e1ximo aislamiento t\u00e9rmico.\" \/>\n<meta property=\"og:url\" content=\"https:\/\/www.ventanasprodeco.com\/noticias\/ventanas-edificios-historicos\/\" \/>\n<meta property=\"og:site_name\" content=\"Ventanas Prodeco\" \/>\n<meta property=\"article:publisher\" content=\"https:\/\/www.facebook.com\/VentanasProdeco\" \/>\n<meta property=\"article:published_time\" content=\"2026-08-27T08:30:40+00:00\" \/>\n<meta property=\"article:modified_time\" content=\"2026-08-27T08:46:25+00:00\" \/>\n<meta property=\"og:image\" content=\"https:\/\/www.ventanasprodeco.com\/noticias\/wp-content\/uploads\/2026\/08\/ventanas-edificios-historicos.jpg\" \/>\n\t<meta property=\"og:image:width\" content=\"1568\" \/>\n\t<meta property=\"og:image:height\" content=\"1046\" \/>\n\t<meta property=\"og:image:type\" content=\"image\/jpeg\" \/>\n<meta name=\"author\" content=\"Ventanas Prodeco\" \/>\n<meta name=\"twitter:card\" content=\"summary_large_image\" \/>\n<meta name=\"twitter:creator\" content=\"@VentanasProdeco\" \/>\n<meta name=\"twitter:site\" content=\"@VentanasProdeco\" \/>\n<meta name=\"twitter:label1\" content=\"Escrito por\" \/>\n\t<meta name=\"twitter:data1\" content=\"Ventanas Prodeco\" \/>\n\t<meta name=\"twitter:label2\" content=\"Tiempo de lectura\" \/>\n\t<meta name=\"twitter:data2\" content=\"3 minutos\" \/>\n<script type=\"application\/ld+json\" class=\"yoast-schema-graph\">{\"@context\":\"https:\\\/\\\/schema.org\",\"@graph\":[{\"@type\":\"Article\",\"@id\":\"https:\\\/\\\/www.ventanasprodeco.com\\\/noticias\\\/ventanas-edificios-historicos\\\/#article\",\"isPartOf\":{\"@id\":\"https:\\\/\\\/www.ventanasprodeco.com\\\/noticias\\\/ventanas-edificios-historicos\\\/\"},\"author\":{\"name\":\"Ventanas Prodeco\",\"@id\":\"https:\\\/\\\/www.ventanasprodeco.com\\\/noticias\\\/#\\\/schema\\\/person\\\/e2913647ff79c129e55984ab50faf21a\"},\"headline\":\"Ventanas para Edificios Hist\u00f3ricos y Antiguos\",\"datePublished\":\"2026-08-27T08:30:40+00:00\",\"dateModified\":\"2026-08-27T08:46:25+00:00\",\"mainEntityOfPage\":{\"@id\":\"https:\\\/\\\/www.ventanasprodeco.com\\\/noticias\\\/ventanas-edificios-historicos\\\/\"},\"wordCount\":547,\"publisher\":{\"@id\":\"https:\\\/\\\/www.ventanasprodeco.com\\\/noticias\\\/#organization\"},\"image\":{\"@id\":\"https:\\\/\\\/www.ventanasprodeco.com\\\/noticias\\\/ventanas-edificios-historicos\\\/#primaryimage\"},\"thumbnailUrl\":\"https:\\\/\\\/www.ventanasprodeco.com\\\/noticias\\\/wp-content\\\/uploads\\\/2026\\\/08\\\/ventanas-edificios-historicos.jpg\",\"keywords\":[\"Ventanas\",\"Ventanas Ac\u00fasticas\",\"Ventanas Calidad\",\"Ventanas Correderas\",\"Ventanas Elegantes\",\"Ventanas Modernas\",\"Ventanas Prodeco\",\"Ventanas PVC\",\"Ventanas Seguridad\",\"Ventanas T\u00e9rmicas\"],\"articleSection\":[\"Noticias\"],\"inLanguage\":\"es\"},{\"@type\":\"WebPage\",\"@id\":\"https:\\\/\\\/www.ventanasprodeco.com\\\/noticias\\\/ventanas-edificios-historicos\\\/\",\"url\":\"https:\\\/\\\/www.ventanasprodeco.com\\\/noticias\\\/ventanas-edificios-historicos\\\/\",\"name\":\"Ventanas para Edificios Hist\u00f3ricos y Antiguos - Ventanas Prodeco\",\"isPartOf\":{\"@id\":\"https:\\\/\\\/www.ventanasprodeco.com\\\/noticias\\\/#website\"},\"primaryImageOfPage\":{\"@id\":\"https:\\\/\\\/www.ventanasprodeco.com\\\/noticias\\\/ventanas-edificios-historicos\\\/#primaryimage\"},\"image\":{\"@id\":\"https:\\\/\\\/www.ventanasprodeco.com\\\/noticias\\\/ventanas-edificios-historicos\\\/#primaryimage\"},\"thumbnailUrl\":\"https:\\\/\\\/www.ventanasprodeco.com\\\/noticias\\\/wp-content\\\/uploads\\\/2026\\\/08\\\/ventanas-edificios-historicos.jpg\",\"datePublished\":\"2026-08-27T08:30:40+00:00\",\"dateModified\":\"2026-08-27T08:46:25+00:00\",\"description\":\"Descubre c\u00f3mo renovar las ventanas en edificios hist\u00f3ricos y antiguos cumpliendo con Patrimonio sin renunciar al m\u00e1ximo aislamiento t\u00e9rmico.\",\"breadcrumb\":{\"@id\":\"https:\\\/\\\/www.ventanasprodeco.com\\\/noticias\\\/ventanas-edificios-historicos\\\/#breadcrumb\"},\"inLanguage\":\"es\",\"potentialAction\":[{\"@type\":\"ReadAction\",\"target\":[\"https:\\\/\\\/www.ventanasprodeco.com\\\/noticias\\\/ventanas-edificios-historicos\\\/\"]}]},{\"@type\":\"ImageObject\",\"inLanguage\":\"es\",\"@id\":\"https:\\\/\\\/www.ventanasprodeco.com\\\/noticias\\\/ventanas-edificios-historicos\\\/#primaryimage\",\"url\":\"https:\\\/\\\/www.ventanasprodeco.com\\\/noticias\\\/wp-content\\\/uploads\\\/2026\\\/08\\\/ventanas-edificios-historicos.jpg\",\"contentUrl\":\"https:\\\/\\\/www.ventanasprodeco.com\\\/noticias\\\/wp-content\\\/uploads\\\/2026\\\/08\\\/ventanas-edificios-historicos.jpg\",\"width\":1568,\"height\":1046},{\"@type\":\"BreadcrumbList\",\"@id\":\"https:\\\/\\\/www.ventanasprodeco.com\\\/noticias\\\/ventanas-edificios-historicos\\\/#breadcrumb\",\"itemListElement\":[{\"@type\":\"ListItem\",\"position\":1,\"name\":\"Portada\",\"item\":\"https:\\\/\\\/www.ventanasprodeco.com\\\/noticias\\\/\"},{\"@type\":\"ListItem\",\"position\":2,\"name\":\"Ventanas para Edificios Hist\u00f3ricos y Antiguos\"}]},{\"@type\":\"WebSite\",\"@id\":\"https:\\\/\\\/www.ventanasprodeco.com\\\/noticias\\\/#website\",\"url\":\"https:\\\/\\\/www.ventanasprodeco.com\\\/noticias\\\/\",\"name\":\"VentanasProdeco.com\",\"description\":\"Especialistas en Ventanas\",\"publisher\":{\"@id\":\"https:\\\/\\\/www.ventanasprodeco.com\\\/noticias\\\/#organization\"},\"potentialAction\":[{\"@type\":\"SearchAction\",\"target\":{\"@type\":\"EntryPoint\",\"urlTemplate\":\"https:\\\/\\\/www.ventanasprodeco.com\\\/noticias\\\/?s={search_term_string}\"},\"query-input\":{\"@type\":\"PropertyValueSpecification\",\"valueRequired\":true,\"valueName\":\"search_term_string\"}}],\"inLanguage\":\"es\"},{\"@type\":\"Organization\",\"@id\":\"https:\\\/\\\/www.ventanasprodeco.com\\\/noticias\\\/#organization\",\"name\":\"Ventanas Prodeco\",\"url\":\"https:\\\/\\\/www.ventanasprodeco.com\\\/noticias\\\/\",\"logo\":{\"@type\":\"ImageObject\",\"inLanguage\":\"es\",\"@id\":\"https:\\\/\\\/www.ventanasprodeco.com\\\/noticias\\\/#\\\/schema\\\/logo\\\/image\\\/\",\"url\":\"https:\\\/\\\/www.ventanasprodeco.com\\\/noticias\\\/wp-content\\\/uploads\\\/2023\\\/06\\\/cropped-logo.png\",\"contentUrl\":\"https:\\\/\\\/www.ventanasprodeco.com\\\/noticias\\\/wp-content\\\/uploads\\\/2023\\\/06\\\/cropped-logo.png\",\"width\":300,\"height\":65,\"caption\":\"Ventanas Prodeco\"},\"image\":{\"@id\":\"https:\\\/\\\/www.ventanasprodeco.com\\\/noticias\\\/#\\\/schema\\\/logo\\\/image\\\/\"},\"sameAs\":[\"https:\\\/\\\/www.facebook.com\\\/VentanasProdeco\",\"https:\\\/\\\/x.com\\\/VentanasProdeco\",\"https:\\\/\\\/www.tiktok.com\\\/@VentanasProdeco\",\"https:\\\/\\\/www.youtube.com\\\/@VentanasProdeco\"]},{\"@type\":\"Person\",\"@id\":\"https:\\\/\\\/www.ventanasprodeco.com\\\/noticias\\\/#\\\/schema\\\/person\\\/e2913647ff79c129e55984ab50faf21a\",\"name\":\"Ventanas Prodeco\",\"image\":{\"@type\":\"ImageObject\",\"inLanguage\":\"es\",\"@id\":\"https:\\\/\\\/secure.gravatar.com\\\/avatar\\\/c5f8fa291da6699f0d04718e30fdb7ff9fa47d2ae84c79a8f68922349513ce31?s=96&d=mm&r=g\",\"url\":\"https:\\\/\\\/secure.gravatar.com\\\/avatar\\\/c5f8fa291da6699f0d04718e30fdb7ff9fa47d2ae84c79a8f68922349513ce31?s=96&d=mm&r=g\",\"contentUrl\":\"https:\\\/\\\/secure.gravatar.com\\\/avatar\\\/c5f8fa291da6699f0d04718e30fdb7ff9fa47d2ae84c79a8f68922349513ce31?s=96&d=mm&r=g\",\"caption\":\"Ventanas Prodeco\"},\"sameAs\":[\"http:\\\/\\\/ventanasprodeco.com\\\/noticias\"],\"url\":\"https:\\\/\\\/www.ventanasprodeco.com\\\/noticias\\\/author\\\/admin\\\/\"}]}<\/script>\n<!-- \/ Yoast SEO plugin. -->","yoast_head_json":{"title":"Ventanas para Edificios Hist\u00f3ricos y Antiguos - Ventanas Prodeco","description":"Descubre c\u00f3mo renovar las ventanas en edificios hist\u00f3ricos y antiguos cumpliendo con Patrimonio sin renunciar al m\u00e1ximo aislamiento t\u00e9rmico.","robots":{"index":"index","follow":"follow","max-snippet":"max-snippet:-1","max-image-preview":"max-image-preview:large","max-video-preview":"max-video-preview:-1"},"canonical":"https:\/\/www.ventanasprodeco.com\/noticias\/ventanas-edificios-historicos\/","og_locale":"es_ES","og_type":"article","og_title":"Ventanas para Edificios Hist\u00f3ricos y Antiguos - Ventanas Prodeco","og_description":"Descubre c\u00f3mo renovar las ventanas en edificios hist\u00f3ricos y antiguos cumpliendo con Patrimonio sin renunciar al m\u00e1ximo aislamiento t\u00e9rmico.","og_url":"https:\/\/www.ventanasprodeco.com\/noticias\/ventanas-edificios-historicos\/","og_site_name":"Ventanas Prodeco","article_publisher":"https:\/\/www.facebook.com\/VentanasProdeco","article_published_time":"2026-08-27T08:30:40+00:00","article_modified_time":"2026-08-27T08:46:25+00:00","og_image":[{"width":1568,"height":1046,"url":"https:\/\/www.ventanasprodeco.com\/noticias\/wp-content\/uploads\/2026\/08\/ventanas-edificios-historicos.jpg","type":"image\/jpeg"}],"author":"Ventanas Prodeco","twitter_card":"summary_large_image","twitter_creator":"@VentanasProdeco","twitter_site":"@VentanasProdeco","twitter_misc":{"Escrito por":"Ventanas Prodeco","Tiempo de lectura":"3 minutos"},"schema":{"@context":"https:\/\/schema.org","@graph":[{"@type":"Article","@id":"https:\/\/www.ventanasprodeco.com\/noticias\/ventanas-edificios-historicos\/#article","isPartOf":{"@id":"https:\/\/www.ventanasprodeco.com\/noticias\/ventanas-edificios-historicos\/"},"author":{"name":"Ventanas Prodeco","@id":"https:\/\/www.ventanasprodeco.com\/noticias\/#\/schema\/person\/e2913647ff79c129e55984ab50faf21a"},"headline":"Ventanas para Edificios Hist\u00f3ricos y Antiguos","datePublished":"2026-08-27T08:30:40+00:00","dateModified":"2026-08-27T08:46:25+00:00","mainEntityOfPage":{"@id":"https:\/\/www.ventanasprodeco.com\/noticias\/ventanas-edificios-historicos\/"},"wordCount":547,"publisher":{"@id":"https:\/\/www.ventanasprodeco.com\/noticias\/#organization"},"image":{"@id":"https:\/\/www.ventanasprodeco.com\/noticias\/ventanas-edificios-historicos\/#primaryimage"},"thumbnailUrl":"https:\/\/www.ventanasprodeco.com\/noticias\/wp-content\/uploads\/2026\/08\/ventanas-edificios-historicos.jpg","keywords":["Ventanas","Ventanas Ac\u00fasticas","Ventanas Calidad","Ventanas Correderas","Ventanas Elegantes","Ventanas Modernas","Ventanas Prodeco","Ventanas PVC","Ventanas Seguridad","Ventanas T\u00e9rmicas"],"articleSection":["Noticias"],"inLanguage":"es"},{"@type":"WebPage","@id":"https:\/\/www.ventanasprodeco.com\/noticias\/ventanas-edificios-historicos\/","url":"https:\/\/www.ventanasprodeco.com\/noticias\/ventanas-edificios-historicos\/","name":"Ventanas para Edificios Hist\u00f3ricos y Antiguos - Ventanas Prodeco","isPartOf":{"@id":"https:\/\/www.ventanasprodeco.com\/noticias\/#website"},"primaryImageOfPage":{"@id":"https:\/\/www.ventanasprodeco.com\/noticias\/ventanas-edificios-historicos\/#primaryimage"},"image":{"@id":"https:\/\/www.ventanasprodeco.com\/noticias\/ventanas-edificios-historicos\/#primaryimage"},"thumbnailUrl":"https:\/\/www.ventanasprodeco.com\/noticias\/wp-content\/uploads\/2026\/08\/ventanas-edificios-historicos.jpg","datePublished":"2026-08-27T08:30:40+00:00","dateModified":"2026-08-27T08:46:25+00:00","description":"Descubre c\u00f3mo renovar las ventanas en edificios hist\u00f3ricos y antiguos cumpliendo con Patrimonio sin renunciar al m\u00e1ximo aislamiento t\u00e9rmico.","breadcrumb":{"@id":"https:\/\/www.ventanasprodeco.com\/noticias\/ventanas-edificios-historicos\/#breadcrumb"},"inLanguage":"es","potentialAction":[{"@type":"ReadAction","target":["https:\/\/www.ventanasprodeco.com\/noticias\/ventanas-edificios-historicos\/"]}]},{"@type":"ImageObject","inLanguage":"es","@id":"https:\/\/www.ventanasprodeco.com\/noticias\/ventanas-edificios-historicos\/#primaryimage","url":"https:\/\/www.ventanasprodeco.com\/noticias\/wp-content\/uploads\/2026\/08\/ventanas-edificios-historicos.jpg","contentUrl":"https:\/\/www.ventanasprodeco.com\/noticias\/wp-content\/uploads\/2026\/08\/ventanas-edificios-historicos.jpg","width":1568,"height":1046},{"@type":"BreadcrumbList","@id":"https:\/\/www.ventanasprodeco.com\/noticias\/ventanas-edificios-historicos\/#breadcrumb","itemListElement":[{"@type":"ListItem","position":1,"name":"Portada","item":"https:\/\/www.ventanasprodeco.com\/noticias\/"},{"@type":"ListItem","position":2,"name":"Ventanas para Edificios Hist\u00f3ricos y Antiguos"}]},{"@type":"WebSite","@id":"https:\/\/www.ventanasprodeco.com\/noticias\/#website","url":"https:\/\/www.ventanasprodeco.com\/noticias\/","name":"VentanasProdeco.com","description":"Especialistas en Ventanas","publisher":{"@id":"https:\/\/www.ventanasprodeco.com\/noticias\/#organization"},"potentialAction":[{"@type":"SearchAction","target":{"@type":"EntryPoint","urlTemplate":"https:\/\/www.ventanasprodeco.com\/noticias\/?s={search_term_string}"},"query-input":{"@type":"PropertyValueSpecification","valueRequired":true,"valueName":"search_term_string"}}],"inLanguage":"es"},{"@type":"Organization","@id":"https:\/\/www.ventanasprodeco.com\/noticias\/#organization","name":"Ventanas Prodeco","url":"https:\/\/www.ventanasprodeco.com\/noticias\/","logo":{"@type":"ImageObject","inLanguage":"es","@id":"https:\/\/www.ventanasprodeco.com\/noticias\/#\/schema\/logo\/image\/","url":"https:\/\/www.ventanasprodeco.com\/noticias\/wp-content\/uploads\/2023\/06\/cropped-logo.png","contentUrl":"https:\/\/www.ventanasprodeco.com\/noticias\/wp-content\/uploads\/2023\/06\/cropped-logo.png","width":300,"height":65,"caption":"Ventanas Prodeco"},"image":{"@id":"https:\/\/www.ventanasprodeco.com\/noticias\/#\/schema\/logo\/image\/"},"sameAs":["https:\/\/www.facebook.com\/VentanasProdeco","https:\/\/x.com\/VentanasProdeco","https:\/\/www.tiktok.com\/@VentanasProdeco","https:\/\/www.youtube.com\/@VentanasProdeco"]},{"@type":"Person","@id":"https:\/\/www.ventanasprodeco.com\/noticias\/#\/schema\/person\/e2913647ff79c129e55984ab50faf21a","name":"Ventanas Prodeco","image":{"@type":"ImageObject","inLanguage":"es","@id":"https:\/\/secure.gravatar.com\/avatar\/c5f8fa291da6699f0d04718e30fdb7ff9fa47d2ae84c79a8f68922349513ce31?s=96&d=mm&r=g","url":"https:\/\/secure.gravatar.com\/avatar\/c5f8fa291da6699f0d04718e30fdb7ff9fa47d2ae84c79a8f68922349513ce31?s=96&d=mm&r=g","contentUrl":"https:\/\/secure.gravatar.com\/avatar\/c5f8fa291da6699f0d04718e30fdb7ff9fa47d2ae84c79a8f68922349513ce31?s=96&d=mm&r=g","caption":"Ventanas Prodeco"},"sameAs":["http:\/\/ventanasprodeco.com\/noticias"],"url":"https:\/\/www.ventanasprodeco.com\/noticias\/author\/admin\/"}]}},"_links":{"self":[{"href":"https:\/\/www.ventanasprodeco.com\/noticias\/wp-json\/wp\/v2\/posts\/2080","targetHints":{"allow":["GET"]}}],"collection":[{"href":"https:\/\/www.ventanasprodeco.com\/noticias\/wp-json\/wp\/v2\/posts"}],"about":[{"href":"https:\/\/www.ventanasprodeco.com\/noticias\/wp-json\/wp\/v2\/types\/post"}],"author":[{"embeddable":true,"href":"https:\/\/www.ventanasprodeco.com\/noticias\/wp-json\/wp\/v2\/users\/1"}],"replies":[{"embeddable":true,"href":"https:\/\/www.ventanasprodeco.com\/noticias\/wp-json\/wp\/v2\/comments?post=2080"}],"version-history":[{"count":4,"href":"https:\/\/www.ventanasprodeco.com\/noticias\/wp-json\/wp\/v2\/posts\/2080\/revisions"}],"predecessor-version":[{"id":2085,"href":"https:\/\/www.ventanasprodeco.com\/noticias\/wp-json\/wp\/v2\/posts\/2080\/revisions\/2085"}],"wp:featuredmedia":[{"embeddable":true,"href":"https:\/\/www.ventanasprodeco.com\/noticias\/wp-json\/wp\/v2\/media\/2082"}],"wp:attachment":[{"href":"https:\/\/www.ventanasprodeco.com\/noticias\/wp-json\/wp\/v2\/media?parent=2080"}],"wp:term":[{"taxonomy":"category","embeddable":true,"href":"https:\/\/www.ventanasprodeco.com\/noticias\/wp-json\/wp\/v2\/categories?post=2080"},{"taxonomy":"post_tag","embeddable":true,"href":"https:\/\/www.ventanasprodeco.com\/noticias\/wp-json\/wp\/v2\/tags?post=2080"}],"curies":[{"name":"wp","href":"https:\/\/api.w.org\/{rel}","templated":true}]}}