{"id":192,"date":"2023-09-11T09:26:00","date_gmt":"2023-09-11T09:26:00","guid":{"rendered":"https:\/\/ventanasprodeco.com\/noticias\/?p=192"},"modified":"2023-09-11T09:49:31","modified_gmt":"2023-09-11T09:49:31","slug":"ventajas-ventanas-prodeco-dias-lluviosos","status":"publish","type":"post","link":"https:\/\/www.ventanasprodeco.com\/noticias\/ventajas-ventanas-prodeco-dias-lluviosos\/","title":{"rendered":"Ventajas de las Ventanas Prodeco en D\u00edas Lluviosos"},"content":{"rendered":"<p>Los d\u00edas lluviosos pueden poner a prueba la protecci\u00f3n y el confort de tu hogar. En esta entrada, descubre por qu\u00e9 las ventanas de <a href=\"\/\" title=\"Ventanas Prodeco | Especialistas en Ventanas\">Ventanas Prodeco<\/a> son la elecci\u00f3n ideal para enfrentar la lluvia con confianza. Desde su resistencia excepcional hasta su capacidad para mantener tu hogar seco y acogedor, te explicaremos c\u00f3mo nuestras ventanas superan las expectativas en condiciones de lluvia.<\/p>\n<h2>Ventajas de Ventanas Prodeco<\/h2>\n<p><b>Aislamiento Superior:<\/b> Las ventanas de Ventanas Prodeco cuentan con aislamiento avanzado que impide que la lluvia y el fr\u00edo ingresen a tu hogar. Esto garantiza que tu espacio se mantenga seco y agradable, incluso en las tormentas m\u00e1s intensas.<\/p>\n<p><b>Protecci\u00f3n Duradera:<\/b> Nuestras ventanas est\u00e1n construidas con materiales de alta calidad que resisten la corrosi\u00f3n y los da\u00f1os causados por la humedad. Esto significa que tus ventanas mantendr\u00e1n su atractivo y funcionamiento a lo largo del tiempo, incluso en climas h\u00famedos.<\/p>\n<p><b>Reducci\u00f3n del Ruido:<\/b> El aislamiento ac\u00fastico de Ventanas Prodeco no solo protege contra la lluvia, sino que tambi\u00e9n te brinda un ambiente tranquilo y relajante en d\u00edas lluviosos, bloqueando los ruidos molestos del exterior.<\/p>\n<p><b>Eficiencia Energ\u00e9tica:<\/b> Nuestras ventanas est\u00e1n dise\u00f1adas para mantener una temperatura interior constante, lo que reduce la necesidad de ajustar el termostato en respuesta a los cambios clim\u00e1ticos causados por la lluvia. Esto se traduce en ahorro de energ\u00eda y en una factura de calefacci\u00f3n m\u00e1s baja.<\/p>\n<p><b>Dise\u00f1o Elegante:<\/b> No comprometemos el estilo por la funcionalidad. Las ventanas de Ventanas Prodeco vienen en una variedad de estilos y acabados para que puedas personalizar la est\u00e9tica de tu hogar mientras disfrutas de sus ventajas en d\u00edas lluviosos.<\/p>\n<p><b>Iluminaci\u00f3n Natural Continua:<\/b> A pesar de la lluvia, nuestras ventanas permiten que la luz natural entre en tu hogar, contribuyendo a mantener un ambiente luminoso y agradable incluso en d\u00edas oscuros.<\/p>\n<p>Las ventanas de <strong>Ventanas Prodeco<\/strong> son mucho m\u00e1s que solo una forma de ver el mundo exterior. Ofrecen un nivel excepcional de protecci\u00f3n, eficiencia y comodidad, especialmente en los d\u00edas de lluvia. Si buscas ventanas de alta calidad que mejoren tu calidad de vida en todas las estaciones, no busques m\u00e1s.<\/p>\n<p>\u00a1Descubre c\u00f3mo nuestras ventanas pueden hacer la diferencia en tu hogar, incluso en los d\u00edas m\u00e1s lluviosos!<\/p>\n","protected":false},"excerpt":{"rendered":"<p>Los d\u00edas lluviosos pueden poner a prueba la protecci\u00f3n y el confort de tu hogar. En esta entrada, descubre por qu\u00e9 las ventanas de Ventanas Prodeco son la elecci\u00f3n ideal para enfrentar la lluvia con confianza. Desde su resistencia excepcional hasta su capacidad para mantener tu hogar seco y acogedor, te explicaremos c\u00f3mo nuestras ventanas&hellip; <a class=\"more-link\" href=\"https:\/\/www.ventanasprodeco.com\/noticias\/ventajas-ventanas-prodeco-dias-lluviosos\/\">Seguir leyendo <span class=\"screen-reader-text\">Ventajas de las Ventanas Prodeco en D\u00edas Lluviosos<\/span><\/a><\/p>\n","protected":false},"author":1,"featured_media":194,"comment_status":"closed","ping_status":"open","sticky":false,"template":"","format":"standard","meta":{"footnotes":""},"categories":[1],"tags":[6,8,10,13,14,9,7],"class_list":["post-192","post","type-post","status-publish","format-standard","has-post-thumbnail","hentry","category-noticias","tag-ventanas","tag-ventanas-acusticas","tag-ventanas-calidad","tag-ventanas-elegantes","tag-ventanas-modernas","tag-ventanas-prodeco","tag-ventanas-termicas","entry"],"yoast_head":"<!-- This site is optimized with the Yoast SEO plugin v27.4 - https:\/\/yoast.com\/product\/yoast-seo-wordpress\/ -->\n<title>Ventajas de las Ventanas Prodeco en D\u00edas Lluviosos - Ventanas Prodeco<\/title>\n<meta name=\"description\" content=\"descubre por qu\u00e9 las ventanas de Ventanas Prodeco son la elecci\u00f3n ideal para enfrentar la lluvia con confianza.\" \/>\n<meta name=\"robots\" content=\"index, follow, max-snippet:-1, max-image-preview:large, max-video-preview:-1\" \/>\n<link rel=\"canonical\" href=\"https:\/\/www.ventanasprodeco.com\/noticias\/ventajas-ventanas-prodeco-dias-lluviosos\/\" \/>\n<meta property=\"og:locale\" content=\"es_ES\" \/>\n<meta property=\"og:type\" content=\"article\" \/>\n<meta property=\"og:title\" content=\"Ventajas de las Ventanas Prodeco en D\u00edas Lluviosos - Ventanas Prodeco\" \/>\n<meta property=\"og:description\" content=\"descubre por qu\u00e9 las ventanas de Ventanas Prodeco son la elecci\u00f3n ideal para enfrentar la lluvia con confianza.\" \/>\n<meta property=\"og:url\" content=\"https:\/\/www.ventanasprodeco.com\/noticias\/ventajas-ventanas-prodeco-dias-lluviosos\/\" \/>\n<meta property=\"og:site_name\" content=\"Ventanas Prodeco\" \/>\n<meta property=\"article:publisher\" content=\"https:\/\/www.facebook.com\/VentanasProdeco\" \/>\n<meta property=\"article:published_time\" content=\"2023-09-11T09:26:00+00:00\" \/>\n<meta property=\"article:modified_time\" content=\"2023-09-11T09:49:31+00:00\" \/>\n<meta property=\"og:image\" content=\"https:\/\/www.ventanasprodeco.com\/noticias\/wp-content\/uploads\/2023\/09\/ventanas-prodeco-ventajas-lluvia.jpg\" \/>\n\t<meta property=\"og:image:width\" content=\"1568\" \/>\n\t<meta property=\"og:image:height\" content=\"1046\" \/>\n\t<meta property=\"og:image:type\" content=\"image\/jpeg\" \/>\n<meta name=\"author\" content=\"Ventanas Prodeco\" \/>\n<meta name=\"twitter:card\" content=\"summary_large_image\" \/>\n<meta name=\"twitter:creator\" content=\"@VentanasProdeco\" \/>\n<meta name=\"twitter:site\" content=\"@VentanasProdeco\" \/>\n<meta name=\"twitter:label1\" content=\"Escrito por\" \/>\n\t<meta name=\"twitter:data1\" content=\"Ventanas Prodeco\" \/>\n\t<meta name=\"twitter:label2\" content=\"Tiempo de lectura\" \/>\n\t<meta name=\"twitter:data2\" content=\"2 minutos\" \/>\n<script type=\"application\/ld+json\" class=\"yoast-schema-graph\">{\"@context\":\"https:\\\/\\\/schema.org\",\"@graph\":[{\"@type\":\"Article\",\"@id\":\"https:\\\/\\\/www.ventanasprodeco.com\\\/noticias\\\/ventajas-ventanas-prodeco-dias-lluviosos\\\/#article\",\"isPartOf\":{\"@id\":\"https:\\\/\\\/www.ventanasprodeco.com\\\/noticias\\\/ventajas-ventanas-prodeco-dias-lluviosos\\\/\"},\"author\":{\"name\":\"Ventanas Prodeco\",\"@id\":\"https:\\\/\\\/www.ventanasprodeco.com\\\/noticias\\\/#\\\/schema\\\/person\\\/e2913647ff79c129e55984ab50faf21a\"},\"headline\":\"Ventajas de las Ventanas Prodeco en D\u00edas Lluviosos\",\"datePublished\":\"2023-09-11T09:26:00+00:00\",\"dateModified\":\"2023-09-11T09:49:31+00:00\",\"mainEntityOfPage\":{\"@id\":\"https:\\\/\\\/www.ventanasprodeco.com\\\/noticias\\\/ventajas-ventanas-prodeco-dias-lluviosos\\\/\"},\"wordCount\":408,\"publisher\":{\"@id\":\"https:\\\/\\\/www.ventanasprodeco.com\\\/noticias\\\/#organization\"},\"image\":{\"@id\":\"https:\\\/\\\/www.ventanasprodeco.com\\\/noticias\\\/ventajas-ventanas-prodeco-dias-lluviosos\\\/#primaryimage\"},\"thumbnailUrl\":\"https:\\\/\\\/www.ventanasprodeco.com\\\/noticias\\\/wp-content\\\/uploads\\\/2023\\\/09\\\/ventanas-prodeco-ventajas-lluvia.jpg\",\"keywords\":[\"Ventanas\",\"Ventanas Ac\u00fasticas\",\"Ventanas Calidad\",\"Ventanas Elegantes\",\"Ventanas Modernas\",\"Ventanas Prodeco\",\"Ventanas T\u00e9rmicas\"],\"articleSection\":[\"Noticias\"],\"inLanguage\":\"es\"},{\"@type\":\"WebPage\",\"@id\":\"https:\\\/\\\/www.ventanasprodeco.com\\\/noticias\\\/ventajas-ventanas-prodeco-dias-lluviosos\\\/\",\"url\":\"https:\\\/\\\/www.ventanasprodeco.com\\\/noticias\\\/ventajas-ventanas-prodeco-dias-lluviosos\\\/\",\"name\":\"Ventajas de las Ventanas Prodeco en D\u00edas Lluviosos - Ventanas Prodeco\",\"isPartOf\":{\"@id\":\"https:\\\/\\\/www.ventanasprodeco.com\\\/noticias\\\/#website\"},\"primaryImageOfPage\":{\"@id\":\"https:\\\/\\\/www.ventanasprodeco.com\\\/noticias\\\/ventajas-ventanas-prodeco-dias-lluviosos\\\/#primaryimage\"},\"image\":{\"@id\":\"https:\\\/\\\/www.ventanasprodeco.com\\\/noticias\\\/ventajas-ventanas-prodeco-dias-lluviosos\\\/#primaryimage\"},\"thumbnailUrl\":\"https:\\\/\\\/www.ventanasprodeco.com\\\/noticias\\\/wp-content\\\/uploads\\\/2023\\\/09\\\/ventanas-prodeco-ventajas-lluvia.jpg\",\"datePublished\":\"2023-09-11T09:26:00+00:00\",\"dateModified\":\"2023-09-11T09:49:31+00:00\",\"description\":\"descubre por qu\u00e9 las ventanas de Ventanas Prodeco son la elecci\u00f3n ideal para enfrentar la lluvia con confianza.\",\"breadcrumb\":{\"@id\":\"https:\\\/\\\/www.ventanasprodeco.com\\\/noticias\\\/ventajas-ventanas-prodeco-dias-lluviosos\\\/#breadcrumb\"},\"inLanguage\":\"es\",\"potentialAction\":[{\"@type\":\"ReadAction\",\"target\":[\"https:\\\/\\\/www.ventanasprodeco.com\\\/noticias\\\/ventajas-ventanas-prodeco-dias-lluviosos\\\/\"]}]},{\"@type\":\"ImageObject\",\"inLanguage\":\"es\",\"@id\":\"https:\\\/\\\/www.ventanasprodeco.com\\\/noticias\\\/ventajas-ventanas-prodeco-dias-lluviosos\\\/#primaryimage\",\"url\":\"https:\\\/\\\/www.ventanasprodeco.com\\\/noticias\\\/wp-content\\\/uploads\\\/2023\\\/09\\\/ventanas-prodeco-ventajas-lluvia.jpg\",\"contentUrl\":\"https:\\\/\\\/www.ventanasprodeco.com\\\/noticias\\\/wp-content\\\/uploads\\\/2023\\\/09\\\/ventanas-prodeco-ventajas-lluvia.jpg\",\"width\":1568,\"height\":1046},{\"@type\":\"BreadcrumbList\",\"@id\":\"https:\\\/\\\/www.ventanasprodeco.com\\\/noticias\\\/ventajas-ventanas-prodeco-dias-lluviosos\\\/#breadcrumb\",\"itemListElement\":[{\"@type\":\"ListItem\",\"position\":1,\"name\":\"Portada\",\"item\":\"https:\\\/\\\/www.ventanasprodeco.com\\\/noticias\\\/\"},{\"@type\":\"ListItem\",\"position\":2,\"name\":\"Ventajas de las Ventanas Prodeco en D\u00edas Lluviosos\"}]},{\"@type\":\"WebSite\",\"@id\":\"https:\\\/\\\/www.ventanasprodeco.com\\\/noticias\\\/#website\",\"url\":\"https:\\\/\\\/www.ventanasprodeco.com\\\/noticias\\\/\",\"name\":\"VentanasProdeco.com\",\"description\":\"Especialistas en Ventanas\",\"publisher\":{\"@id\":\"https:\\\/\\\/www.ventanasprodeco.com\\\/noticias\\\/#organization\"},\"potentialAction\":[{\"@type\":\"SearchAction\",\"target\":{\"@type\":\"EntryPoint\",\"urlTemplate\":\"https:\\\/\\\/www.ventanasprodeco.com\\\/noticias\\\/?s={search_term_string}\"},\"query-input\":{\"@type\":\"PropertyValueSpecification\",\"valueRequired\":true,\"valueName\":\"search_term_string\"}}],\"inLanguage\":\"es\"},{\"@type\":\"Organization\",\"@id\":\"https:\\\/\\\/www.ventanasprodeco.com\\\/noticias\\\/#organization\",\"name\":\"Ventanas Prodeco\",\"url\":\"https:\\\/\\\/www.ventanasprodeco.com\\\/noticias\\\/\",\"logo\":{\"@type\":\"ImageObject\",\"inLanguage\":\"es\",\"@id\":\"https:\\\/\\\/www.ventanasprodeco.com\\\/noticias\\\/#\\\/schema\\\/logo\\\/image\\\/\",\"url\":\"https:\\\/\\\/www.ventanasprodeco.com\\\/noticias\\\/wp-content\\\/uploads\\\/2023\\\/06\\\/cropped-logo.png\",\"contentUrl\":\"https:\\\/\\\/www.ventanasprodeco.com\\\/noticias\\\/wp-content\\\/uploads\\\/2023\\\/06\\\/cropped-logo.png\",\"width\":300,\"height\":65,\"caption\":\"Ventanas Prodeco\"},\"image\":{\"@id\":\"https:\\\/\\\/www.ventanasprodeco.com\\\/noticias\\\/#\\\/schema\\\/logo\\\/image\\\/\"},\"sameAs\":[\"https:\\\/\\\/www.facebook.com\\\/VentanasProdeco\",\"https:\\\/\\\/x.com\\\/VentanasProdeco\",\"https:\\\/\\\/www.tiktok.com\\\/@VentanasProdeco\",\"https:\\\/\\\/www.youtube.com\\\/@VentanasProdeco\"]},{\"@type\":\"Person\",\"@id\":\"https:\\\/\\\/www.ventanasprodeco.com\\\/noticias\\\/#\\\/schema\\\/person\\\/e2913647ff79c129e55984ab50faf21a\",\"name\":\"Ventanas Prodeco\",\"image\":{\"@type\":\"ImageObject\",\"inLanguage\":\"es\",\"@id\":\"https:\\\/\\\/secure.gravatar.com\\\/avatar\\\/c5f8fa291da6699f0d04718e30fdb7ff9fa47d2ae84c79a8f68922349513ce31?s=96&d=mm&r=g\",\"url\":\"https:\\\/\\\/secure.gravatar.com\\\/avatar\\\/c5f8fa291da6699f0d04718e30fdb7ff9fa47d2ae84c79a8f68922349513ce31?s=96&d=mm&r=g\",\"contentUrl\":\"https:\\\/\\\/secure.gravatar.com\\\/avatar\\\/c5f8fa291da6699f0d04718e30fdb7ff9fa47d2ae84c79a8f68922349513ce31?s=96&d=mm&r=g\",\"caption\":\"Ventanas Prodeco\"},\"sameAs\":[\"http:\\\/\\\/ventanasprodeco.com\\\/noticias\"],\"url\":\"https:\\\/\\\/www.ventanasprodeco.com\\\/noticias\\\/author\\\/admin\\\/\"}]}<\/script>\n<!-- \/ Yoast SEO plugin. -->","yoast_head_json":{"title":"Ventajas de las Ventanas Prodeco en D\u00edas Lluviosos - Ventanas Prodeco","description":"descubre por qu\u00e9 las ventanas de Ventanas Prodeco son la elecci\u00f3n ideal para enfrentar la lluvia con confianza.","robots":{"index":"index","follow":"follow","max-snippet":"max-snippet:-1","max-image-preview":"max-image-preview:large","max-video-preview":"max-video-preview:-1"},"canonical":"https:\/\/www.ventanasprodeco.com\/noticias\/ventajas-ventanas-prodeco-dias-lluviosos\/","og_locale":"es_ES","og_type":"article","og_title":"Ventajas de las Ventanas Prodeco en D\u00edas Lluviosos - Ventanas Prodeco","og_description":"descubre por qu\u00e9 las ventanas de Ventanas Prodeco son la elecci\u00f3n ideal para enfrentar la lluvia con confianza.","og_url":"https:\/\/www.ventanasprodeco.com\/noticias\/ventajas-ventanas-prodeco-dias-lluviosos\/","og_site_name":"Ventanas Prodeco","article_publisher":"https:\/\/www.facebook.com\/VentanasProdeco","article_published_time":"2023-09-11T09:26:00+00:00","article_modified_time":"2023-09-11T09:49:31+00:00","og_image":[{"width":1568,"height":1046,"url":"https:\/\/www.ventanasprodeco.com\/noticias\/wp-content\/uploads\/2023\/09\/ventanas-prodeco-ventajas-lluvia.jpg","type":"image\/jpeg"}],"author":"Ventanas Prodeco","twitter_card":"summary_large_image","twitter_creator":"@VentanasProdeco","twitter_site":"@VentanasProdeco","twitter_misc":{"Escrito por":"Ventanas Prodeco","Tiempo de lectura":"2 minutos"},"schema":{"@context":"https:\/\/schema.org","@graph":[{"@type":"Article","@id":"https:\/\/www.ventanasprodeco.com\/noticias\/ventajas-ventanas-prodeco-dias-lluviosos\/#article","isPartOf":{"@id":"https:\/\/www.ventanasprodeco.com\/noticias\/ventajas-ventanas-prodeco-dias-lluviosos\/"},"author":{"name":"Ventanas Prodeco","@id":"https:\/\/www.ventanasprodeco.com\/noticias\/#\/schema\/person\/e2913647ff79c129e55984ab50faf21a"},"headline":"Ventajas de las Ventanas Prodeco en D\u00edas Lluviosos","datePublished":"2023-09-11T09:26:00+00:00","dateModified":"2023-09-11T09:49:31+00:00","mainEntityOfPage":{"@id":"https:\/\/www.ventanasprodeco.com\/noticias\/ventajas-ventanas-prodeco-dias-lluviosos\/"},"wordCount":408,"publisher":{"@id":"https:\/\/www.ventanasprodeco.com\/noticias\/#organization"},"image":{"@id":"https:\/\/www.ventanasprodeco.com\/noticias\/ventajas-ventanas-prodeco-dias-lluviosos\/#primaryimage"},"thumbnailUrl":"https:\/\/www.ventanasprodeco.com\/noticias\/wp-content\/uploads\/2023\/09\/ventanas-prodeco-ventajas-lluvia.jpg","keywords":["Ventanas","Ventanas Ac\u00fasticas","Ventanas Calidad","Ventanas Elegantes","Ventanas Modernas","Ventanas Prodeco","Ventanas T\u00e9rmicas"],"articleSection":["Noticias"],"inLanguage":"es"},{"@type":"WebPage","@id":"https:\/\/www.ventanasprodeco.com\/noticias\/ventajas-ventanas-prodeco-dias-lluviosos\/","url":"https:\/\/www.ventanasprodeco.com\/noticias\/ventajas-ventanas-prodeco-dias-lluviosos\/","name":"Ventajas de las Ventanas Prodeco en D\u00edas Lluviosos - Ventanas Prodeco","isPartOf":{"@id":"https:\/\/www.ventanasprodeco.com\/noticias\/#website"},"primaryImageOfPage":{"@id":"https:\/\/www.ventanasprodeco.com\/noticias\/ventajas-ventanas-prodeco-dias-lluviosos\/#primaryimage"},"image":{"@id":"https:\/\/www.ventanasprodeco.com\/noticias\/ventajas-ventanas-prodeco-dias-lluviosos\/#primaryimage"},"thumbnailUrl":"https:\/\/www.ventanasprodeco.com\/noticias\/wp-content\/uploads\/2023\/09\/ventanas-prodeco-ventajas-lluvia.jpg","datePublished":"2023-09-11T09:26:00+00:00","dateModified":"2023-09-11T09:49:31+00:00","description":"descubre por qu\u00e9 las ventanas de Ventanas Prodeco son la elecci\u00f3n ideal para enfrentar la lluvia con confianza.","breadcrumb":{"@id":"https:\/\/www.ventanasprodeco.com\/noticias\/ventajas-ventanas-prodeco-dias-lluviosos\/#breadcrumb"},"inLanguage":"es","potentialAction":[{"@type":"ReadAction","target":["https:\/\/www.ventanasprodeco.com\/noticias\/ventajas-ventanas-prodeco-dias-lluviosos\/"]}]},{"@type":"ImageObject","inLanguage":"es","@id":"https:\/\/www.ventanasprodeco.com\/noticias\/ventajas-ventanas-prodeco-dias-lluviosos\/#primaryimage","url":"https:\/\/www.ventanasprodeco.com\/noticias\/wp-content\/uploads\/2023\/09\/ventanas-prodeco-ventajas-lluvia.jpg","contentUrl":"https:\/\/www.ventanasprodeco.com\/noticias\/wp-content\/uploads\/2023\/09\/ventanas-prodeco-ventajas-lluvia.jpg","width":1568,"height":1046},{"@type":"BreadcrumbList","@id":"https:\/\/www.ventanasprodeco.com\/noticias\/ventajas-ventanas-prodeco-dias-lluviosos\/#breadcrumb","itemListElement":[{"@type":"ListItem","position":1,"name":"Portada","item":"https:\/\/www.ventanasprodeco.com\/noticias\/"},{"@type":"ListItem","position":2,"name":"Ventajas de las Ventanas Prodeco en D\u00edas Lluviosos"}]},{"@type":"WebSite","@id":"https:\/\/www.ventanasprodeco.com\/noticias\/#website","url":"https:\/\/www.ventanasprodeco.com\/noticias\/","name":"VentanasProdeco.com","description":"Especialistas en Ventanas","publisher":{"@id":"https:\/\/www.ventanasprodeco.com\/noticias\/#organization"},"potentialAction":[{"@type":"SearchAction","target":{"@type":"EntryPoint","urlTemplate":"https:\/\/www.ventanasprodeco.com\/noticias\/?s={search_term_string}"},"query-input":{"@type":"PropertyValueSpecification","valueRequired":true,"valueName":"search_term_string"}}],"inLanguage":"es"},{"@type":"Organization","@id":"https:\/\/www.ventanasprodeco.com\/noticias\/#organization","name":"Ventanas Prodeco","url":"https:\/\/www.ventanasprodeco.com\/noticias\/","logo":{"@type":"ImageObject","inLanguage":"es","@id":"https:\/\/www.ventanasprodeco.com\/noticias\/#\/schema\/logo\/image\/","url":"https:\/\/www.ventanasprodeco.com\/noticias\/wp-content\/uploads\/2023\/06\/cropped-logo.png","contentUrl":"https:\/\/www.ventanasprodeco.com\/noticias\/wp-content\/uploads\/2023\/06\/cropped-logo.png","width":300,"height":65,"caption":"Ventanas Prodeco"},"image":{"@id":"https:\/\/www.ventanasprodeco.com\/noticias\/#\/schema\/logo\/image\/"},"sameAs":["https:\/\/www.facebook.com\/VentanasProdeco","https:\/\/x.com\/VentanasProdeco","https:\/\/www.tiktok.com\/@VentanasProdeco","https:\/\/www.youtube.com\/@VentanasProdeco"]},{"@type":"Person","@id":"https:\/\/www.ventanasprodeco.com\/noticias\/#\/schema\/person\/e2913647ff79c129e55984ab50faf21a","name":"Ventanas Prodeco","image":{"@type":"ImageObject","inLanguage":"es","@id":"https:\/\/secure.gravatar.com\/avatar\/c5f8fa291da6699f0d04718e30fdb7ff9fa47d2ae84c79a8f68922349513ce31?s=96&d=mm&r=g","url":"https:\/\/secure.gravatar.com\/avatar\/c5f8fa291da6699f0d04718e30fdb7ff9fa47d2ae84c79a8f68922349513ce31?s=96&d=mm&r=g","contentUrl":"https:\/\/secure.gravatar.com\/avatar\/c5f8fa291da6699f0d04718e30fdb7ff9fa47d2ae84c79a8f68922349513ce31?s=96&d=mm&r=g","caption":"Ventanas Prodeco"},"sameAs":["http:\/\/ventanasprodeco.com\/noticias"],"url":"https:\/\/www.ventanasprodeco.com\/noticias\/author\/admin\/"}]}},"_links":{"self":[{"href":"https:\/\/www.ventanasprodeco.com\/noticias\/wp-json\/wp\/v2\/posts\/192","targetHints":{"allow":["GET"]}}],"collection":[{"href":"https:\/\/www.ventanasprodeco.com\/noticias\/wp-json\/wp\/v2\/posts"}],"about":[{"href":"https:\/\/www.ventanasprodeco.com\/noticias\/wp-json\/wp\/v2\/types\/post"}],"author":[{"embeddable":true,"href":"https:\/\/www.ventanasprodeco.com\/noticias\/wp-json\/wp\/v2\/users\/1"}],"replies":[{"embeddable":true,"href":"https:\/\/www.ventanasprodeco.com\/noticias\/wp-json\/wp\/v2\/comments?post=192"}],"version-history":[{"count":0,"href":"https:\/\/www.ventanasprodeco.com\/noticias\/wp-json\/wp\/v2\/posts\/192\/revisions"}],"wp:featuredmedia":[{"embeddable":true,"href":"https:\/\/www.ventanasprodeco.com\/noticias\/wp-json\/wp\/v2\/media\/194"}],"wp:attachment":[{"href":"https:\/\/www.ventanasprodeco.com\/noticias\/wp-json\/wp\/v2\/media?parent=192"}],"wp:term":[{"taxonomy":"category","embeddable":true,"href":"https:\/\/www.ventanasprodeco.com\/noticias\/wp-json\/wp\/v2\/categories?post=192"},{"taxonomy":"post_tag","embeddable":true,"href":"https:\/\/www.ventanasprodeco.com\/noticias\/wp-json\/wp\/v2\/tags?post=192"}],"curies":[{"name":"wp","href":"https:\/\/api.w.org\/{rel}","templated":true}]}}