{"id":1763,"date":"2026-02-11T08:29:36","date_gmt":"2026-02-11T08:29:36","guid":{"rendered":"https:\/\/www.ventanasprodeco.com\/noticias\/?p=1763"},"modified":"2026-02-11T09:07:17","modified_gmt":"2026-02-11T09:07:17","slug":"beneficios-ventanas-termofibra","status":"publish","type":"post","link":"https:\/\/www.ventanasprodeco.com\/noticias\/beneficios-ventanas-termofibra\/","title":{"rendered":"Beneficios de las Ventanas de Termofibra"},"content":{"rendered":"\n<p>Si buscas el m\u00e1ximo confort para tu hogar, la tecnolog\u00eda de <strong>termofibra <\/strong>es el siguiente nivel. En <strong>Ventanas Prodeco<\/strong> te descubrimos por qu\u00e9 este material est\u00e1 sustituyendo al PVC convencional en los proyectos m\u00e1s exigentes.<\/p>\n\n\n\n<p>Hace un a\u00f1o habl\u00e1bamos de las caracter\u00edsticas de la termofibra, pero hoy queremos centrarnos en lo que realmente importa: <strong>los beneficios directos que t\u00fa y tu familia notar\u00e9is<\/strong> desde el primer d\u00eda tras la instalaci\u00f3n. La termofibra no es solo innovaci\u00f3n, es calidad de vida.<\/p>\n\n\n\n<h2 class=\"wp-block-heading\">Olv\u00eddate de los \u00abpuntos fr\u00edos\u00bb<\/h2>\n\n\n\n<p>A diferencia de las ventanas de PVC con refuerzo de acero, la termofibra elimina el metal del interior del perfil. El beneficio es claro: <strong>adi\u00f3s a los puentes t\u00e9rmicos<\/strong>. La temperatura es uniforme en todo el marco, eliminando esa sensaci\u00f3n de fr\u00edo al acercarse a la ventana.<\/p>\n\n\n\n<h2 class=\"wp-block-heading\">Est\u00e9tica minimalista<\/h2>\n\n\n\n<p>Al ser un material extremadamente r\u00edgido, los perfiles pueden ser m\u00e1s esbeltos. \u00bfEl beneficio? <b>M\u00e1s superficie de cristal y m\u00e1s entrada de luz<\/b> en tu sal\u00f3n o dormitorio sin perder ni un \u00e1pice de resistencia.<\/p>\n\n\n\n<h2 class=\"wp-block-heading\">M\u00e1ximo ahorro en tu factura energ\u00e9tica<\/h2>\n\n\n\n<p>La capacidad aislante de la termofibra es superior. Uno de los mayores beneficios es que permite alcanzar niveles de <strong>casa pasiva (Passivhaus)<\/strong>, lo que se traduce en un ahorro dr\u00e1stico en calefacci\u00f3n y aire acondicionado durante todo el a\u00f1o.<\/p>\n\n\n\n<h2 class=\"wp-block-heading\">Ligereza que alarga la vida de tus herrajes<\/h2>\n\n\n\n<p>Al no llevar acero, las hojas son m\u00e1s ligeras. Esto beneficia directamente a la durabilidad de los herrajes y bisagras, que sufren menos desgaste y hacen que la ventana abra y cierre como el primer d\u00eda durante d\u00e9cadas.<\/p>\n\n\n\n<h2 class=\"wp-block-heading\">Un hogar en silencio absoluto<\/h2>\n\n\n\n<p>La densidad de la termofibra, combinada con vidrios de alta gama, ofrece un beneficio ac\u00fastico inigualable. Es la soluci\u00f3n definitiva si vives en zonas ruidosas o con mucho tr\u00e1fico.<\/p>\n\n\n\n<h2 class=\"wp-block-heading\">Sostenibilidad real<\/h2>\n\n\n\n<p>Es un material 100% reciclable y su fabricaci\u00f3n es m\u00e1s eficiente. Elegir termofibra es un beneficio para tu hogar y tambi\u00e9n para el planeta.<\/p>\n\n\n\n<h2 class=\"wp-block-heading\">Resistencia extrema sin mantenimiento<\/h2>\n\n\n\n<p>Ni se deforma con el sol intenso ni se altera con la humedad. El beneficio es la tranquilidad: instalas y te olvidas.<\/p>\n\n<hr>\n\n<p>En <strong><a href=\"\/\">Ventanas Prodeco<\/a><\/strong> apostamos por la vanguardia. Si quieres experimentar los beneficios de la termofibra en tu propia casa, solicita tu presupuesto personalizado.<\/p>\n","protected":false},"excerpt":{"rendered":"<p>Si buscas el m\u00e1ximo confort para tu hogar, la tecnolog\u00eda de termofibra es el siguiente nivel. En Ventanas Prodeco te descubrimos por qu\u00e9 este material est\u00e1 sustituyendo al PVC convencional en los proyectos m\u00e1s exigentes. Hace un a\u00f1o habl\u00e1bamos de las caracter\u00edsticas de la termofibra, pero hoy queremos centrarnos en lo que realmente importa: los&hellip; <a class=\"more-link\" href=\"https:\/\/www.ventanasprodeco.com\/noticias\/beneficios-ventanas-termofibra\/\">Seguir leyendo <span class=\"screen-reader-text\">Beneficios de las Ventanas de Termofibra<\/span><\/a><\/p>\n","protected":false},"author":1,"featured_media":1770,"comment_status":"closed","ping_status":"open","sticky":false,"template":"","format":"standard","meta":{"footnotes":""},"categories":[1],"tags":[6,8,10,12,13,9,15,7,98],"class_list":["post-1763","post","type-post","status-publish","format-standard","has-post-thumbnail","hentry","category-noticias","tag-ventanas","tag-ventanas-acusticas","tag-ventanas-calidad","tag-ventanas-correderas","tag-ventanas-elegantes","tag-ventanas-prodeco","tag-ventanas-seguridad","tag-ventanas-termicas","tag-ventanas-termofibra","entry"],"yoast_head":"<!-- This site is optimized with the Yoast SEO plugin v27.4 - https:\/\/yoast.com\/product\/yoast-seo-wordpress\/ -->\n<title>Beneficios de las Ventanas de Termofibra - Ventanas Prodeco<\/title>\n<meta name=\"description\" content=\"Descubre los beneficios de las ventanas de termofibra: mayor ahorro, m\u00e1s luz y un aislamiento t\u00e9rmico sin precedentes.\" \/>\n<meta name=\"robots\" content=\"index, follow, max-snippet:-1, max-image-preview:large, max-video-preview:-1\" \/>\n<link rel=\"canonical\" href=\"https:\/\/www.ventanasprodeco.com\/noticias\/beneficios-ventanas-termofibra\/\" \/>\n<meta property=\"og:locale\" content=\"es_ES\" \/>\n<meta property=\"og:type\" content=\"article\" \/>\n<meta property=\"og:title\" content=\"Beneficios de las Ventanas de Termofibra - Ventanas Prodeco\" \/>\n<meta property=\"og:description\" content=\"Descubre los beneficios de las ventanas de termofibra: mayor ahorro, m\u00e1s luz y un aislamiento t\u00e9rmico sin precedentes.\" \/>\n<meta property=\"og:url\" content=\"https:\/\/www.ventanasprodeco.com\/noticias\/beneficios-ventanas-termofibra\/\" \/>\n<meta property=\"og:site_name\" content=\"Ventanas Prodeco\" \/>\n<meta property=\"article:publisher\" content=\"https:\/\/www.facebook.com\/VentanasProdeco\" \/>\n<meta property=\"article:published_time\" content=\"2026-02-11T08:29:36+00:00\" \/>\n<meta property=\"article:modified_time\" content=\"2026-02-11T09:07:17+00:00\" \/>\n<meta property=\"og:image\" content=\"https:\/\/www.ventanasprodeco.com\/noticias\/wp-content\/uploads\/2026\/02\/beneficios-ventanas-termofibra.jpg\" \/>\n\t<meta property=\"og:image:width\" content=\"1568\" \/>\n\t<meta property=\"og:image:height\" content=\"1046\" \/>\n\t<meta property=\"og:image:type\" content=\"image\/jpeg\" \/>\n<meta name=\"author\" content=\"Ventanas Prodeco\" \/>\n<meta name=\"twitter:card\" content=\"summary_large_image\" \/>\n<meta name=\"twitter:creator\" content=\"@VentanasProdeco\" \/>\n<meta name=\"twitter:site\" content=\"@VentanasProdeco\" \/>\n<meta name=\"twitter:label1\" content=\"Escrito por\" \/>\n\t<meta name=\"twitter:data1\" content=\"Ventanas Prodeco\" \/>\n\t<meta name=\"twitter:label2\" content=\"Tiempo de lectura\" \/>\n\t<meta name=\"twitter:data2\" content=\"2 minutos\" \/>\n<script type=\"application\/ld+json\" class=\"yoast-schema-graph\">{\"@context\":\"https:\\\/\\\/schema.org\",\"@graph\":[{\"@type\":\"Article\",\"@id\":\"https:\\\/\\\/www.ventanasprodeco.com\\\/noticias\\\/beneficios-ventanas-termofibra\\\/#article\",\"isPartOf\":{\"@id\":\"https:\\\/\\\/www.ventanasprodeco.com\\\/noticias\\\/beneficios-ventanas-termofibra\\\/\"},\"author\":{\"name\":\"Ventanas Prodeco\",\"@id\":\"https:\\\/\\\/www.ventanasprodeco.com\\\/noticias\\\/#\\\/schema\\\/person\\\/e2913647ff79c129e55984ab50faf21a\"},\"headline\":\"Beneficios de las Ventanas de Termofibra\",\"datePublished\":\"2026-02-11T08:29:36+00:00\",\"dateModified\":\"2026-02-11T09:07:17+00:00\",\"mainEntityOfPage\":{\"@id\":\"https:\\\/\\\/www.ventanasprodeco.com\\\/noticias\\\/beneficios-ventanas-termofibra\\\/\"},\"wordCount\":410,\"publisher\":{\"@id\":\"https:\\\/\\\/www.ventanasprodeco.com\\\/noticias\\\/#organization\"},\"image\":{\"@id\":\"https:\\\/\\\/www.ventanasprodeco.com\\\/noticias\\\/beneficios-ventanas-termofibra\\\/#primaryimage\"},\"thumbnailUrl\":\"https:\\\/\\\/www.ventanasprodeco.com\\\/noticias\\\/wp-content\\\/uploads\\\/2026\\\/02\\\/beneficios-ventanas-termofibra.jpg\",\"keywords\":[\"Ventanas\",\"Ventanas Ac\u00fasticas\",\"Ventanas Calidad\",\"Ventanas Correderas\",\"Ventanas Elegantes\",\"Ventanas Prodeco\",\"Ventanas Seguridad\",\"Ventanas T\u00e9rmicas\",\"Ventanas Termofibra\"],\"articleSection\":[\"Noticias\"],\"inLanguage\":\"es\"},{\"@type\":\"WebPage\",\"@id\":\"https:\\\/\\\/www.ventanasprodeco.com\\\/noticias\\\/beneficios-ventanas-termofibra\\\/\",\"url\":\"https:\\\/\\\/www.ventanasprodeco.com\\\/noticias\\\/beneficios-ventanas-termofibra\\\/\",\"name\":\"Beneficios de las Ventanas de Termofibra - Ventanas Prodeco\",\"isPartOf\":{\"@id\":\"https:\\\/\\\/www.ventanasprodeco.com\\\/noticias\\\/#website\"},\"primaryImageOfPage\":{\"@id\":\"https:\\\/\\\/www.ventanasprodeco.com\\\/noticias\\\/beneficios-ventanas-termofibra\\\/#primaryimage\"},\"image\":{\"@id\":\"https:\\\/\\\/www.ventanasprodeco.com\\\/noticias\\\/beneficios-ventanas-termofibra\\\/#primaryimage\"},\"thumbnailUrl\":\"https:\\\/\\\/www.ventanasprodeco.com\\\/noticias\\\/wp-content\\\/uploads\\\/2026\\\/02\\\/beneficios-ventanas-termofibra.jpg\",\"datePublished\":\"2026-02-11T08:29:36+00:00\",\"dateModified\":\"2026-02-11T09:07:17+00:00\",\"description\":\"Descubre los beneficios de las ventanas de termofibra: mayor ahorro, m\u00e1s luz y un aislamiento t\u00e9rmico sin precedentes.\",\"breadcrumb\":{\"@id\":\"https:\\\/\\\/www.ventanasprodeco.com\\\/noticias\\\/beneficios-ventanas-termofibra\\\/#breadcrumb\"},\"inLanguage\":\"es\",\"potentialAction\":[{\"@type\":\"ReadAction\",\"target\":[\"https:\\\/\\\/www.ventanasprodeco.com\\\/noticias\\\/beneficios-ventanas-termofibra\\\/\"]}]},{\"@type\":\"ImageObject\",\"inLanguage\":\"es\",\"@id\":\"https:\\\/\\\/www.ventanasprodeco.com\\\/noticias\\\/beneficios-ventanas-termofibra\\\/#primaryimage\",\"url\":\"https:\\\/\\\/www.ventanasprodeco.com\\\/noticias\\\/wp-content\\\/uploads\\\/2026\\\/02\\\/beneficios-ventanas-termofibra.jpg\",\"contentUrl\":\"https:\\\/\\\/www.ventanasprodeco.com\\\/noticias\\\/wp-content\\\/uploads\\\/2026\\\/02\\\/beneficios-ventanas-termofibra.jpg\",\"width\":1568,\"height\":1046},{\"@type\":\"BreadcrumbList\",\"@id\":\"https:\\\/\\\/www.ventanasprodeco.com\\\/noticias\\\/beneficios-ventanas-termofibra\\\/#breadcrumb\",\"itemListElement\":[{\"@type\":\"ListItem\",\"position\":1,\"name\":\"Portada\",\"item\":\"https:\\\/\\\/www.ventanasprodeco.com\\\/noticias\\\/\"},{\"@type\":\"ListItem\",\"position\":2,\"name\":\"Beneficios de las Ventanas de Termofibra\"}]},{\"@type\":\"WebSite\",\"@id\":\"https:\\\/\\\/www.ventanasprodeco.com\\\/noticias\\\/#website\",\"url\":\"https:\\\/\\\/www.ventanasprodeco.com\\\/noticias\\\/\",\"name\":\"VentanasProdeco.com\",\"description\":\"Especialistas en Ventanas\",\"publisher\":{\"@id\":\"https:\\\/\\\/www.ventanasprodeco.com\\\/noticias\\\/#organization\"},\"potentialAction\":[{\"@type\":\"SearchAction\",\"target\":{\"@type\":\"EntryPoint\",\"urlTemplate\":\"https:\\\/\\\/www.ventanasprodeco.com\\\/noticias\\\/?s={search_term_string}\"},\"query-input\":{\"@type\":\"PropertyValueSpecification\",\"valueRequired\":true,\"valueName\":\"search_term_string\"}}],\"inLanguage\":\"es\"},{\"@type\":\"Organization\",\"@id\":\"https:\\\/\\\/www.ventanasprodeco.com\\\/noticias\\\/#organization\",\"name\":\"Ventanas Prodeco\",\"url\":\"https:\\\/\\\/www.ventanasprodeco.com\\\/noticias\\\/\",\"logo\":{\"@type\":\"ImageObject\",\"inLanguage\":\"es\",\"@id\":\"https:\\\/\\\/www.ventanasprodeco.com\\\/noticias\\\/#\\\/schema\\\/logo\\\/image\\\/\",\"url\":\"https:\\\/\\\/www.ventanasprodeco.com\\\/noticias\\\/wp-content\\\/uploads\\\/2023\\\/06\\\/cropped-logo.png\",\"contentUrl\":\"https:\\\/\\\/www.ventanasprodeco.com\\\/noticias\\\/wp-content\\\/uploads\\\/2023\\\/06\\\/cropped-logo.png\",\"width\":300,\"height\":65,\"caption\":\"Ventanas Prodeco\"},\"image\":{\"@id\":\"https:\\\/\\\/www.ventanasprodeco.com\\\/noticias\\\/#\\\/schema\\\/logo\\\/image\\\/\"},\"sameAs\":[\"https:\\\/\\\/www.facebook.com\\\/VentanasProdeco\",\"https:\\\/\\\/x.com\\\/VentanasProdeco\",\"https:\\\/\\\/www.tiktok.com\\\/@VentanasProdeco\",\"https:\\\/\\\/www.youtube.com\\\/@VentanasProdeco\"]},{\"@type\":\"Person\",\"@id\":\"https:\\\/\\\/www.ventanasprodeco.com\\\/noticias\\\/#\\\/schema\\\/person\\\/e2913647ff79c129e55984ab50faf21a\",\"name\":\"Ventanas Prodeco\",\"image\":{\"@type\":\"ImageObject\",\"inLanguage\":\"es\",\"@id\":\"https:\\\/\\\/secure.gravatar.com\\\/avatar\\\/c5f8fa291da6699f0d04718e30fdb7ff9fa47d2ae84c79a8f68922349513ce31?s=96&d=mm&r=g\",\"url\":\"https:\\\/\\\/secure.gravatar.com\\\/avatar\\\/c5f8fa291da6699f0d04718e30fdb7ff9fa47d2ae84c79a8f68922349513ce31?s=96&d=mm&r=g\",\"contentUrl\":\"https:\\\/\\\/secure.gravatar.com\\\/avatar\\\/c5f8fa291da6699f0d04718e30fdb7ff9fa47d2ae84c79a8f68922349513ce31?s=96&d=mm&r=g\",\"caption\":\"Ventanas Prodeco\"},\"sameAs\":[\"http:\\\/\\\/ventanasprodeco.com\\\/noticias\"],\"url\":\"https:\\\/\\\/www.ventanasprodeco.com\\\/noticias\\\/author\\\/admin\\\/\"}]}<\/script>\n<!-- \/ Yoast SEO plugin. -->","yoast_head_json":{"title":"Beneficios de las Ventanas de Termofibra - Ventanas Prodeco","description":"Descubre los beneficios de las ventanas de termofibra: mayor ahorro, m\u00e1s luz y un aislamiento t\u00e9rmico sin precedentes.","robots":{"index":"index","follow":"follow","max-snippet":"max-snippet:-1","max-image-preview":"max-image-preview:large","max-video-preview":"max-video-preview:-1"},"canonical":"https:\/\/www.ventanasprodeco.com\/noticias\/beneficios-ventanas-termofibra\/","og_locale":"es_ES","og_type":"article","og_title":"Beneficios de las Ventanas de Termofibra - Ventanas Prodeco","og_description":"Descubre los beneficios de las ventanas de termofibra: mayor ahorro, m\u00e1s luz y un aislamiento t\u00e9rmico sin precedentes.","og_url":"https:\/\/www.ventanasprodeco.com\/noticias\/beneficios-ventanas-termofibra\/","og_site_name":"Ventanas Prodeco","article_publisher":"https:\/\/www.facebook.com\/VentanasProdeco","article_published_time":"2026-02-11T08:29:36+00:00","article_modified_time":"2026-02-11T09:07:17+00:00","og_image":[{"width":1568,"height":1046,"url":"https:\/\/www.ventanasprodeco.com\/noticias\/wp-content\/uploads\/2026\/02\/beneficios-ventanas-termofibra.jpg","type":"image\/jpeg"}],"author":"Ventanas Prodeco","twitter_card":"summary_large_image","twitter_creator":"@VentanasProdeco","twitter_site":"@VentanasProdeco","twitter_misc":{"Escrito por":"Ventanas Prodeco","Tiempo de lectura":"2 minutos"},"schema":{"@context":"https:\/\/schema.org","@graph":[{"@type":"Article","@id":"https:\/\/www.ventanasprodeco.com\/noticias\/beneficios-ventanas-termofibra\/#article","isPartOf":{"@id":"https:\/\/www.ventanasprodeco.com\/noticias\/beneficios-ventanas-termofibra\/"},"author":{"name":"Ventanas Prodeco","@id":"https:\/\/www.ventanasprodeco.com\/noticias\/#\/schema\/person\/e2913647ff79c129e55984ab50faf21a"},"headline":"Beneficios de las Ventanas de Termofibra","datePublished":"2026-02-11T08:29:36+00:00","dateModified":"2026-02-11T09:07:17+00:00","mainEntityOfPage":{"@id":"https:\/\/www.ventanasprodeco.com\/noticias\/beneficios-ventanas-termofibra\/"},"wordCount":410,"publisher":{"@id":"https:\/\/www.ventanasprodeco.com\/noticias\/#organization"},"image":{"@id":"https:\/\/www.ventanasprodeco.com\/noticias\/beneficios-ventanas-termofibra\/#primaryimage"},"thumbnailUrl":"https:\/\/www.ventanasprodeco.com\/noticias\/wp-content\/uploads\/2026\/02\/beneficios-ventanas-termofibra.jpg","keywords":["Ventanas","Ventanas Ac\u00fasticas","Ventanas Calidad","Ventanas Correderas","Ventanas Elegantes","Ventanas Prodeco","Ventanas Seguridad","Ventanas T\u00e9rmicas","Ventanas Termofibra"],"articleSection":["Noticias"],"inLanguage":"es"},{"@type":"WebPage","@id":"https:\/\/www.ventanasprodeco.com\/noticias\/beneficios-ventanas-termofibra\/","url":"https:\/\/www.ventanasprodeco.com\/noticias\/beneficios-ventanas-termofibra\/","name":"Beneficios de las Ventanas de Termofibra - Ventanas Prodeco","isPartOf":{"@id":"https:\/\/www.ventanasprodeco.com\/noticias\/#website"},"primaryImageOfPage":{"@id":"https:\/\/www.ventanasprodeco.com\/noticias\/beneficios-ventanas-termofibra\/#primaryimage"},"image":{"@id":"https:\/\/www.ventanasprodeco.com\/noticias\/beneficios-ventanas-termofibra\/#primaryimage"},"thumbnailUrl":"https:\/\/www.ventanasprodeco.com\/noticias\/wp-content\/uploads\/2026\/02\/beneficios-ventanas-termofibra.jpg","datePublished":"2026-02-11T08:29:36+00:00","dateModified":"2026-02-11T09:07:17+00:00","description":"Descubre los beneficios de las ventanas de termofibra: mayor ahorro, m\u00e1s luz y un aislamiento t\u00e9rmico sin precedentes.","breadcrumb":{"@id":"https:\/\/www.ventanasprodeco.com\/noticias\/beneficios-ventanas-termofibra\/#breadcrumb"},"inLanguage":"es","potentialAction":[{"@type":"ReadAction","target":["https:\/\/www.ventanasprodeco.com\/noticias\/beneficios-ventanas-termofibra\/"]}]},{"@type":"ImageObject","inLanguage":"es","@id":"https:\/\/www.ventanasprodeco.com\/noticias\/beneficios-ventanas-termofibra\/#primaryimage","url":"https:\/\/www.ventanasprodeco.com\/noticias\/wp-content\/uploads\/2026\/02\/beneficios-ventanas-termofibra.jpg","contentUrl":"https:\/\/www.ventanasprodeco.com\/noticias\/wp-content\/uploads\/2026\/02\/beneficios-ventanas-termofibra.jpg","width":1568,"height":1046},{"@type":"BreadcrumbList","@id":"https:\/\/www.ventanasprodeco.com\/noticias\/beneficios-ventanas-termofibra\/#breadcrumb","itemListElement":[{"@type":"ListItem","position":1,"name":"Portada","item":"https:\/\/www.ventanasprodeco.com\/noticias\/"},{"@type":"ListItem","position":2,"name":"Beneficios de las Ventanas de Termofibra"}]},{"@type":"WebSite","@id":"https:\/\/www.ventanasprodeco.com\/noticias\/#website","url":"https:\/\/www.ventanasprodeco.com\/noticias\/","name":"VentanasProdeco.com","description":"Especialistas en Ventanas","publisher":{"@id":"https:\/\/www.ventanasprodeco.com\/noticias\/#organization"},"potentialAction":[{"@type":"SearchAction","target":{"@type":"EntryPoint","urlTemplate":"https:\/\/www.ventanasprodeco.com\/noticias\/?s={search_term_string}"},"query-input":{"@type":"PropertyValueSpecification","valueRequired":true,"valueName":"search_term_string"}}],"inLanguage":"es"},{"@type":"Organization","@id":"https:\/\/www.ventanasprodeco.com\/noticias\/#organization","name":"Ventanas Prodeco","url":"https:\/\/www.ventanasprodeco.com\/noticias\/","logo":{"@type":"ImageObject","inLanguage":"es","@id":"https:\/\/www.ventanasprodeco.com\/noticias\/#\/schema\/logo\/image\/","url":"https:\/\/www.ventanasprodeco.com\/noticias\/wp-content\/uploads\/2023\/06\/cropped-logo.png","contentUrl":"https:\/\/www.ventanasprodeco.com\/noticias\/wp-content\/uploads\/2023\/06\/cropped-logo.png","width":300,"height":65,"caption":"Ventanas Prodeco"},"image":{"@id":"https:\/\/www.ventanasprodeco.com\/noticias\/#\/schema\/logo\/image\/"},"sameAs":["https:\/\/www.facebook.com\/VentanasProdeco","https:\/\/x.com\/VentanasProdeco","https:\/\/www.tiktok.com\/@VentanasProdeco","https:\/\/www.youtube.com\/@VentanasProdeco"]},{"@type":"Person","@id":"https:\/\/www.ventanasprodeco.com\/noticias\/#\/schema\/person\/e2913647ff79c129e55984ab50faf21a","name":"Ventanas Prodeco","image":{"@type":"ImageObject","inLanguage":"es","@id":"https:\/\/secure.gravatar.com\/avatar\/c5f8fa291da6699f0d04718e30fdb7ff9fa47d2ae84c79a8f68922349513ce31?s=96&d=mm&r=g","url":"https:\/\/secure.gravatar.com\/avatar\/c5f8fa291da6699f0d04718e30fdb7ff9fa47d2ae84c79a8f68922349513ce31?s=96&d=mm&r=g","contentUrl":"https:\/\/secure.gravatar.com\/avatar\/c5f8fa291da6699f0d04718e30fdb7ff9fa47d2ae84c79a8f68922349513ce31?s=96&d=mm&r=g","caption":"Ventanas Prodeco"},"sameAs":["http:\/\/ventanasprodeco.com\/noticias"],"url":"https:\/\/www.ventanasprodeco.com\/noticias\/author\/admin\/"}]}},"_links":{"self":[{"href":"https:\/\/www.ventanasprodeco.com\/noticias\/wp-json\/wp\/v2\/posts\/1763","targetHints":{"allow":["GET"]}}],"collection":[{"href":"https:\/\/www.ventanasprodeco.com\/noticias\/wp-json\/wp\/v2\/posts"}],"about":[{"href":"https:\/\/www.ventanasprodeco.com\/noticias\/wp-json\/wp\/v2\/types\/post"}],"author":[{"embeddable":true,"href":"https:\/\/www.ventanasprodeco.com\/noticias\/wp-json\/wp\/v2\/users\/1"}],"replies":[{"embeddable":true,"href":"https:\/\/www.ventanasprodeco.com\/noticias\/wp-json\/wp\/v2\/comments?post=1763"}],"version-history":[{"count":4,"href":"https:\/\/www.ventanasprodeco.com\/noticias\/wp-json\/wp\/v2\/posts\/1763\/revisions"}],"predecessor-version":[{"id":1769,"href":"https:\/\/www.ventanasprodeco.com\/noticias\/wp-json\/wp\/v2\/posts\/1763\/revisions\/1769"}],"wp:featuredmedia":[{"embeddable":true,"href":"https:\/\/www.ventanasprodeco.com\/noticias\/wp-json\/wp\/v2\/media\/1770"}],"wp:attachment":[{"href":"https:\/\/www.ventanasprodeco.com\/noticias\/wp-json\/wp\/v2\/media?parent=1763"}],"wp:term":[{"taxonomy":"category","embeddable":true,"href":"https:\/\/www.ventanasprodeco.com\/noticias\/wp-json\/wp\/v2\/categories?post=1763"},{"taxonomy":"post_tag","embeddable":true,"href":"https:\/\/www.ventanasprodeco.com\/noticias\/wp-json\/wp\/v2\/tags?post=1763"}],"curies":[{"name":"wp","href":"https:\/\/api.w.org\/{rel}","templated":true}]}}