{"id":1752,"date":"2026-02-03T10:08:24","date_gmt":"2026-02-03T10:08:24","guid":{"rendered":"https:\/\/www.ventanasprodeco.com\/noticias\/?p=1752"},"modified":"2026-02-03T11:39:45","modified_gmt":"2026-02-03T11:39:45","slug":"ventanas-aislar-frio","status":"publish","type":"post","link":"https:\/\/www.ventanasprodeco.com\/noticias\/ventanas-aislar-frio\/","title":{"rendered":"\u00bfTus Ventanas Resisten el Fr\u00edo? Claves para Aislar tu Hogar"},"content":{"rendered":"\n<p>Tras semanas de lluvia intensa y nieve, muchos hogares han descubierto que sus cerramientos no est\u00e1n a la altura. En <strong>Ventanas Prodeco<\/strong> te ense\u00f1amos a frenar el invierno de una vez por todas.<\/p>\n\n\n\n<p>Cuando el mal tiempo se instala fuera, el interior de nuestra casa deber\u00eda ser un refugio c\u00e1lido. Sin embargo, si notas corrientes de aire cerca del cristal o ves que tus radiadores nunca descansan, es muy probable que necesites <strong>ventanas para aislar del fr\u00edo<\/strong> con tecnolog\u00eda de alto rendimiento.<\/p>\n\n\n\n<h2 class=\"wp-block-heading\">El fin de la condensaci\u00f3n y el moho<\/h2>\n\n\n\n<p>Con tanta lluvia acumulada, la humedad es el enemigo n\u00famero uno. Unas ventanas antiguas sin rotura de puente t\u00e9rmico provocan ese molesto goteo en el marco que acaba da\u00f1ando las paredes. Las soluciones de <strong>Ventanas Prodeco<\/strong> eliminan este choque t\u00e9rmico, manteniendo tu casa seca y saludable.<\/p>\n\n\n\n<h2 class=\"wp-block-heading\">Aislamiento real contra la nieve y el viento<\/h2>\n\n\n\n<p>La nieve no solo trae fr\u00edo, trae una bajada dr\u00e1stica de la temperatura que pone a prueba la hermeticidad de tu casa. Nuestras ventanas est\u00e1n dise\u00f1adas con juntas de estanqueidad que bloquean el viento m\u00e1s g\u00e9lido, garantizando que el calor que generas se quede dentro de las habitaciones.<\/p>\n\n\n\n<h2 class=\"wp-block-heading\">Ahorro inmediato en calefacci\u00f3n<\/h2>\n\n\n\n<p>No dejes que el temporal vac\u00ede tu cartera. Al instalar <strong>ventanas para aislar del fr\u00edo<\/strong>, reduces la demanda energ\u00e9tica de tu vivienda. Es la forma m\u00e1s directa de pagar menos en tu factura de gas o luz mientras fuera sigue nevando.<\/p>\n\n\n\n<p>En <strong><a href=\"\/\">Ventanas Prodeco<\/a><\/strong> somos especialistas en proteger lo que m\u00e1s quieres. No esperes a que pase el invierno para empezar a vivir con el confort que mereces.<\/p>\n","protected":false},"excerpt":{"rendered":"<p>Tras semanas de lluvia intensa y nieve, muchos hogares han descubierto que sus cerramientos no est\u00e1n a la altura. En Ventanas Prodeco te ense\u00f1amos a frenar el invierno de una vez por todas. Cuando el mal tiempo se instala fuera, el interior de nuestra casa deber\u00eda ser un refugio c\u00e1lido. Sin embargo, si notas corrientes&hellip; <a class=\"more-link\" href=\"https:\/\/www.ventanasprodeco.com\/noticias\/ventanas-aislar-frio\/\">Seguir leyendo <span class=\"screen-reader-text\">\u00bfTus Ventanas Resisten el Fr\u00edo? Claves para Aislar tu Hogar<\/span><\/a><\/p>\n","protected":false},"author":1,"featured_media":1755,"comment_status":"closed","ping_status":"open","sticky":false,"template":"","format":"standard","meta":{"footnotes":""},"categories":[1],"tags":[6,10,12,13,14,9,20,15,7],"class_list":["post-1752","post","type-post","status-publish","format-standard","has-post-thumbnail","hentry","category-noticias","tag-ventanas","tag-ventanas-calidad","tag-ventanas-correderas","tag-ventanas-elegantes","tag-ventanas-modernas","tag-ventanas-prodeco","tag-ventanas-pvc","tag-ventanas-seguridad","tag-ventanas-termicas","entry"],"yoast_head":"<!-- This site is optimized with the Yoast SEO plugin v27.4 - https:\/\/yoast.com\/product\/yoast-seo-wordpress\/ -->\n<title>\u00bfTus Ventanas Resisten el Fr\u00edo? Claves para Aislar tu Hogar - Ventanas Prodeco<\/title>\n<meta name=\"description\" content=\"\u00bfSientes el fr\u00edo en casa tras semanas de lluvia y nieve? Descubre c\u00f3mo nuestras ventanas para aislar del fr\u00edo mantienen tu hogar c\u00e1lido.\" \/>\n<meta name=\"robots\" content=\"index, follow, max-snippet:-1, max-image-preview:large, max-video-preview:-1\" \/>\n<link rel=\"canonical\" href=\"https:\/\/www.ventanasprodeco.com\/noticias\/ventanas-aislar-frio\/\" \/>\n<meta property=\"og:locale\" content=\"es_ES\" \/>\n<meta property=\"og:type\" content=\"article\" \/>\n<meta property=\"og:title\" content=\"\u00bfTus Ventanas Resisten el Fr\u00edo? Claves para Aislar tu Hogar - Ventanas Prodeco\" \/>\n<meta property=\"og:description\" content=\"\u00bfSientes el fr\u00edo en casa tras semanas de lluvia y nieve? Descubre c\u00f3mo nuestras ventanas para aislar del fr\u00edo mantienen tu hogar c\u00e1lido.\" \/>\n<meta property=\"og:url\" content=\"https:\/\/www.ventanasprodeco.com\/noticias\/ventanas-aislar-frio\/\" \/>\n<meta property=\"og:site_name\" content=\"Ventanas Prodeco\" \/>\n<meta property=\"article:publisher\" content=\"https:\/\/www.facebook.com\/VentanasProdeco\" \/>\n<meta property=\"article:published_time\" content=\"2026-02-03T10:08:24+00:00\" \/>\n<meta property=\"article:modified_time\" content=\"2026-02-03T11:39:45+00:00\" \/>\n<meta property=\"og:image\" content=\"https:\/\/www.ventanasprodeco.com\/noticias\/wp-content\/uploads\/2026\/02\/ventanas-aislar-frio.jpg\" \/>\n\t<meta property=\"og:image:width\" content=\"1568\" \/>\n\t<meta property=\"og:image:height\" content=\"1046\" \/>\n\t<meta property=\"og:image:type\" content=\"image\/jpeg\" \/>\n<meta name=\"author\" content=\"Ventanas Prodeco\" \/>\n<meta name=\"twitter:card\" content=\"summary_large_image\" \/>\n<meta name=\"twitter:creator\" content=\"@VentanasProdeco\" \/>\n<meta name=\"twitter:site\" content=\"@VentanasProdeco\" \/>\n<meta name=\"twitter:label1\" content=\"Escrito por\" \/>\n\t<meta name=\"twitter:data1\" content=\"Ventanas Prodeco\" \/>\n\t<meta name=\"twitter:label2\" content=\"Tiempo de lectura\" \/>\n\t<meta name=\"twitter:data2\" content=\"2 minutos\" \/>\n<script type=\"application\/ld+json\" class=\"yoast-schema-graph\">{\"@context\":\"https:\\\/\\\/schema.org\",\"@graph\":[{\"@type\":\"Article\",\"@id\":\"https:\\\/\\\/www.ventanasprodeco.com\\\/noticias\\\/ventanas-aislar-frio\\\/#article\",\"isPartOf\":{\"@id\":\"https:\\\/\\\/www.ventanasprodeco.com\\\/noticias\\\/ventanas-aislar-frio\\\/\"},\"author\":{\"name\":\"Ventanas Prodeco\",\"@id\":\"https:\\\/\\\/www.ventanasprodeco.com\\\/noticias\\\/#\\\/schema\\\/person\\\/e2913647ff79c129e55984ab50faf21a\"},\"headline\":\"\u00bfTus Ventanas Resisten el Fr\u00edo? Claves para Aislar tu Hogar\",\"datePublished\":\"2026-02-03T10:08:24+00:00\",\"dateModified\":\"2026-02-03T11:39:45+00:00\",\"mainEntityOfPage\":{\"@id\":\"https:\\\/\\\/www.ventanasprodeco.com\\\/noticias\\\/ventanas-aislar-frio\\\/\"},\"wordCount\":298,\"publisher\":{\"@id\":\"https:\\\/\\\/www.ventanasprodeco.com\\\/noticias\\\/#organization\"},\"image\":{\"@id\":\"https:\\\/\\\/www.ventanasprodeco.com\\\/noticias\\\/ventanas-aislar-frio\\\/#primaryimage\"},\"thumbnailUrl\":\"https:\\\/\\\/www.ventanasprodeco.com\\\/noticias\\\/wp-content\\\/uploads\\\/2026\\\/02\\\/ventanas-aislar-frio.jpg\",\"keywords\":[\"Ventanas\",\"Ventanas Calidad\",\"Ventanas Correderas\",\"Ventanas Elegantes\",\"Ventanas Modernas\",\"Ventanas Prodeco\",\"Ventanas PVC\",\"Ventanas Seguridad\",\"Ventanas T\u00e9rmicas\"],\"articleSection\":[\"Noticias\"],\"inLanguage\":\"es\"},{\"@type\":\"WebPage\",\"@id\":\"https:\\\/\\\/www.ventanasprodeco.com\\\/noticias\\\/ventanas-aislar-frio\\\/\",\"url\":\"https:\\\/\\\/www.ventanasprodeco.com\\\/noticias\\\/ventanas-aislar-frio\\\/\",\"name\":\"\u00bfTus Ventanas Resisten el Fr\u00edo? Claves para Aislar tu Hogar - Ventanas Prodeco\",\"isPartOf\":{\"@id\":\"https:\\\/\\\/www.ventanasprodeco.com\\\/noticias\\\/#website\"},\"primaryImageOfPage\":{\"@id\":\"https:\\\/\\\/www.ventanasprodeco.com\\\/noticias\\\/ventanas-aislar-frio\\\/#primaryimage\"},\"image\":{\"@id\":\"https:\\\/\\\/www.ventanasprodeco.com\\\/noticias\\\/ventanas-aislar-frio\\\/#primaryimage\"},\"thumbnailUrl\":\"https:\\\/\\\/www.ventanasprodeco.com\\\/noticias\\\/wp-content\\\/uploads\\\/2026\\\/02\\\/ventanas-aislar-frio.jpg\",\"datePublished\":\"2026-02-03T10:08:24+00:00\",\"dateModified\":\"2026-02-03T11:39:45+00:00\",\"description\":\"\u00bfSientes el fr\u00edo en casa tras semanas de lluvia y nieve? Descubre c\u00f3mo nuestras ventanas para aislar del fr\u00edo mantienen tu hogar c\u00e1lido.\",\"breadcrumb\":{\"@id\":\"https:\\\/\\\/www.ventanasprodeco.com\\\/noticias\\\/ventanas-aislar-frio\\\/#breadcrumb\"},\"inLanguage\":\"es\",\"potentialAction\":[{\"@type\":\"ReadAction\",\"target\":[\"https:\\\/\\\/www.ventanasprodeco.com\\\/noticias\\\/ventanas-aislar-frio\\\/\"]}]},{\"@type\":\"ImageObject\",\"inLanguage\":\"es\",\"@id\":\"https:\\\/\\\/www.ventanasprodeco.com\\\/noticias\\\/ventanas-aislar-frio\\\/#primaryimage\",\"url\":\"https:\\\/\\\/www.ventanasprodeco.com\\\/noticias\\\/wp-content\\\/uploads\\\/2026\\\/02\\\/ventanas-aislar-frio.jpg\",\"contentUrl\":\"https:\\\/\\\/www.ventanasprodeco.com\\\/noticias\\\/wp-content\\\/uploads\\\/2026\\\/02\\\/ventanas-aislar-frio.jpg\",\"width\":1568,\"height\":1046},{\"@type\":\"BreadcrumbList\",\"@id\":\"https:\\\/\\\/www.ventanasprodeco.com\\\/noticias\\\/ventanas-aislar-frio\\\/#breadcrumb\",\"itemListElement\":[{\"@type\":\"ListItem\",\"position\":1,\"name\":\"Portada\",\"item\":\"https:\\\/\\\/www.ventanasprodeco.com\\\/noticias\\\/\"},{\"@type\":\"ListItem\",\"position\":2,\"name\":\"\u00bfTus Ventanas Resisten el Fr\u00edo? Claves para Aislar tu Hogar\"}]},{\"@type\":\"WebSite\",\"@id\":\"https:\\\/\\\/www.ventanasprodeco.com\\\/noticias\\\/#website\",\"url\":\"https:\\\/\\\/www.ventanasprodeco.com\\\/noticias\\\/\",\"name\":\"VentanasProdeco.com\",\"description\":\"Especialistas en Ventanas\",\"publisher\":{\"@id\":\"https:\\\/\\\/www.ventanasprodeco.com\\\/noticias\\\/#organization\"},\"potentialAction\":[{\"@type\":\"SearchAction\",\"target\":{\"@type\":\"EntryPoint\",\"urlTemplate\":\"https:\\\/\\\/www.ventanasprodeco.com\\\/noticias\\\/?s={search_term_string}\"},\"query-input\":{\"@type\":\"PropertyValueSpecification\",\"valueRequired\":true,\"valueName\":\"search_term_string\"}}],\"inLanguage\":\"es\"},{\"@type\":\"Organization\",\"@id\":\"https:\\\/\\\/www.ventanasprodeco.com\\\/noticias\\\/#organization\",\"name\":\"Ventanas Prodeco\",\"url\":\"https:\\\/\\\/www.ventanasprodeco.com\\\/noticias\\\/\",\"logo\":{\"@type\":\"ImageObject\",\"inLanguage\":\"es\",\"@id\":\"https:\\\/\\\/www.ventanasprodeco.com\\\/noticias\\\/#\\\/schema\\\/logo\\\/image\\\/\",\"url\":\"https:\\\/\\\/www.ventanasprodeco.com\\\/noticias\\\/wp-content\\\/uploads\\\/2023\\\/06\\\/cropped-logo.png\",\"contentUrl\":\"https:\\\/\\\/www.ventanasprodeco.com\\\/noticias\\\/wp-content\\\/uploads\\\/2023\\\/06\\\/cropped-logo.png\",\"width\":300,\"height\":65,\"caption\":\"Ventanas Prodeco\"},\"image\":{\"@id\":\"https:\\\/\\\/www.ventanasprodeco.com\\\/noticias\\\/#\\\/schema\\\/logo\\\/image\\\/\"},\"sameAs\":[\"https:\\\/\\\/www.facebook.com\\\/VentanasProdeco\",\"https:\\\/\\\/x.com\\\/VentanasProdeco\",\"https:\\\/\\\/www.tiktok.com\\\/@VentanasProdeco\",\"https:\\\/\\\/www.youtube.com\\\/@VentanasProdeco\"]},{\"@type\":\"Person\",\"@id\":\"https:\\\/\\\/www.ventanasprodeco.com\\\/noticias\\\/#\\\/schema\\\/person\\\/e2913647ff79c129e55984ab50faf21a\",\"name\":\"Ventanas Prodeco\",\"image\":{\"@type\":\"ImageObject\",\"inLanguage\":\"es\",\"@id\":\"https:\\\/\\\/secure.gravatar.com\\\/avatar\\\/c5f8fa291da6699f0d04718e30fdb7ff9fa47d2ae84c79a8f68922349513ce31?s=96&d=mm&r=g\",\"url\":\"https:\\\/\\\/secure.gravatar.com\\\/avatar\\\/c5f8fa291da6699f0d04718e30fdb7ff9fa47d2ae84c79a8f68922349513ce31?s=96&d=mm&r=g\",\"contentUrl\":\"https:\\\/\\\/secure.gravatar.com\\\/avatar\\\/c5f8fa291da6699f0d04718e30fdb7ff9fa47d2ae84c79a8f68922349513ce31?s=96&d=mm&r=g\",\"caption\":\"Ventanas Prodeco\"},\"sameAs\":[\"http:\\\/\\\/ventanasprodeco.com\\\/noticias\"],\"url\":\"https:\\\/\\\/www.ventanasprodeco.com\\\/noticias\\\/author\\\/admin\\\/\"}]}<\/script>\n<!-- \/ Yoast SEO plugin. -->","yoast_head_json":{"title":"\u00bfTus Ventanas Resisten el Fr\u00edo? Claves para Aislar tu Hogar - Ventanas Prodeco","description":"\u00bfSientes el fr\u00edo en casa tras semanas de lluvia y nieve? Descubre c\u00f3mo nuestras ventanas para aislar del fr\u00edo mantienen tu hogar c\u00e1lido.","robots":{"index":"index","follow":"follow","max-snippet":"max-snippet:-1","max-image-preview":"max-image-preview:large","max-video-preview":"max-video-preview:-1"},"canonical":"https:\/\/www.ventanasprodeco.com\/noticias\/ventanas-aislar-frio\/","og_locale":"es_ES","og_type":"article","og_title":"\u00bfTus Ventanas Resisten el Fr\u00edo? Claves para Aislar tu Hogar - Ventanas Prodeco","og_description":"\u00bfSientes el fr\u00edo en casa tras semanas de lluvia y nieve? Descubre c\u00f3mo nuestras ventanas para aislar del fr\u00edo mantienen tu hogar c\u00e1lido.","og_url":"https:\/\/www.ventanasprodeco.com\/noticias\/ventanas-aislar-frio\/","og_site_name":"Ventanas Prodeco","article_publisher":"https:\/\/www.facebook.com\/VentanasProdeco","article_published_time":"2026-02-03T10:08:24+00:00","article_modified_time":"2026-02-03T11:39:45+00:00","og_image":[{"width":1568,"height":1046,"url":"https:\/\/www.ventanasprodeco.com\/noticias\/wp-content\/uploads\/2026\/02\/ventanas-aislar-frio.jpg","type":"image\/jpeg"}],"author":"Ventanas Prodeco","twitter_card":"summary_large_image","twitter_creator":"@VentanasProdeco","twitter_site":"@VentanasProdeco","twitter_misc":{"Escrito por":"Ventanas Prodeco","Tiempo de lectura":"2 minutos"},"schema":{"@context":"https:\/\/schema.org","@graph":[{"@type":"Article","@id":"https:\/\/www.ventanasprodeco.com\/noticias\/ventanas-aislar-frio\/#article","isPartOf":{"@id":"https:\/\/www.ventanasprodeco.com\/noticias\/ventanas-aislar-frio\/"},"author":{"name":"Ventanas Prodeco","@id":"https:\/\/www.ventanasprodeco.com\/noticias\/#\/schema\/person\/e2913647ff79c129e55984ab50faf21a"},"headline":"\u00bfTus Ventanas Resisten el Fr\u00edo? Claves para Aislar tu Hogar","datePublished":"2026-02-03T10:08:24+00:00","dateModified":"2026-02-03T11:39:45+00:00","mainEntityOfPage":{"@id":"https:\/\/www.ventanasprodeco.com\/noticias\/ventanas-aislar-frio\/"},"wordCount":298,"publisher":{"@id":"https:\/\/www.ventanasprodeco.com\/noticias\/#organization"},"image":{"@id":"https:\/\/www.ventanasprodeco.com\/noticias\/ventanas-aislar-frio\/#primaryimage"},"thumbnailUrl":"https:\/\/www.ventanasprodeco.com\/noticias\/wp-content\/uploads\/2026\/02\/ventanas-aislar-frio.jpg","keywords":["Ventanas","Ventanas Calidad","Ventanas Correderas","Ventanas Elegantes","Ventanas Modernas","Ventanas Prodeco","Ventanas PVC","Ventanas Seguridad","Ventanas T\u00e9rmicas"],"articleSection":["Noticias"],"inLanguage":"es"},{"@type":"WebPage","@id":"https:\/\/www.ventanasprodeco.com\/noticias\/ventanas-aislar-frio\/","url":"https:\/\/www.ventanasprodeco.com\/noticias\/ventanas-aislar-frio\/","name":"\u00bfTus Ventanas Resisten el Fr\u00edo? Claves para Aislar tu Hogar - Ventanas Prodeco","isPartOf":{"@id":"https:\/\/www.ventanasprodeco.com\/noticias\/#website"},"primaryImageOfPage":{"@id":"https:\/\/www.ventanasprodeco.com\/noticias\/ventanas-aislar-frio\/#primaryimage"},"image":{"@id":"https:\/\/www.ventanasprodeco.com\/noticias\/ventanas-aislar-frio\/#primaryimage"},"thumbnailUrl":"https:\/\/www.ventanasprodeco.com\/noticias\/wp-content\/uploads\/2026\/02\/ventanas-aislar-frio.jpg","datePublished":"2026-02-03T10:08:24+00:00","dateModified":"2026-02-03T11:39:45+00:00","description":"\u00bfSientes el fr\u00edo en casa tras semanas de lluvia y nieve? Descubre c\u00f3mo nuestras ventanas para aislar del fr\u00edo mantienen tu hogar c\u00e1lido.","breadcrumb":{"@id":"https:\/\/www.ventanasprodeco.com\/noticias\/ventanas-aislar-frio\/#breadcrumb"},"inLanguage":"es","potentialAction":[{"@type":"ReadAction","target":["https:\/\/www.ventanasprodeco.com\/noticias\/ventanas-aislar-frio\/"]}]},{"@type":"ImageObject","inLanguage":"es","@id":"https:\/\/www.ventanasprodeco.com\/noticias\/ventanas-aislar-frio\/#primaryimage","url":"https:\/\/www.ventanasprodeco.com\/noticias\/wp-content\/uploads\/2026\/02\/ventanas-aislar-frio.jpg","contentUrl":"https:\/\/www.ventanasprodeco.com\/noticias\/wp-content\/uploads\/2026\/02\/ventanas-aislar-frio.jpg","width":1568,"height":1046},{"@type":"BreadcrumbList","@id":"https:\/\/www.ventanasprodeco.com\/noticias\/ventanas-aislar-frio\/#breadcrumb","itemListElement":[{"@type":"ListItem","position":1,"name":"Portada","item":"https:\/\/www.ventanasprodeco.com\/noticias\/"},{"@type":"ListItem","position":2,"name":"\u00bfTus Ventanas Resisten el Fr\u00edo? Claves para Aislar tu Hogar"}]},{"@type":"WebSite","@id":"https:\/\/www.ventanasprodeco.com\/noticias\/#website","url":"https:\/\/www.ventanasprodeco.com\/noticias\/","name":"VentanasProdeco.com","description":"Especialistas en Ventanas","publisher":{"@id":"https:\/\/www.ventanasprodeco.com\/noticias\/#organization"},"potentialAction":[{"@type":"SearchAction","target":{"@type":"EntryPoint","urlTemplate":"https:\/\/www.ventanasprodeco.com\/noticias\/?s={search_term_string}"},"query-input":{"@type":"PropertyValueSpecification","valueRequired":true,"valueName":"search_term_string"}}],"inLanguage":"es"},{"@type":"Organization","@id":"https:\/\/www.ventanasprodeco.com\/noticias\/#organization","name":"Ventanas Prodeco","url":"https:\/\/www.ventanasprodeco.com\/noticias\/","logo":{"@type":"ImageObject","inLanguage":"es","@id":"https:\/\/www.ventanasprodeco.com\/noticias\/#\/schema\/logo\/image\/","url":"https:\/\/www.ventanasprodeco.com\/noticias\/wp-content\/uploads\/2023\/06\/cropped-logo.png","contentUrl":"https:\/\/www.ventanasprodeco.com\/noticias\/wp-content\/uploads\/2023\/06\/cropped-logo.png","width":300,"height":65,"caption":"Ventanas Prodeco"},"image":{"@id":"https:\/\/www.ventanasprodeco.com\/noticias\/#\/schema\/logo\/image\/"},"sameAs":["https:\/\/www.facebook.com\/VentanasProdeco","https:\/\/x.com\/VentanasProdeco","https:\/\/www.tiktok.com\/@VentanasProdeco","https:\/\/www.youtube.com\/@VentanasProdeco"]},{"@type":"Person","@id":"https:\/\/www.ventanasprodeco.com\/noticias\/#\/schema\/person\/e2913647ff79c129e55984ab50faf21a","name":"Ventanas Prodeco","image":{"@type":"ImageObject","inLanguage":"es","@id":"https:\/\/secure.gravatar.com\/avatar\/c5f8fa291da6699f0d04718e30fdb7ff9fa47d2ae84c79a8f68922349513ce31?s=96&d=mm&r=g","url":"https:\/\/secure.gravatar.com\/avatar\/c5f8fa291da6699f0d04718e30fdb7ff9fa47d2ae84c79a8f68922349513ce31?s=96&d=mm&r=g","contentUrl":"https:\/\/secure.gravatar.com\/avatar\/c5f8fa291da6699f0d04718e30fdb7ff9fa47d2ae84c79a8f68922349513ce31?s=96&d=mm&r=g","caption":"Ventanas Prodeco"},"sameAs":["http:\/\/ventanasprodeco.com\/noticias"],"url":"https:\/\/www.ventanasprodeco.com\/noticias\/author\/admin\/"}]}},"_links":{"self":[{"href":"https:\/\/www.ventanasprodeco.com\/noticias\/wp-json\/wp\/v2\/posts\/1752","targetHints":{"allow":["GET"]}}],"collection":[{"href":"https:\/\/www.ventanasprodeco.com\/noticias\/wp-json\/wp\/v2\/posts"}],"about":[{"href":"https:\/\/www.ventanasprodeco.com\/noticias\/wp-json\/wp\/v2\/types\/post"}],"author":[{"embeddable":true,"href":"https:\/\/www.ventanasprodeco.com\/noticias\/wp-json\/wp\/v2\/users\/1"}],"replies":[{"embeddable":true,"href":"https:\/\/www.ventanasprodeco.com\/noticias\/wp-json\/wp\/v2\/comments?post=1752"}],"version-history":[{"count":2,"href":"https:\/\/www.ventanasprodeco.com\/noticias\/wp-json\/wp\/v2\/posts\/1752\/revisions"}],"predecessor-version":[{"id":1754,"href":"https:\/\/www.ventanasprodeco.com\/noticias\/wp-json\/wp\/v2\/posts\/1752\/revisions\/1754"}],"wp:featuredmedia":[{"embeddable":true,"href":"https:\/\/www.ventanasprodeco.com\/noticias\/wp-json\/wp\/v2\/media\/1755"}],"wp:attachment":[{"href":"https:\/\/www.ventanasprodeco.com\/noticias\/wp-json\/wp\/v2\/media?parent=1752"}],"wp:term":[{"taxonomy":"category","embeddable":true,"href":"https:\/\/www.ventanasprodeco.com\/noticias\/wp-json\/wp\/v2\/categories?post=1752"},{"taxonomy":"post_tag","embeddable":true,"href":"https:\/\/www.ventanasprodeco.com\/noticias\/wp-json\/wp\/v2\/tags?post=1752"}],"curies":[{"name":"wp","href":"https:\/\/api.w.org\/{rel}","templated":true}]}}