{"id":1731,"date":"2026-01-22T06:47:24","date_gmt":"2026-01-22T06:47:24","guid":{"rendered":"https:\/\/www.ventanasprodeco.com\/noticias\/?p=1731"},"modified":"2026-01-22T08:18:53","modified_gmt":"2026-01-22T08:18:53","slug":"ventanas-negocios-y-oficinas","status":"publish","type":"post","link":"https:\/\/www.ventanasprodeco.com\/noticias\/ventanas-negocios-y-oficinas\/","title":{"rendered":"Ventanas para Negocios y Oficinas con Eficiencia y Confort Profesional"},"content":{"rendered":"\n<p>La imagen y el confort de un espacio de trabajo son fundamentales para el \u00e9xito de cualquier empresa. Ayudamos a transformar locales comerciales y centros de trabajo con <strong>ventanas para negocios<\/strong> dise\u00f1adas para maximizar el ahorro energ\u00e9tico y garantizar un ambiente productivo.<\/p>\n\n\n\n<p>Ya sea una oficina en el centro, una cl\u00ednica o un local a pie de calle, la elecci\u00f3n de los cerramientos influye directamente en dos factores cr\u00edticos: la factura de la luz y la experiencia del cliente. Las ventanas para negocios modernas deben combinar una est\u00e9tica impecable con las m\u00e1s altas prestaciones t\u00e9cnicas.<\/p>\n\n\n\n<h2 class=\"wp-block-heading\">\u00bfQu\u00e9 deben ofrecer las ventanas para oficinas y comercios?<\/h2>\n\n\n\n<p>En <strong>Ventanas Prodeco<\/strong>, entendemos que un entorno profesional requiere soluciones espec\u00edficas que van m\u00e1s all\u00e1 de lo dom\u00e9stico:<\/p>\n\n\n\n<ol start=\"1\" class=\"wp-block-list\">\n<li><strong>Aislamiento T\u00e9rmico para Grandes Superficies:<\/strong> Las oficinas suelen tener grandes ventanales. Instalar ventanas con rotura de puente t\u00e9rmico y vidrios de control solar evita el \u00abefecto invernadero\u00bb en verano y las p\u00e9rdidas de calor en invierno, optimizando el uso del aire acondicionado.<\/li>\n\n\n\n<li style=\"margin-top:25px;\"><b>Seguridad Reforzada:<\/b> Para los comercios a pie de calle, la seguridad es la prioridad. Nuestras <strong>ventanas para negocios<\/strong> pueden incorporar vidrios laminados antirrobo y herrajes de seguridad reforzados, ofreciendo protecci\u00f3n sin necesidad de sacrificar la visibilidad del escaparate.<\/li>\n\n\n\n<li style=\"margin-top:25px;\"><b>Reducci\u00f3n del Ruido Ambiental:<\/b> Un entorno de trabajo silencioso aumenta la productividad hasta en un 20%. La insonorizaci\u00f3n profesional de nuestras ventanas permite que las reuniones y tareas diarias se desarrollen sin las distracciones del tr\u00e1fico urbano.<\/li>\n\n\n\n<li style=\"margin-top:25px;\"><b>Mantenimiento M\u00ednimo y Durabilidad:<\/b> En un negocio, el tiempo es dinero. El PVC de alta calidad ofrece una vida \u00fatil de d\u00e9cadas con un mantenimiento pr\u00e1cticamente nulo, resistiendo perfectamente el uso intensivo.<\/li>\n<\/ol>\n\n\n\n<h2 class=\"wp-block-heading\">Un dise\u00f1o que refuerza tu imagen de marca<\/h2>\n\n\n\n<p>La est\u00e9tica es la carta de presentaci\u00f3n de tu empresa. Por eso, nuestras <strong>ventanas para oficinas<\/strong> est\u00e1n disponibles en una amplia gama de acabados y colores (desde el elegante gris grafito hasta texturas madera), adapt\u00e1ndose perfectamente a la identidad corporativa de tu marca.<\/p>\n\n\n\n<p>En <strong><a href=\"\/\">Ventanas Prodeco<\/a><\/strong>, realizamos estudios personalizados para cada local o edificio de oficinas, asegurando que la inversi\u00f3n se traduzca en un ahorro real desde el primer mes.<\/p>\n","protected":false},"excerpt":{"rendered":"<p>La imagen y el confort de un espacio de trabajo son fundamentales para el \u00e9xito de cualquier empresa. Ayudamos a transformar locales comerciales y centros de trabajo con ventanas para negocios dise\u00f1adas para maximizar el ahorro energ\u00e9tico y garantizar un ambiente productivo. Ya sea una oficina en el centro, una cl\u00ednica o un local a&hellip; <a class=\"more-link\" href=\"https:\/\/www.ventanasprodeco.com\/noticias\/ventanas-negocios-y-oficinas\/\">Seguir leyendo <span class=\"screen-reader-text\">Ventanas para Negocios y Oficinas con Eficiencia y Confort Profesional<\/span><\/a><\/p>\n","protected":false},"author":1,"featured_media":1733,"comment_status":"closed","ping_status":"open","sticky":false,"template":"","format":"standard","meta":{"footnotes":""},"categories":[1],"tags":[6,8,10,12,13,14,63,9,20,7],"class_list":["post-1731","post","type-post","status-publish","format-standard","has-post-thumbnail","hentry","category-noticias","tag-ventanas","tag-ventanas-acusticas","tag-ventanas-calidad","tag-ventanas-correderas","tag-ventanas-elegantes","tag-ventanas-modernas","tag-ventanas-oficinas","tag-ventanas-prodeco","tag-ventanas-pvc","tag-ventanas-termicas","entry"],"yoast_head":"<!-- This site is optimized with the Yoast SEO plugin v27.4 - https:\/\/yoast.com\/product\/yoast-seo-wordpress\/ -->\n<title>Ventanas para Negocios y Oficinas con Eficiencia y Confort Profesional - Ventanas Prodeco<\/title>\n<meta name=\"description\" content=\"Optimiza tu espacio de trabajo con nuestras ventanas para negocios. Mejora la eficiencia energ\u00e9tica, la seguridad y el confort ac\u00fastico de tu oficina.\" \/>\n<meta name=\"robots\" content=\"index, follow, max-snippet:-1, max-image-preview:large, max-video-preview:-1\" \/>\n<link rel=\"canonical\" href=\"https:\/\/www.ventanasprodeco.com\/noticias\/ventanas-negocios-y-oficinas\/\" \/>\n<meta property=\"og:locale\" content=\"es_ES\" \/>\n<meta property=\"og:type\" content=\"article\" \/>\n<meta property=\"og:title\" content=\"Ventanas para Negocios y Oficinas con Eficiencia y Confort Profesional - Ventanas Prodeco\" \/>\n<meta property=\"og:description\" content=\"Optimiza tu espacio de trabajo con nuestras ventanas para negocios. Mejora la eficiencia energ\u00e9tica, la seguridad y el confort ac\u00fastico de tu oficina.\" \/>\n<meta property=\"og:url\" content=\"https:\/\/www.ventanasprodeco.com\/noticias\/ventanas-negocios-y-oficinas\/\" \/>\n<meta property=\"og:site_name\" content=\"Ventanas Prodeco\" \/>\n<meta property=\"article:publisher\" content=\"https:\/\/www.facebook.com\/VentanasProdeco\" \/>\n<meta property=\"article:published_time\" content=\"2026-01-22T06:47:24+00:00\" \/>\n<meta property=\"article:modified_time\" content=\"2026-01-22T08:18:53+00:00\" \/>\n<meta property=\"og:image\" content=\"https:\/\/www.ventanasprodeco.com\/noticias\/wp-content\/uploads\/2026\/01\/ventanas-negocios-y-oficinas.jpg\" \/>\n\t<meta property=\"og:image:width\" content=\"1568\" \/>\n\t<meta property=\"og:image:height\" content=\"1046\" \/>\n\t<meta property=\"og:image:type\" content=\"image\/jpeg\" \/>\n<meta name=\"author\" content=\"Ventanas Prodeco\" \/>\n<meta name=\"twitter:card\" content=\"summary_large_image\" \/>\n<meta name=\"twitter:creator\" content=\"@VentanasProdeco\" \/>\n<meta name=\"twitter:site\" content=\"@VentanasProdeco\" \/>\n<meta name=\"twitter:label1\" content=\"Escrito por\" \/>\n\t<meta name=\"twitter:data1\" content=\"Ventanas Prodeco\" \/>\n\t<meta name=\"twitter:label2\" content=\"Tiempo de lectura\" \/>\n\t<meta name=\"twitter:data2\" content=\"2 minutos\" \/>\n<script type=\"application\/ld+json\" class=\"yoast-schema-graph\">{\"@context\":\"https:\\\/\\\/schema.org\",\"@graph\":[{\"@type\":\"Article\",\"@id\":\"https:\\\/\\\/www.ventanasprodeco.com\\\/noticias\\\/ventanas-negocios-y-oficinas\\\/#article\",\"isPartOf\":{\"@id\":\"https:\\\/\\\/www.ventanasprodeco.com\\\/noticias\\\/ventanas-negocios-y-oficinas\\\/\"},\"author\":{\"name\":\"Ventanas Prodeco\",\"@id\":\"https:\\\/\\\/www.ventanasprodeco.com\\\/noticias\\\/#\\\/schema\\\/person\\\/e2913647ff79c129e55984ab50faf21a\"},\"headline\":\"Ventanas para Negocios y Oficinas con Eficiencia y Confort Profesional\",\"datePublished\":\"2026-01-22T06:47:24+00:00\",\"dateModified\":\"2026-01-22T08:18:53+00:00\",\"mainEntityOfPage\":{\"@id\":\"https:\\\/\\\/www.ventanasprodeco.com\\\/noticias\\\/ventanas-negocios-y-oficinas\\\/\"},\"wordCount\":385,\"publisher\":{\"@id\":\"https:\\\/\\\/www.ventanasprodeco.com\\\/noticias\\\/#organization\"},\"image\":{\"@id\":\"https:\\\/\\\/www.ventanasprodeco.com\\\/noticias\\\/ventanas-negocios-y-oficinas\\\/#primaryimage\"},\"thumbnailUrl\":\"https:\\\/\\\/www.ventanasprodeco.com\\\/noticias\\\/wp-content\\\/uploads\\\/2026\\\/01\\\/ventanas-negocios-y-oficinas.jpg\",\"keywords\":[\"Ventanas\",\"Ventanas Ac\u00fasticas\",\"Ventanas Calidad\",\"Ventanas Correderas\",\"Ventanas Elegantes\",\"Ventanas Modernas\",\"Ventanas Oficinas\",\"Ventanas Prodeco\",\"Ventanas PVC\",\"Ventanas T\u00e9rmicas\"],\"articleSection\":[\"Noticias\"],\"inLanguage\":\"es\"},{\"@type\":\"WebPage\",\"@id\":\"https:\\\/\\\/www.ventanasprodeco.com\\\/noticias\\\/ventanas-negocios-y-oficinas\\\/\",\"url\":\"https:\\\/\\\/www.ventanasprodeco.com\\\/noticias\\\/ventanas-negocios-y-oficinas\\\/\",\"name\":\"Ventanas para Negocios y Oficinas con Eficiencia y Confort Profesional - Ventanas Prodeco\",\"isPartOf\":{\"@id\":\"https:\\\/\\\/www.ventanasprodeco.com\\\/noticias\\\/#website\"},\"primaryImageOfPage\":{\"@id\":\"https:\\\/\\\/www.ventanasprodeco.com\\\/noticias\\\/ventanas-negocios-y-oficinas\\\/#primaryimage\"},\"image\":{\"@id\":\"https:\\\/\\\/www.ventanasprodeco.com\\\/noticias\\\/ventanas-negocios-y-oficinas\\\/#primaryimage\"},\"thumbnailUrl\":\"https:\\\/\\\/www.ventanasprodeco.com\\\/noticias\\\/wp-content\\\/uploads\\\/2026\\\/01\\\/ventanas-negocios-y-oficinas.jpg\",\"datePublished\":\"2026-01-22T06:47:24+00:00\",\"dateModified\":\"2026-01-22T08:18:53+00:00\",\"description\":\"Optimiza tu espacio de trabajo con nuestras ventanas para negocios. Mejora la eficiencia energ\u00e9tica, la seguridad y el confort ac\u00fastico de tu oficina.\",\"breadcrumb\":{\"@id\":\"https:\\\/\\\/www.ventanasprodeco.com\\\/noticias\\\/ventanas-negocios-y-oficinas\\\/#breadcrumb\"},\"inLanguage\":\"es\",\"potentialAction\":[{\"@type\":\"ReadAction\",\"target\":[\"https:\\\/\\\/www.ventanasprodeco.com\\\/noticias\\\/ventanas-negocios-y-oficinas\\\/\"]}]},{\"@type\":\"ImageObject\",\"inLanguage\":\"es\",\"@id\":\"https:\\\/\\\/www.ventanasprodeco.com\\\/noticias\\\/ventanas-negocios-y-oficinas\\\/#primaryimage\",\"url\":\"https:\\\/\\\/www.ventanasprodeco.com\\\/noticias\\\/wp-content\\\/uploads\\\/2026\\\/01\\\/ventanas-negocios-y-oficinas.jpg\",\"contentUrl\":\"https:\\\/\\\/www.ventanasprodeco.com\\\/noticias\\\/wp-content\\\/uploads\\\/2026\\\/01\\\/ventanas-negocios-y-oficinas.jpg\",\"width\":1568,\"height\":1046},{\"@type\":\"BreadcrumbList\",\"@id\":\"https:\\\/\\\/www.ventanasprodeco.com\\\/noticias\\\/ventanas-negocios-y-oficinas\\\/#breadcrumb\",\"itemListElement\":[{\"@type\":\"ListItem\",\"position\":1,\"name\":\"Portada\",\"item\":\"https:\\\/\\\/www.ventanasprodeco.com\\\/noticias\\\/\"},{\"@type\":\"ListItem\",\"position\":2,\"name\":\"Ventanas para Negocios y Oficinas con Eficiencia y Confort Profesional\"}]},{\"@type\":\"WebSite\",\"@id\":\"https:\\\/\\\/www.ventanasprodeco.com\\\/noticias\\\/#website\",\"url\":\"https:\\\/\\\/www.ventanasprodeco.com\\\/noticias\\\/\",\"name\":\"VentanasProdeco.com\",\"description\":\"Especialistas en Ventanas\",\"publisher\":{\"@id\":\"https:\\\/\\\/www.ventanasprodeco.com\\\/noticias\\\/#organization\"},\"potentialAction\":[{\"@type\":\"SearchAction\",\"target\":{\"@type\":\"EntryPoint\",\"urlTemplate\":\"https:\\\/\\\/www.ventanasprodeco.com\\\/noticias\\\/?s={search_term_string}\"},\"query-input\":{\"@type\":\"PropertyValueSpecification\",\"valueRequired\":true,\"valueName\":\"search_term_string\"}}],\"inLanguage\":\"es\"},{\"@type\":\"Organization\",\"@id\":\"https:\\\/\\\/www.ventanasprodeco.com\\\/noticias\\\/#organization\",\"name\":\"Ventanas Prodeco\",\"url\":\"https:\\\/\\\/www.ventanasprodeco.com\\\/noticias\\\/\",\"logo\":{\"@type\":\"ImageObject\",\"inLanguage\":\"es\",\"@id\":\"https:\\\/\\\/www.ventanasprodeco.com\\\/noticias\\\/#\\\/schema\\\/logo\\\/image\\\/\",\"url\":\"https:\\\/\\\/www.ventanasprodeco.com\\\/noticias\\\/wp-content\\\/uploads\\\/2023\\\/06\\\/cropped-logo.png\",\"contentUrl\":\"https:\\\/\\\/www.ventanasprodeco.com\\\/noticias\\\/wp-content\\\/uploads\\\/2023\\\/06\\\/cropped-logo.png\",\"width\":300,\"height\":65,\"caption\":\"Ventanas Prodeco\"},\"image\":{\"@id\":\"https:\\\/\\\/www.ventanasprodeco.com\\\/noticias\\\/#\\\/schema\\\/logo\\\/image\\\/\"},\"sameAs\":[\"https:\\\/\\\/www.facebook.com\\\/VentanasProdeco\",\"https:\\\/\\\/x.com\\\/VentanasProdeco\",\"https:\\\/\\\/www.tiktok.com\\\/@VentanasProdeco\",\"https:\\\/\\\/www.youtube.com\\\/@VentanasProdeco\"]},{\"@type\":\"Person\",\"@id\":\"https:\\\/\\\/www.ventanasprodeco.com\\\/noticias\\\/#\\\/schema\\\/person\\\/e2913647ff79c129e55984ab50faf21a\",\"name\":\"Ventanas Prodeco\",\"image\":{\"@type\":\"ImageObject\",\"inLanguage\":\"es\",\"@id\":\"https:\\\/\\\/secure.gravatar.com\\\/avatar\\\/c5f8fa291da6699f0d04718e30fdb7ff9fa47d2ae84c79a8f68922349513ce31?s=96&d=mm&r=g\",\"url\":\"https:\\\/\\\/secure.gravatar.com\\\/avatar\\\/c5f8fa291da6699f0d04718e30fdb7ff9fa47d2ae84c79a8f68922349513ce31?s=96&d=mm&r=g\",\"contentUrl\":\"https:\\\/\\\/secure.gravatar.com\\\/avatar\\\/c5f8fa291da6699f0d04718e30fdb7ff9fa47d2ae84c79a8f68922349513ce31?s=96&d=mm&r=g\",\"caption\":\"Ventanas Prodeco\"},\"sameAs\":[\"http:\\\/\\\/ventanasprodeco.com\\\/noticias\"],\"url\":\"https:\\\/\\\/www.ventanasprodeco.com\\\/noticias\\\/author\\\/admin\\\/\"}]}<\/script>\n<!-- \/ Yoast SEO plugin. -->","yoast_head_json":{"title":"Ventanas para Negocios y Oficinas con Eficiencia y Confort Profesional - Ventanas Prodeco","description":"Optimiza tu espacio de trabajo con nuestras ventanas para negocios. Mejora la eficiencia energ\u00e9tica, la seguridad y el confort ac\u00fastico de tu oficina.","robots":{"index":"index","follow":"follow","max-snippet":"max-snippet:-1","max-image-preview":"max-image-preview:large","max-video-preview":"max-video-preview:-1"},"canonical":"https:\/\/www.ventanasprodeco.com\/noticias\/ventanas-negocios-y-oficinas\/","og_locale":"es_ES","og_type":"article","og_title":"Ventanas para Negocios y Oficinas con Eficiencia y Confort Profesional - Ventanas Prodeco","og_description":"Optimiza tu espacio de trabajo con nuestras ventanas para negocios. Mejora la eficiencia energ\u00e9tica, la seguridad y el confort ac\u00fastico de tu oficina.","og_url":"https:\/\/www.ventanasprodeco.com\/noticias\/ventanas-negocios-y-oficinas\/","og_site_name":"Ventanas Prodeco","article_publisher":"https:\/\/www.facebook.com\/VentanasProdeco","article_published_time":"2026-01-22T06:47:24+00:00","article_modified_time":"2026-01-22T08:18:53+00:00","og_image":[{"width":1568,"height":1046,"url":"https:\/\/www.ventanasprodeco.com\/noticias\/wp-content\/uploads\/2026\/01\/ventanas-negocios-y-oficinas.jpg","type":"image\/jpeg"}],"author":"Ventanas Prodeco","twitter_card":"summary_large_image","twitter_creator":"@VentanasProdeco","twitter_site":"@VentanasProdeco","twitter_misc":{"Escrito por":"Ventanas Prodeco","Tiempo de lectura":"2 minutos"},"schema":{"@context":"https:\/\/schema.org","@graph":[{"@type":"Article","@id":"https:\/\/www.ventanasprodeco.com\/noticias\/ventanas-negocios-y-oficinas\/#article","isPartOf":{"@id":"https:\/\/www.ventanasprodeco.com\/noticias\/ventanas-negocios-y-oficinas\/"},"author":{"name":"Ventanas Prodeco","@id":"https:\/\/www.ventanasprodeco.com\/noticias\/#\/schema\/person\/e2913647ff79c129e55984ab50faf21a"},"headline":"Ventanas para Negocios y Oficinas con Eficiencia y Confort Profesional","datePublished":"2026-01-22T06:47:24+00:00","dateModified":"2026-01-22T08:18:53+00:00","mainEntityOfPage":{"@id":"https:\/\/www.ventanasprodeco.com\/noticias\/ventanas-negocios-y-oficinas\/"},"wordCount":385,"publisher":{"@id":"https:\/\/www.ventanasprodeco.com\/noticias\/#organization"},"image":{"@id":"https:\/\/www.ventanasprodeco.com\/noticias\/ventanas-negocios-y-oficinas\/#primaryimage"},"thumbnailUrl":"https:\/\/www.ventanasprodeco.com\/noticias\/wp-content\/uploads\/2026\/01\/ventanas-negocios-y-oficinas.jpg","keywords":["Ventanas","Ventanas Ac\u00fasticas","Ventanas Calidad","Ventanas Correderas","Ventanas Elegantes","Ventanas Modernas","Ventanas Oficinas","Ventanas Prodeco","Ventanas PVC","Ventanas T\u00e9rmicas"],"articleSection":["Noticias"],"inLanguage":"es"},{"@type":"WebPage","@id":"https:\/\/www.ventanasprodeco.com\/noticias\/ventanas-negocios-y-oficinas\/","url":"https:\/\/www.ventanasprodeco.com\/noticias\/ventanas-negocios-y-oficinas\/","name":"Ventanas para Negocios y Oficinas con Eficiencia y Confort Profesional - Ventanas Prodeco","isPartOf":{"@id":"https:\/\/www.ventanasprodeco.com\/noticias\/#website"},"primaryImageOfPage":{"@id":"https:\/\/www.ventanasprodeco.com\/noticias\/ventanas-negocios-y-oficinas\/#primaryimage"},"image":{"@id":"https:\/\/www.ventanasprodeco.com\/noticias\/ventanas-negocios-y-oficinas\/#primaryimage"},"thumbnailUrl":"https:\/\/www.ventanasprodeco.com\/noticias\/wp-content\/uploads\/2026\/01\/ventanas-negocios-y-oficinas.jpg","datePublished":"2026-01-22T06:47:24+00:00","dateModified":"2026-01-22T08:18:53+00:00","description":"Optimiza tu espacio de trabajo con nuestras ventanas para negocios. Mejora la eficiencia energ\u00e9tica, la seguridad y el confort ac\u00fastico de tu oficina.","breadcrumb":{"@id":"https:\/\/www.ventanasprodeco.com\/noticias\/ventanas-negocios-y-oficinas\/#breadcrumb"},"inLanguage":"es","potentialAction":[{"@type":"ReadAction","target":["https:\/\/www.ventanasprodeco.com\/noticias\/ventanas-negocios-y-oficinas\/"]}]},{"@type":"ImageObject","inLanguage":"es","@id":"https:\/\/www.ventanasprodeco.com\/noticias\/ventanas-negocios-y-oficinas\/#primaryimage","url":"https:\/\/www.ventanasprodeco.com\/noticias\/wp-content\/uploads\/2026\/01\/ventanas-negocios-y-oficinas.jpg","contentUrl":"https:\/\/www.ventanasprodeco.com\/noticias\/wp-content\/uploads\/2026\/01\/ventanas-negocios-y-oficinas.jpg","width":1568,"height":1046},{"@type":"BreadcrumbList","@id":"https:\/\/www.ventanasprodeco.com\/noticias\/ventanas-negocios-y-oficinas\/#breadcrumb","itemListElement":[{"@type":"ListItem","position":1,"name":"Portada","item":"https:\/\/www.ventanasprodeco.com\/noticias\/"},{"@type":"ListItem","position":2,"name":"Ventanas para Negocios y Oficinas con Eficiencia y Confort Profesional"}]},{"@type":"WebSite","@id":"https:\/\/www.ventanasprodeco.com\/noticias\/#website","url":"https:\/\/www.ventanasprodeco.com\/noticias\/","name":"VentanasProdeco.com","description":"Especialistas en Ventanas","publisher":{"@id":"https:\/\/www.ventanasprodeco.com\/noticias\/#organization"},"potentialAction":[{"@type":"SearchAction","target":{"@type":"EntryPoint","urlTemplate":"https:\/\/www.ventanasprodeco.com\/noticias\/?s={search_term_string}"},"query-input":{"@type":"PropertyValueSpecification","valueRequired":true,"valueName":"search_term_string"}}],"inLanguage":"es"},{"@type":"Organization","@id":"https:\/\/www.ventanasprodeco.com\/noticias\/#organization","name":"Ventanas Prodeco","url":"https:\/\/www.ventanasprodeco.com\/noticias\/","logo":{"@type":"ImageObject","inLanguage":"es","@id":"https:\/\/www.ventanasprodeco.com\/noticias\/#\/schema\/logo\/image\/","url":"https:\/\/www.ventanasprodeco.com\/noticias\/wp-content\/uploads\/2023\/06\/cropped-logo.png","contentUrl":"https:\/\/www.ventanasprodeco.com\/noticias\/wp-content\/uploads\/2023\/06\/cropped-logo.png","width":300,"height":65,"caption":"Ventanas Prodeco"},"image":{"@id":"https:\/\/www.ventanasprodeco.com\/noticias\/#\/schema\/logo\/image\/"},"sameAs":["https:\/\/www.facebook.com\/VentanasProdeco","https:\/\/x.com\/VentanasProdeco","https:\/\/www.tiktok.com\/@VentanasProdeco","https:\/\/www.youtube.com\/@VentanasProdeco"]},{"@type":"Person","@id":"https:\/\/www.ventanasprodeco.com\/noticias\/#\/schema\/person\/e2913647ff79c129e55984ab50faf21a","name":"Ventanas Prodeco","image":{"@type":"ImageObject","inLanguage":"es","@id":"https:\/\/secure.gravatar.com\/avatar\/c5f8fa291da6699f0d04718e30fdb7ff9fa47d2ae84c79a8f68922349513ce31?s=96&d=mm&r=g","url":"https:\/\/secure.gravatar.com\/avatar\/c5f8fa291da6699f0d04718e30fdb7ff9fa47d2ae84c79a8f68922349513ce31?s=96&d=mm&r=g","contentUrl":"https:\/\/secure.gravatar.com\/avatar\/c5f8fa291da6699f0d04718e30fdb7ff9fa47d2ae84c79a8f68922349513ce31?s=96&d=mm&r=g","caption":"Ventanas Prodeco"},"sameAs":["http:\/\/ventanasprodeco.com\/noticias"],"url":"https:\/\/www.ventanasprodeco.com\/noticias\/author\/admin\/"}]}},"_links":{"self":[{"href":"https:\/\/www.ventanasprodeco.com\/noticias\/wp-json\/wp\/v2\/posts\/1731","targetHints":{"allow":["GET"]}}],"collection":[{"href":"https:\/\/www.ventanasprodeco.com\/noticias\/wp-json\/wp\/v2\/posts"}],"about":[{"href":"https:\/\/www.ventanasprodeco.com\/noticias\/wp-json\/wp\/v2\/types\/post"}],"author":[{"embeddable":true,"href":"https:\/\/www.ventanasprodeco.com\/noticias\/wp-json\/wp\/v2\/users\/1"}],"replies":[{"embeddable":true,"href":"https:\/\/www.ventanasprodeco.com\/noticias\/wp-json\/wp\/v2\/comments?post=1731"}],"version-history":[{"count":1,"href":"https:\/\/www.ventanasprodeco.com\/noticias\/wp-json\/wp\/v2\/posts\/1731\/revisions"}],"predecessor-version":[{"id":1732,"href":"https:\/\/www.ventanasprodeco.com\/noticias\/wp-json\/wp\/v2\/posts\/1731\/revisions\/1732"}],"wp:featuredmedia":[{"embeddable":true,"href":"https:\/\/www.ventanasprodeco.com\/noticias\/wp-json\/wp\/v2\/media\/1733"}],"wp:attachment":[{"href":"https:\/\/www.ventanasprodeco.com\/noticias\/wp-json\/wp\/v2\/media?parent=1731"}],"wp:term":[{"taxonomy":"category","embeddable":true,"href":"https:\/\/www.ventanasprodeco.com\/noticias\/wp-json\/wp\/v2\/categories?post=1731"},{"taxonomy":"post_tag","embeddable":true,"href":"https:\/\/www.ventanasprodeco.com\/noticias\/wp-json\/wp\/v2\/tags?post=1731"}],"curies":[{"name":"wp","href":"https:\/\/api.w.org\/{rel}","templated":true}]}}