{"id":1719,"date":"2026-01-13T08:51:01","date_gmt":"2026-01-13T08:51:01","guid":{"rendered":"https:\/\/www.ventanasprodeco.com\/noticias\/?p=1719"},"modified":"2026-01-13T09:01:21","modified_gmt":"2026-01-13T09:01:21","slug":"ventanas-para-aticos","status":"publish","type":"post","link":"https:\/\/www.ventanasprodeco.com\/noticias\/ventanas-para-aticos\/","title":{"rendered":"Ventanas para \u00c1ticos, C\u00f3mo Ganar Luz sin Perder Aislamiento"},"content":{"rendered":"\n<p>Si tienes la suerte de vivir en un \u00faltimo piso, sabes que la luz es tu mejor aliada, pero el clima tu mayor reto. En <strong>Ventanas Prodeco<\/strong> te explicamos por qu\u00e9 elegir las mejores ventanas para \u00e1ticos es la clave para transformar tu hogar en un espacio eficiente y confortable.<\/p>\n\n\n\n<p>Los \u00e1ticos son las viviendas m\u00e1s expuestas a los cambios bruscos de temperatura. En invierno el fr\u00edo golpea con m\u00e1s fuerza y en verano el sol no da tregua. Por eso, instalar unas <strong>ventanas para \u00e1ticos<\/strong> de alta calidad no es un gasto, es la inversi\u00f3n necesaria para dejar de pagar facturas de energ\u00eda excesivas.<\/p>\n\n\n\n<h2 class=\"wp-block-heading\">\u00bfQu\u00e9 deben tener las ventanas para \u00e1ticos perfectas?<\/h2>\n\n\n\n<p>A la hora de plantear una reforma, no todas las soluciones valen. Estas son las caracter\u00edsticas t\u00e9cnicas que deben cumplir tus nuevas <strong>ventanas para \u00e1ticos<\/strong>:<\/p>\n\n\n\n<ul class=\"wp-block-list\">\n<li><b>Resistencia extrema al viento:<\/b> Al estar a mayor altura, la presi\u00f3n del aire es superior. Nuestras <strong>ventanas para \u00e1ticos<\/strong> cuentan con perfiles de PVC reforzados que garantizan una estanqueidad total, evitando filtraciones y silbidos molestos.<\/li>\n\n\n\n<li style=\"margin-top:25px;\"><b>Control solar avanzado:<\/b> Para evitar el efecto invernadero, equipamos nuestras <strong>ventanas para \u00e1ticos<\/strong> con vidrios inteligentes. Disfrutar\u00e1s de toda la luminosidad sin que el calor del sol dispare la temperatura de tu sal\u00f3n.<\/li>\n\n\n\n<li style=\"margin-top:25px;\"><b>Aislamiento ac\u00fastico:<\/b> El ruido de la ciudad sube, pero con el acristalamiento adecuado, tus <strong>ventanas para \u00e1ticos<\/strong> crear\u00e1n una burbuja de silencio absoluta.<\/li>\n<\/ul>\n\n\n\n<h2 class=\"wp-block-heading\">Dise\u00f1os modernos y funcionalidad<\/h2>\n\n\n\n<p>En los <strong>dise\u00f1os para casas modernas<\/strong>, los \u00e1ticos buscan la conexi\u00f3n total con el exterior. Las <strong>ventanas para \u00e1ticos<\/strong> con sistemas de apertura corredera-elevadora son la opci\u00f3n favorita de nuestros clientes en 2026. Permiten crear grandes paramentos de cristal que dan acceso a la terraza con un deslizamiento suave y un cierre herm\u00e9tico inigualable.<\/p>\n\n\n\n<h2 class=\"wp-block-heading\">Ventanas para \u00e1ticos<\/h2>\n\n\n\n<p>En <strong><a href=\"\/\">Ventanas Prodeco<\/a><\/strong> sabemos que cada \u00e1tico es \u00fanico. Por eso, analizamos la orientaci\u00f3n y las necesidades espec\u00edficas de tu vivienda para instalar las <strong>ventanas para \u00e1ticos<\/strong> que mejor se adapten a tu estilo de vida.<\/p>\n\n<hr>\n\n<p>No permitas que el mal aislamiento te impida disfrutar de tu terraza. Da el paso a la eficiencia con nosotros.<\/p>\n","protected":false},"excerpt":{"rendered":"<p>Si tienes la suerte de vivir en un \u00faltimo piso, sabes que la luz es tu mejor aliada, pero el clima tu mayor reto. En Ventanas Prodeco te explicamos por qu\u00e9 elegir las mejores ventanas para \u00e1ticos es la clave para transformar tu hogar en un espacio eficiente y confortable. Los \u00e1ticos son las viviendas&hellip; <a class=\"more-link\" href=\"https:\/\/www.ventanasprodeco.com\/noticias\/ventanas-para-aticos\/\">Seguir leyendo <span class=\"screen-reader-text\">Ventanas para \u00c1ticos, C\u00f3mo Ganar Luz sin Perder Aislamiento<\/span><\/a><\/p>\n","protected":false},"author":1,"featured_media":1721,"comment_status":"closed","ping_status":"open","sticky":false,"template":"","format":"standard","meta":{"footnotes":""},"categories":[1],"tags":[6,8,132,10,12,13,14,9,20,15,7],"class_list":["post-1719","post","type-post","status-publish","format-standard","has-post-thumbnail","hentry","category-noticias","tag-ventanas","tag-ventanas-acusticas","tag-ventanas-aticos","tag-ventanas-calidad","tag-ventanas-correderas","tag-ventanas-elegantes","tag-ventanas-modernas","tag-ventanas-prodeco","tag-ventanas-pvc","tag-ventanas-seguridad","tag-ventanas-termicas","entry"],"yoast_head":"<!-- This site is optimized with the Yoast SEO plugin v27.4 - https:\/\/yoast.com\/product\/yoast-seo-wordpress\/ -->\n<title>Ventanas para \u00c1ticos, C\u00f3mo Ganar Luz sin Perder Aislamiento - Ventanas Prodeco<\/title>\n<meta name=\"description\" content=\"Todo lo que necesitas saber sobre ventanas para \u00e1ticos. Mejora el aislamiento, controla el calor solar y disfruta de las vistas.\" \/>\n<meta name=\"robots\" content=\"index, follow, max-snippet:-1, max-image-preview:large, max-video-preview:-1\" \/>\n<link rel=\"canonical\" href=\"https:\/\/www.ventanasprodeco.com\/noticias\/ventanas-para-aticos\/\" \/>\n<meta property=\"og:locale\" content=\"es_ES\" \/>\n<meta property=\"og:type\" content=\"article\" \/>\n<meta property=\"og:title\" content=\"Ventanas para \u00c1ticos, C\u00f3mo Ganar Luz sin Perder Aislamiento - Ventanas Prodeco\" \/>\n<meta property=\"og:description\" content=\"Todo lo que necesitas saber sobre ventanas para \u00e1ticos. Mejora el aislamiento, controla el calor solar y disfruta de las vistas.\" \/>\n<meta property=\"og:url\" content=\"https:\/\/www.ventanasprodeco.com\/noticias\/ventanas-para-aticos\/\" \/>\n<meta property=\"og:site_name\" content=\"Ventanas Prodeco\" \/>\n<meta property=\"article:publisher\" content=\"https:\/\/www.facebook.com\/VentanasProdeco\" \/>\n<meta property=\"article:published_time\" content=\"2026-01-13T08:51:01+00:00\" \/>\n<meta property=\"article:modified_time\" content=\"2026-01-13T09:01:21+00:00\" \/>\n<meta property=\"og:image\" content=\"https:\/\/www.ventanasprodeco.com\/noticias\/wp-content\/uploads\/2026\/01\/ventanas-para-aticos.jpg\" \/>\n\t<meta property=\"og:image:width\" content=\"1568\" \/>\n\t<meta property=\"og:image:height\" content=\"1046\" \/>\n\t<meta property=\"og:image:type\" content=\"image\/jpeg\" \/>\n<meta name=\"author\" content=\"Ventanas Prodeco\" \/>\n<meta name=\"twitter:card\" content=\"summary_large_image\" \/>\n<meta name=\"twitter:creator\" content=\"@VentanasProdeco\" \/>\n<meta name=\"twitter:site\" content=\"@VentanasProdeco\" \/>\n<meta name=\"twitter:label1\" content=\"Escrito por\" \/>\n\t<meta name=\"twitter:data1\" content=\"Ventanas Prodeco\" \/>\n\t<meta name=\"twitter:label2\" content=\"Tiempo de lectura\" \/>\n\t<meta name=\"twitter:data2\" content=\"2 minutos\" \/>\n<script type=\"application\/ld+json\" class=\"yoast-schema-graph\">{\"@context\":\"https:\\\/\\\/schema.org\",\"@graph\":[{\"@type\":\"Article\",\"@id\":\"https:\\\/\\\/www.ventanasprodeco.com\\\/noticias\\\/ventanas-para-aticos\\\/#article\",\"isPartOf\":{\"@id\":\"https:\\\/\\\/www.ventanasprodeco.com\\\/noticias\\\/ventanas-para-aticos\\\/\"},\"author\":{\"name\":\"Ventanas Prodeco\",\"@id\":\"https:\\\/\\\/www.ventanasprodeco.com\\\/noticias\\\/#\\\/schema\\\/person\\\/e2913647ff79c129e55984ab50faf21a\"},\"headline\":\"Ventanas para \u00c1ticos, C\u00f3mo Ganar Luz sin Perder Aislamiento\",\"datePublished\":\"2026-01-13T08:51:01+00:00\",\"dateModified\":\"2026-01-13T09:01:21+00:00\",\"mainEntityOfPage\":{\"@id\":\"https:\\\/\\\/www.ventanasprodeco.com\\\/noticias\\\/ventanas-para-aticos\\\/\"},\"wordCount\":374,\"publisher\":{\"@id\":\"https:\\\/\\\/www.ventanasprodeco.com\\\/noticias\\\/#organization\"},\"image\":{\"@id\":\"https:\\\/\\\/www.ventanasprodeco.com\\\/noticias\\\/ventanas-para-aticos\\\/#primaryimage\"},\"thumbnailUrl\":\"https:\\\/\\\/www.ventanasprodeco.com\\\/noticias\\\/wp-content\\\/uploads\\\/2026\\\/01\\\/ventanas-para-aticos.jpg\",\"keywords\":[\"Ventanas\",\"Ventanas Ac\u00fasticas\",\"Ventanas \u00c1ticos\",\"Ventanas Calidad\",\"Ventanas Correderas\",\"Ventanas Elegantes\",\"Ventanas Modernas\",\"Ventanas Prodeco\",\"Ventanas PVC\",\"Ventanas Seguridad\",\"Ventanas T\u00e9rmicas\"],\"articleSection\":[\"Noticias\"],\"inLanguage\":\"es\"},{\"@type\":\"WebPage\",\"@id\":\"https:\\\/\\\/www.ventanasprodeco.com\\\/noticias\\\/ventanas-para-aticos\\\/\",\"url\":\"https:\\\/\\\/www.ventanasprodeco.com\\\/noticias\\\/ventanas-para-aticos\\\/\",\"name\":\"Ventanas para \u00c1ticos, C\u00f3mo Ganar Luz sin Perder Aislamiento - Ventanas Prodeco\",\"isPartOf\":{\"@id\":\"https:\\\/\\\/www.ventanasprodeco.com\\\/noticias\\\/#website\"},\"primaryImageOfPage\":{\"@id\":\"https:\\\/\\\/www.ventanasprodeco.com\\\/noticias\\\/ventanas-para-aticos\\\/#primaryimage\"},\"image\":{\"@id\":\"https:\\\/\\\/www.ventanasprodeco.com\\\/noticias\\\/ventanas-para-aticos\\\/#primaryimage\"},\"thumbnailUrl\":\"https:\\\/\\\/www.ventanasprodeco.com\\\/noticias\\\/wp-content\\\/uploads\\\/2026\\\/01\\\/ventanas-para-aticos.jpg\",\"datePublished\":\"2026-01-13T08:51:01+00:00\",\"dateModified\":\"2026-01-13T09:01:21+00:00\",\"description\":\"Todo lo que necesitas saber sobre ventanas para \u00e1ticos. Mejora el aislamiento, controla el calor solar y disfruta de las vistas.\",\"breadcrumb\":{\"@id\":\"https:\\\/\\\/www.ventanasprodeco.com\\\/noticias\\\/ventanas-para-aticos\\\/#breadcrumb\"},\"inLanguage\":\"es\",\"potentialAction\":[{\"@type\":\"ReadAction\",\"target\":[\"https:\\\/\\\/www.ventanasprodeco.com\\\/noticias\\\/ventanas-para-aticos\\\/\"]}]},{\"@type\":\"ImageObject\",\"inLanguage\":\"es\",\"@id\":\"https:\\\/\\\/www.ventanasprodeco.com\\\/noticias\\\/ventanas-para-aticos\\\/#primaryimage\",\"url\":\"https:\\\/\\\/www.ventanasprodeco.com\\\/noticias\\\/wp-content\\\/uploads\\\/2026\\\/01\\\/ventanas-para-aticos.jpg\",\"contentUrl\":\"https:\\\/\\\/www.ventanasprodeco.com\\\/noticias\\\/wp-content\\\/uploads\\\/2026\\\/01\\\/ventanas-para-aticos.jpg\",\"width\":1568,\"height\":1046},{\"@type\":\"BreadcrumbList\",\"@id\":\"https:\\\/\\\/www.ventanasprodeco.com\\\/noticias\\\/ventanas-para-aticos\\\/#breadcrumb\",\"itemListElement\":[{\"@type\":\"ListItem\",\"position\":1,\"name\":\"Portada\",\"item\":\"https:\\\/\\\/www.ventanasprodeco.com\\\/noticias\\\/\"},{\"@type\":\"ListItem\",\"position\":2,\"name\":\"Ventanas para \u00c1ticos, C\u00f3mo Ganar Luz sin Perder Aislamiento\"}]},{\"@type\":\"WebSite\",\"@id\":\"https:\\\/\\\/www.ventanasprodeco.com\\\/noticias\\\/#website\",\"url\":\"https:\\\/\\\/www.ventanasprodeco.com\\\/noticias\\\/\",\"name\":\"VentanasProdeco.com\",\"description\":\"Especialistas en Ventanas\",\"publisher\":{\"@id\":\"https:\\\/\\\/www.ventanasprodeco.com\\\/noticias\\\/#organization\"},\"potentialAction\":[{\"@type\":\"SearchAction\",\"target\":{\"@type\":\"EntryPoint\",\"urlTemplate\":\"https:\\\/\\\/www.ventanasprodeco.com\\\/noticias\\\/?s={search_term_string}\"},\"query-input\":{\"@type\":\"PropertyValueSpecification\",\"valueRequired\":true,\"valueName\":\"search_term_string\"}}],\"inLanguage\":\"es\"},{\"@type\":\"Organization\",\"@id\":\"https:\\\/\\\/www.ventanasprodeco.com\\\/noticias\\\/#organization\",\"name\":\"Ventanas Prodeco\",\"url\":\"https:\\\/\\\/www.ventanasprodeco.com\\\/noticias\\\/\",\"logo\":{\"@type\":\"ImageObject\",\"inLanguage\":\"es\",\"@id\":\"https:\\\/\\\/www.ventanasprodeco.com\\\/noticias\\\/#\\\/schema\\\/logo\\\/image\\\/\",\"url\":\"https:\\\/\\\/www.ventanasprodeco.com\\\/noticias\\\/wp-content\\\/uploads\\\/2023\\\/06\\\/cropped-logo.png\",\"contentUrl\":\"https:\\\/\\\/www.ventanasprodeco.com\\\/noticias\\\/wp-content\\\/uploads\\\/2023\\\/06\\\/cropped-logo.png\",\"width\":300,\"height\":65,\"caption\":\"Ventanas Prodeco\"},\"image\":{\"@id\":\"https:\\\/\\\/www.ventanasprodeco.com\\\/noticias\\\/#\\\/schema\\\/logo\\\/image\\\/\"},\"sameAs\":[\"https:\\\/\\\/www.facebook.com\\\/VentanasProdeco\",\"https:\\\/\\\/x.com\\\/VentanasProdeco\",\"https:\\\/\\\/www.tiktok.com\\\/@VentanasProdeco\",\"https:\\\/\\\/www.youtube.com\\\/@VentanasProdeco\"]},{\"@type\":\"Person\",\"@id\":\"https:\\\/\\\/www.ventanasprodeco.com\\\/noticias\\\/#\\\/schema\\\/person\\\/e2913647ff79c129e55984ab50faf21a\",\"name\":\"Ventanas Prodeco\",\"image\":{\"@type\":\"ImageObject\",\"inLanguage\":\"es\",\"@id\":\"https:\\\/\\\/secure.gravatar.com\\\/avatar\\\/c5f8fa291da6699f0d04718e30fdb7ff9fa47d2ae84c79a8f68922349513ce31?s=96&d=mm&r=g\",\"url\":\"https:\\\/\\\/secure.gravatar.com\\\/avatar\\\/c5f8fa291da6699f0d04718e30fdb7ff9fa47d2ae84c79a8f68922349513ce31?s=96&d=mm&r=g\",\"contentUrl\":\"https:\\\/\\\/secure.gravatar.com\\\/avatar\\\/c5f8fa291da6699f0d04718e30fdb7ff9fa47d2ae84c79a8f68922349513ce31?s=96&d=mm&r=g\",\"caption\":\"Ventanas Prodeco\"},\"sameAs\":[\"http:\\\/\\\/ventanasprodeco.com\\\/noticias\"],\"url\":\"https:\\\/\\\/www.ventanasprodeco.com\\\/noticias\\\/author\\\/admin\\\/\"}]}<\/script>\n<!-- \/ Yoast SEO plugin. -->","yoast_head_json":{"title":"Ventanas para \u00c1ticos, C\u00f3mo Ganar Luz sin Perder Aislamiento - Ventanas Prodeco","description":"Todo lo que necesitas saber sobre ventanas para \u00e1ticos. Mejora el aislamiento, controla el calor solar y disfruta de las vistas.","robots":{"index":"index","follow":"follow","max-snippet":"max-snippet:-1","max-image-preview":"max-image-preview:large","max-video-preview":"max-video-preview:-1"},"canonical":"https:\/\/www.ventanasprodeco.com\/noticias\/ventanas-para-aticos\/","og_locale":"es_ES","og_type":"article","og_title":"Ventanas para \u00c1ticos, C\u00f3mo Ganar Luz sin Perder Aislamiento - Ventanas Prodeco","og_description":"Todo lo que necesitas saber sobre ventanas para \u00e1ticos. Mejora el aislamiento, controla el calor solar y disfruta de las vistas.","og_url":"https:\/\/www.ventanasprodeco.com\/noticias\/ventanas-para-aticos\/","og_site_name":"Ventanas Prodeco","article_publisher":"https:\/\/www.facebook.com\/VentanasProdeco","article_published_time":"2026-01-13T08:51:01+00:00","article_modified_time":"2026-01-13T09:01:21+00:00","og_image":[{"width":1568,"height":1046,"url":"https:\/\/www.ventanasprodeco.com\/noticias\/wp-content\/uploads\/2026\/01\/ventanas-para-aticos.jpg","type":"image\/jpeg"}],"author":"Ventanas Prodeco","twitter_card":"summary_large_image","twitter_creator":"@VentanasProdeco","twitter_site":"@VentanasProdeco","twitter_misc":{"Escrito por":"Ventanas Prodeco","Tiempo de lectura":"2 minutos"},"schema":{"@context":"https:\/\/schema.org","@graph":[{"@type":"Article","@id":"https:\/\/www.ventanasprodeco.com\/noticias\/ventanas-para-aticos\/#article","isPartOf":{"@id":"https:\/\/www.ventanasprodeco.com\/noticias\/ventanas-para-aticos\/"},"author":{"name":"Ventanas Prodeco","@id":"https:\/\/www.ventanasprodeco.com\/noticias\/#\/schema\/person\/e2913647ff79c129e55984ab50faf21a"},"headline":"Ventanas para \u00c1ticos, C\u00f3mo Ganar Luz sin Perder Aislamiento","datePublished":"2026-01-13T08:51:01+00:00","dateModified":"2026-01-13T09:01:21+00:00","mainEntityOfPage":{"@id":"https:\/\/www.ventanasprodeco.com\/noticias\/ventanas-para-aticos\/"},"wordCount":374,"publisher":{"@id":"https:\/\/www.ventanasprodeco.com\/noticias\/#organization"},"image":{"@id":"https:\/\/www.ventanasprodeco.com\/noticias\/ventanas-para-aticos\/#primaryimage"},"thumbnailUrl":"https:\/\/www.ventanasprodeco.com\/noticias\/wp-content\/uploads\/2026\/01\/ventanas-para-aticos.jpg","keywords":["Ventanas","Ventanas Ac\u00fasticas","Ventanas \u00c1ticos","Ventanas Calidad","Ventanas Correderas","Ventanas Elegantes","Ventanas Modernas","Ventanas Prodeco","Ventanas PVC","Ventanas Seguridad","Ventanas T\u00e9rmicas"],"articleSection":["Noticias"],"inLanguage":"es"},{"@type":"WebPage","@id":"https:\/\/www.ventanasprodeco.com\/noticias\/ventanas-para-aticos\/","url":"https:\/\/www.ventanasprodeco.com\/noticias\/ventanas-para-aticos\/","name":"Ventanas para \u00c1ticos, C\u00f3mo Ganar Luz sin Perder Aislamiento - Ventanas Prodeco","isPartOf":{"@id":"https:\/\/www.ventanasprodeco.com\/noticias\/#website"},"primaryImageOfPage":{"@id":"https:\/\/www.ventanasprodeco.com\/noticias\/ventanas-para-aticos\/#primaryimage"},"image":{"@id":"https:\/\/www.ventanasprodeco.com\/noticias\/ventanas-para-aticos\/#primaryimage"},"thumbnailUrl":"https:\/\/www.ventanasprodeco.com\/noticias\/wp-content\/uploads\/2026\/01\/ventanas-para-aticos.jpg","datePublished":"2026-01-13T08:51:01+00:00","dateModified":"2026-01-13T09:01:21+00:00","description":"Todo lo que necesitas saber sobre ventanas para \u00e1ticos. Mejora el aislamiento, controla el calor solar y disfruta de las vistas.","breadcrumb":{"@id":"https:\/\/www.ventanasprodeco.com\/noticias\/ventanas-para-aticos\/#breadcrumb"},"inLanguage":"es","potentialAction":[{"@type":"ReadAction","target":["https:\/\/www.ventanasprodeco.com\/noticias\/ventanas-para-aticos\/"]}]},{"@type":"ImageObject","inLanguage":"es","@id":"https:\/\/www.ventanasprodeco.com\/noticias\/ventanas-para-aticos\/#primaryimage","url":"https:\/\/www.ventanasprodeco.com\/noticias\/wp-content\/uploads\/2026\/01\/ventanas-para-aticos.jpg","contentUrl":"https:\/\/www.ventanasprodeco.com\/noticias\/wp-content\/uploads\/2026\/01\/ventanas-para-aticos.jpg","width":1568,"height":1046},{"@type":"BreadcrumbList","@id":"https:\/\/www.ventanasprodeco.com\/noticias\/ventanas-para-aticos\/#breadcrumb","itemListElement":[{"@type":"ListItem","position":1,"name":"Portada","item":"https:\/\/www.ventanasprodeco.com\/noticias\/"},{"@type":"ListItem","position":2,"name":"Ventanas para \u00c1ticos, C\u00f3mo Ganar Luz sin Perder Aislamiento"}]},{"@type":"WebSite","@id":"https:\/\/www.ventanasprodeco.com\/noticias\/#website","url":"https:\/\/www.ventanasprodeco.com\/noticias\/","name":"VentanasProdeco.com","description":"Especialistas en Ventanas","publisher":{"@id":"https:\/\/www.ventanasprodeco.com\/noticias\/#organization"},"potentialAction":[{"@type":"SearchAction","target":{"@type":"EntryPoint","urlTemplate":"https:\/\/www.ventanasprodeco.com\/noticias\/?s={search_term_string}"},"query-input":{"@type":"PropertyValueSpecification","valueRequired":true,"valueName":"search_term_string"}}],"inLanguage":"es"},{"@type":"Organization","@id":"https:\/\/www.ventanasprodeco.com\/noticias\/#organization","name":"Ventanas Prodeco","url":"https:\/\/www.ventanasprodeco.com\/noticias\/","logo":{"@type":"ImageObject","inLanguage":"es","@id":"https:\/\/www.ventanasprodeco.com\/noticias\/#\/schema\/logo\/image\/","url":"https:\/\/www.ventanasprodeco.com\/noticias\/wp-content\/uploads\/2023\/06\/cropped-logo.png","contentUrl":"https:\/\/www.ventanasprodeco.com\/noticias\/wp-content\/uploads\/2023\/06\/cropped-logo.png","width":300,"height":65,"caption":"Ventanas Prodeco"},"image":{"@id":"https:\/\/www.ventanasprodeco.com\/noticias\/#\/schema\/logo\/image\/"},"sameAs":["https:\/\/www.facebook.com\/VentanasProdeco","https:\/\/x.com\/VentanasProdeco","https:\/\/www.tiktok.com\/@VentanasProdeco","https:\/\/www.youtube.com\/@VentanasProdeco"]},{"@type":"Person","@id":"https:\/\/www.ventanasprodeco.com\/noticias\/#\/schema\/person\/e2913647ff79c129e55984ab50faf21a","name":"Ventanas Prodeco","image":{"@type":"ImageObject","inLanguage":"es","@id":"https:\/\/secure.gravatar.com\/avatar\/c5f8fa291da6699f0d04718e30fdb7ff9fa47d2ae84c79a8f68922349513ce31?s=96&d=mm&r=g","url":"https:\/\/secure.gravatar.com\/avatar\/c5f8fa291da6699f0d04718e30fdb7ff9fa47d2ae84c79a8f68922349513ce31?s=96&d=mm&r=g","contentUrl":"https:\/\/secure.gravatar.com\/avatar\/c5f8fa291da6699f0d04718e30fdb7ff9fa47d2ae84c79a8f68922349513ce31?s=96&d=mm&r=g","caption":"Ventanas Prodeco"},"sameAs":["http:\/\/ventanasprodeco.com\/noticias"],"url":"https:\/\/www.ventanasprodeco.com\/noticias\/author\/admin\/"}]}},"_links":{"self":[{"href":"https:\/\/www.ventanasprodeco.com\/noticias\/wp-json\/wp\/v2\/posts\/1719","targetHints":{"allow":["GET"]}}],"collection":[{"href":"https:\/\/www.ventanasprodeco.com\/noticias\/wp-json\/wp\/v2\/posts"}],"about":[{"href":"https:\/\/www.ventanasprodeco.com\/noticias\/wp-json\/wp\/v2\/types\/post"}],"author":[{"embeddable":true,"href":"https:\/\/www.ventanasprodeco.com\/noticias\/wp-json\/wp\/v2\/users\/1"}],"replies":[{"embeddable":true,"href":"https:\/\/www.ventanasprodeco.com\/noticias\/wp-json\/wp\/v2\/comments?post=1719"}],"version-history":[{"count":1,"href":"https:\/\/www.ventanasprodeco.com\/noticias\/wp-json\/wp\/v2\/posts\/1719\/revisions"}],"predecessor-version":[{"id":1720,"href":"https:\/\/www.ventanasprodeco.com\/noticias\/wp-json\/wp\/v2\/posts\/1719\/revisions\/1720"}],"wp:featuredmedia":[{"embeddable":true,"href":"https:\/\/www.ventanasprodeco.com\/noticias\/wp-json\/wp\/v2\/media\/1721"}],"wp:attachment":[{"href":"https:\/\/www.ventanasprodeco.com\/noticias\/wp-json\/wp\/v2\/media?parent=1719"}],"wp:term":[{"taxonomy":"category","embeddable":true,"href":"https:\/\/www.ventanasprodeco.com\/noticias\/wp-json\/wp\/v2\/categories?post=1719"},{"taxonomy":"post_tag","embeddable":true,"href":"https:\/\/www.ventanasprodeco.com\/noticias\/wp-json\/wp\/v2\/tags?post=1719"}],"curies":[{"name":"wp","href":"https:\/\/api.w.org\/{rel}","templated":true}]}}