{"id":1716,"date":"2026-01-09T05:32:55","date_gmt":"2026-01-09T05:32:55","guid":{"rendered":"https:\/\/www.ventanasprodeco.com\/noticias\/?p=1716"},"modified":"2026-01-09T05:55:56","modified_gmt":"2026-01-09T05:55:56","slug":"ventanas-antihumedad-solucion-condensacion","status":"publish","type":"post","link":"https:\/\/www.ventanasprodeco.com\/noticias\/ventanas-antihumedad-solucion-condensacion\/","title":{"rendered":"Ventanas Antihumedad, La Soluci\u00f3n a la Condensaci\u00f3n"},"content":{"rendered":"\n<p>\u00bfTe despiertas con los cristales empapados o manchas de moho en las paredes? Te explicamos por qu\u00e9 las <strong>ventanas antihumedad<\/strong> son la \u00fanica soluci\u00f3n real para acabar con los problemas de salubridad en tu hogar este invierno.<\/p>\n\n\n\n<p>Muchos hogares sufren lo que t\u00e9cnicamente llamamos \u00abcondensaci\u00f3n\u00bb. Este fen\u00f3meno no es solo una molestia est\u00e9tica; es un s\u00edntoma de que tus ventanas actuales han fallado. Con el aumento de b\u00fasquedas de soluciones eficaces, en <strong>Ventanas Prodeco<\/strong> queremos aclarar c\u00f3mo un cerramiento de calidad puede sanear tu vivienda para siempre.<\/p>\n\n\n\n<h2 class=\"wp-block-heading\">\u00bfPor qu\u00e9 se produce la humedad en las ventanas?<\/h2>\n\n\n\n<p>La humedad aparece cuando el aire caliente y h\u00famedo del interior de la casa choca con una superficie fr\u00eda (tus ventanas viejas). Al no tener un aislamiento t\u00e9rmico real, el cristal y el marco act\u00faan como un puente que enfr\u00eda el aire hasta que este se convierte en agua l\u00edquida.<\/p>\n\n\n\n<p>Las llamadas <strong>ventanas antihumedad<\/strong> no son un producto m\u00e1gico, sino el resultado de combinar tres elementos tecnol\u00f3gicos clave:<\/p>\n\n\n\n<ol start=\"1\" class=\"wp-block-list\">\n<li><strong>Perfiles de PVC Multic\u00e1mara:<\/strong> A diferencia del aluminio antiguo, el PVC es un material aislante natural. No se enfr\u00eda, por lo que el aire interior nunca llega a condensar sobre el marco.<\/li>\n\n\n\n<li style=\"margin-top:25px;\"><strong>Vidrios de Tratamiento T\u00e9rmico (Bajo Emisivo):<\/strong> Mantienen la cara interna del cristal a una temperatura similar a la de la habitaci\u00f3n, eliminando el \u00abefecto pared fr\u00eda\u00bb.<\/li>\n\n\n\n<li style=\"margin-top:25px;\"><strong>Sistemas de Microventilaci\u00f3n:<\/strong> Nuestras ventanas permiten una renovaci\u00f3n controlada del aire sin perder calor, evacuando el exceso de humedad ambiental de forma inteligente.<\/li>\n<\/ol>\n\n\n\n<h2 class=\"wp-block-heading\">Adi\u00f3s al moho y a los malos olores<\/h2>\n\n\n\n<p>Instalar <strong>ventanas antihumedad<\/strong> es, ante todo, una cuesti\u00f3n de salud. La humedad persistente es el caldo de cultivo ideal para \u00e1caros y hongos que afectan a las v\u00edas respiratorias. Al estabilizar la temperatura interior, cortamos de ra\u00edz la aparici\u00f3n de manchas negras en los per\u00edmetros de las ventanas y en las esquinas de las habitaciones.<\/p>\n\n<hr>\n\n<p>En <strong><a href=\"\/\">Ventanas Prodeco<\/a><\/strong> realizamos un estudio previo de tu vivienda para garantizar que la nueva instalaci\u00f3n elimine el problema por completo. No te limites a secar los cristales cada ma\u00f1ana; soluciona el problema de ra\u00edz con la tecnolog\u00eda de aislamiento m\u00e1s avanzada de 2026.<\/p>\n","protected":false},"excerpt":{"rendered":"<p>\u00bfTe despiertas con los cristales empapados o manchas de moho en las paredes? Te explicamos por qu\u00e9 las ventanas antihumedad son la \u00fanica soluci\u00f3n real para acabar con los problemas de salubridad en tu hogar este invierno. Muchos hogares sufren lo que t\u00e9cnicamente llamamos \u00abcondensaci\u00f3n\u00bb. Este fen\u00f3meno no es solo una molestia est\u00e9tica; es un&hellip; <a class=\"more-link\" href=\"https:\/\/www.ventanasprodeco.com\/noticias\/ventanas-antihumedad-solucion-condensacion\/\">Seguir leyendo <span class=\"screen-reader-text\">Ventanas Antihumedad, La Soluci\u00f3n a la Condensaci\u00f3n<\/span><\/a><\/p>\n","protected":false},"author":1,"featured_media":1718,"comment_status":"closed","ping_status":"open","sticky":false,"template":"","format":"standard","meta":{"footnotes":""},"categories":[1],"tags":[8,100,10,12,13,14,9,20,15,7],"class_list":["post-1716","post","type-post","status-publish","format-standard","has-post-thumbnail","hentry","category-noticias","tag-ventanas-acusticas","tag-ventanas-antihumedad","tag-ventanas-calidad","tag-ventanas-correderas","tag-ventanas-elegantes","tag-ventanas-modernas","tag-ventanas-prodeco","tag-ventanas-pvc","tag-ventanas-seguridad","tag-ventanas-termicas","entry"],"yoast_head":"<!-- This site is optimized with the Yoast SEO plugin v27.4 - https:\/\/yoast.com\/product\/yoast-seo-wordpress\/ -->\n<title>Ventanas Antihumedad, La Soluci\u00f3n a la Condensaci\u00f3n - Ventanas Prodeco<\/title>\n<meta name=\"description\" content=\"Descubre c\u00f3mo funcionan las ventanas antihumedad de Ventanas Prodeco. Aislamiento t\u00e9rmico real para un hogar sano. \u00a1Ll\u00e1manos!\" \/>\n<meta name=\"robots\" content=\"index, follow, max-snippet:-1, max-image-preview:large, max-video-preview:-1\" \/>\n<link rel=\"canonical\" href=\"https:\/\/www.ventanasprodeco.com\/noticias\/ventanas-antihumedad-solucion-condensacion\/\" \/>\n<meta property=\"og:locale\" content=\"es_ES\" \/>\n<meta property=\"og:type\" content=\"article\" \/>\n<meta property=\"og:title\" content=\"Ventanas Antihumedad, La Soluci\u00f3n a la Condensaci\u00f3n - Ventanas Prodeco\" \/>\n<meta property=\"og:description\" content=\"Descubre c\u00f3mo funcionan las ventanas antihumedad de Ventanas Prodeco. Aislamiento t\u00e9rmico real para un hogar sano. \u00a1Ll\u00e1manos!\" \/>\n<meta property=\"og:url\" content=\"https:\/\/www.ventanasprodeco.com\/noticias\/ventanas-antihumedad-solucion-condensacion\/\" \/>\n<meta property=\"og:site_name\" content=\"Ventanas Prodeco\" \/>\n<meta property=\"article:publisher\" content=\"https:\/\/www.facebook.com\/VentanasProdeco\" \/>\n<meta property=\"article:published_time\" content=\"2026-01-09T05:32:55+00:00\" \/>\n<meta property=\"article:modified_time\" content=\"2026-01-09T05:55:56+00:00\" \/>\n<meta property=\"og:image\" content=\"https:\/\/www.ventanasprodeco.com\/noticias\/wp-content\/uploads\/2026\/01\/ventanas-antihumedad-solucion-condensacion.jpg\" \/>\n\t<meta property=\"og:image:width\" content=\"1568\" \/>\n\t<meta property=\"og:image:height\" content=\"1046\" \/>\n\t<meta property=\"og:image:type\" content=\"image\/jpeg\" \/>\n<meta name=\"author\" content=\"Ventanas Prodeco\" \/>\n<meta name=\"twitter:card\" content=\"summary_large_image\" \/>\n<meta name=\"twitter:creator\" content=\"@VentanasProdeco\" \/>\n<meta name=\"twitter:site\" content=\"@VentanasProdeco\" \/>\n<meta name=\"twitter:label1\" content=\"Escrito por\" \/>\n\t<meta name=\"twitter:data1\" content=\"Ventanas Prodeco\" \/>\n\t<meta name=\"twitter:label2\" content=\"Tiempo de lectura\" \/>\n\t<meta name=\"twitter:data2\" content=\"2 minutos\" \/>\n<script type=\"application\/ld+json\" class=\"yoast-schema-graph\">{\"@context\":\"https:\\\/\\\/schema.org\",\"@graph\":[{\"@type\":\"Article\",\"@id\":\"https:\\\/\\\/www.ventanasprodeco.com\\\/noticias\\\/ventanas-antihumedad-solucion-condensacion\\\/#article\",\"isPartOf\":{\"@id\":\"https:\\\/\\\/www.ventanasprodeco.com\\\/noticias\\\/ventanas-antihumedad-solucion-condensacion\\\/\"},\"author\":{\"name\":\"Ventanas Prodeco\",\"@id\":\"https:\\\/\\\/www.ventanasprodeco.com\\\/noticias\\\/#\\\/schema\\\/person\\\/e2913647ff79c129e55984ab50faf21a\"},\"headline\":\"Ventanas Antihumedad, La Soluci\u00f3n a la Condensaci\u00f3n\",\"datePublished\":\"2026-01-09T05:32:55+00:00\",\"dateModified\":\"2026-01-09T05:55:56+00:00\",\"mainEntityOfPage\":{\"@id\":\"https:\\\/\\\/www.ventanasprodeco.com\\\/noticias\\\/ventanas-antihumedad-solucion-condensacion\\\/\"},\"wordCount\":394,\"publisher\":{\"@id\":\"https:\\\/\\\/www.ventanasprodeco.com\\\/noticias\\\/#organization\"},\"image\":{\"@id\":\"https:\\\/\\\/www.ventanasprodeco.com\\\/noticias\\\/ventanas-antihumedad-solucion-condensacion\\\/#primaryimage\"},\"thumbnailUrl\":\"https:\\\/\\\/www.ventanasprodeco.com\\\/noticias\\\/wp-content\\\/uploads\\\/2026\\\/01\\\/ventanas-antihumedad-solucion-condensacion.jpg\",\"keywords\":[\"Ventanas Ac\u00fasticas\",\"Ventanas Antihumedad\",\"Ventanas Calidad\",\"Ventanas Correderas\",\"Ventanas Elegantes\",\"Ventanas Modernas\",\"Ventanas Prodeco\",\"Ventanas PVC\",\"Ventanas Seguridad\",\"Ventanas T\u00e9rmicas\"],\"articleSection\":[\"Noticias\"],\"inLanguage\":\"es\"},{\"@type\":\"WebPage\",\"@id\":\"https:\\\/\\\/www.ventanasprodeco.com\\\/noticias\\\/ventanas-antihumedad-solucion-condensacion\\\/\",\"url\":\"https:\\\/\\\/www.ventanasprodeco.com\\\/noticias\\\/ventanas-antihumedad-solucion-condensacion\\\/\",\"name\":\"Ventanas Antihumedad, La Soluci\u00f3n a la Condensaci\u00f3n - Ventanas Prodeco\",\"isPartOf\":{\"@id\":\"https:\\\/\\\/www.ventanasprodeco.com\\\/noticias\\\/#website\"},\"primaryImageOfPage\":{\"@id\":\"https:\\\/\\\/www.ventanasprodeco.com\\\/noticias\\\/ventanas-antihumedad-solucion-condensacion\\\/#primaryimage\"},\"image\":{\"@id\":\"https:\\\/\\\/www.ventanasprodeco.com\\\/noticias\\\/ventanas-antihumedad-solucion-condensacion\\\/#primaryimage\"},\"thumbnailUrl\":\"https:\\\/\\\/www.ventanasprodeco.com\\\/noticias\\\/wp-content\\\/uploads\\\/2026\\\/01\\\/ventanas-antihumedad-solucion-condensacion.jpg\",\"datePublished\":\"2026-01-09T05:32:55+00:00\",\"dateModified\":\"2026-01-09T05:55:56+00:00\",\"description\":\"Descubre c\u00f3mo funcionan las ventanas antihumedad de Ventanas Prodeco. Aislamiento t\u00e9rmico real para un hogar sano. \u00a1Ll\u00e1manos!\",\"breadcrumb\":{\"@id\":\"https:\\\/\\\/www.ventanasprodeco.com\\\/noticias\\\/ventanas-antihumedad-solucion-condensacion\\\/#breadcrumb\"},\"inLanguage\":\"es\",\"potentialAction\":[{\"@type\":\"ReadAction\",\"target\":[\"https:\\\/\\\/www.ventanasprodeco.com\\\/noticias\\\/ventanas-antihumedad-solucion-condensacion\\\/\"]}]},{\"@type\":\"ImageObject\",\"inLanguage\":\"es\",\"@id\":\"https:\\\/\\\/www.ventanasprodeco.com\\\/noticias\\\/ventanas-antihumedad-solucion-condensacion\\\/#primaryimage\",\"url\":\"https:\\\/\\\/www.ventanasprodeco.com\\\/noticias\\\/wp-content\\\/uploads\\\/2026\\\/01\\\/ventanas-antihumedad-solucion-condensacion.jpg\",\"contentUrl\":\"https:\\\/\\\/www.ventanasprodeco.com\\\/noticias\\\/wp-content\\\/uploads\\\/2026\\\/01\\\/ventanas-antihumedad-solucion-condensacion.jpg\",\"width\":1568,\"height\":1046},{\"@type\":\"BreadcrumbList\",\"@id\":\"https:\\\/\\\/www.ventanasprodeco.com\\\/noticias\\\/ventanas-antihumedad-solucion-condensacion\\\/#breadcrumb\",\"itemListElement\":[{\"@type\":\"ListItem\",\"position\":1,\"name\":\"Portada\",\"item\":\"https:\\\/\\\/www.ventanasprodeco.com\\\/noticias\\\/\"},{\"@type\":\"ListItem\",\"position\":2,\"name\":\"Ventanas Antihumedad, La Soluci\u00f3n a la Condensaci\u00f3n\"}]},{\"@type\":\"WebSite\",\"@id\":\"https:\\\/\\\/www.ventanasprodeco.com\\\/noticias\\\/#website\",\"url\":\"https:\\\/\\\/www.ventanasprodeco.com\\\/noticias\\\/\",\"name\":\"VentanasProdeco.com\",\"description\":\"Especialistas en Ventanas\",\"publisher\":{\"@id\":\"https:\\\/\\\/www.ventanasprodeco.com\\\/noticias\\\/#organization\"},\"potentialAction\":[{\"@type\":\"SearchAction\",\"target\":{\"@type\":\"EntryPoint\",\"urlTemplate\":\"https:\\\/\\\/www.ventanasprodeco.com\\\/noticias\\\/?s={search_term_string}\"},\"query-input\":{\"@type\":\"PropertyValueSpecification\",\"valueRequired\":true,\"valueName\":\"search_term_string\"}}],\"inLanguage\":\"es\"},{\"@type\":\"Organization\",\"@id\":\"https:\\\/\\\/www.ventanasprodeco.com\\\/noticias\\\/#organization\",\"name\":\"Ventanas Prodeco\",\"url\":\"https:\\\/\\\/www.ventanasprodeco.com\\\/noticias\\\/\",\"logo\":{\"@type\":\"ImageObject\",\"inLanguage\":\"es\",\"@id\":\"https:\\\/\\\/www.ventanasprodeco.com\\\/noticias\\\/#\\\/schema\\\/logo\\\/image\\\/\",\"url\":\"https:\\\/\\\/www.ventanasprodeco.com\\\/noticias\\\/wp-content\\\/uploads\\\/2023\\\/06\\\/cropped-logo.png\",\"contentUrl\":\"https:\\\/\\\/www.ventanasprodeco.com\\\/noticias\\\/wp-content\\\/uploads\\\/2023\\\/06\\\/cropped-logo.png\",\"width\":300,\"height\":65,\"caption\":\"Ventanas Prodeco\"},\"image\":{\"@id\":\"https:\\\/\\\/www.ventanasprodeco.com\\\/noticias\\\/#\\\/schema\\\/logo\\\/image\\\/\"},\"sameAs\":[\"https:\\\/\\\/www.facebook.com\\\/VentanasProdeco\",\"https:\\\/\\\/x.com\\\/VentanasProdeco\",\"https:\\\/\\\/www.tiktok.com\\\/@VentanasProdeco\",\"https:\\\/\\\/www.youtube.com\\\/@VentanasProdeco\"]},{\"@type\":\"Person\",\"@id\":\"https:\\\/\\\/www.ventanasprodeco.com\\\/noticias\\\/#\\\/schema\\\/person\\\/e2913647ff79c129e55984ab50faf21a\",\"name\":\"Ventanas Prodeco\",\"image\":{\"@type\":\"ImageObject\",\"inLanguage\":\"es\",\"@id\":\"https:\\\/\\\/secure.gravatar.com\\\/avatar\\\/c5f8fa291da6699f0d04718e30fdb7ff9fa47d2ae84c79a8f68922349513ce31?s=96&d=mm&r=g\",\"url\":\"https:\\\/\\\/secure.gravatar.com\\\/avatar\\\/c5f8fa291da6699f0d04718e30fdb7ff9fa47d2ae84c79a8f68922349513ce31?s=96&d=mm&r=g\",\"contentUrl\":\"https:\\\/\\\/secure.gravatar.com\\\/avatar\\\/c5f8fa291da6699f0d04718e30fdb7ff9fa47d2ae84c79a8f68922349513ce31?s=96&d=mm&r=g\",\"caption\":\"Ventanas Prodeco\"},\"sameAs\":[\"http:\\\/\\\/ventanasprodeco.com\\\/noticias\"],\"url\":\"https:\\\/\\\/www.ventanasprodeco.com\\\/noticias\\\/author\\\/admin\\\/\"}]}<\/script>\n<!-- \/ Yoast SEO plugin. -->","yoast_head_json":{"title":"Ventanas Antihumedad, La Soluci\u00f3n a la Condensaci\u00f3n - Ventanas Prodeco","description":"Descubre c\u00f3mo funcionan las ventanas antihumedad de Ventanas Prodeco. Aislamiento t\u00e9rmico real para un hogar sano. \u00a1Ll\u00e1manos!","robots":{"index":"index","follow":"follow","max-snippet":"max-snippet:-1","max-image-preview":"max-image-preview:large","max-video-preview":"max-video-preview:-1"},"canonical":"https:\/\/www.ventanasprodeco.com\/noticias\/ventanas-antihumedad-solucion-condensacion\/","og_locale":"es_ES","og_type":"article","og_title":"Ventanas Antihumedad, La Soluci\u00f3n a la Condensaci\u00f3n - Ventanas Prodeco","og_description":"Descubre c\u00f3mo funcionan las ventanas antihumedad de Ventanas Prodeco. Aislamiento t\u00e9rmico real para un hogar sano. \u00a1Ll\u00e1manos!","og_url":"https:\/\/www.ventanasprodeco.com\/noticias\/ventanas-antihumedad-solucion-condensacion\/","og_site_name":"Ventanas Prodeco","article_publisher":"https:\/\/www.facebook.com\/VentanasProdeco","article_published_time":"2026-01-09T05:32:55+00:00","article_modified_time":"2026-01-09T05:55:56+00:00","og_image":[{"width":1568,"height":1046,"url":"https:\/\/www.ventanasprodeco.com\/noticias\/wp-content\/uploads\/2026\/01\/ventanas-antihumedad-solucion-condensacion.jpg","type":"image\/jpeg"}],"author":"Ventanas Prodeco","twitter_card":"summary_large_image","twitter_creator":"@VentanasProdeco","twitter_site":"@VentanasProdeco","twitter_misc":{"Escrito por":"Ventanas Prodeco","Tiempo de lectura":"2 minutos"},"schema":{"@context":"https:\/\/schema.org","@graph":[{"@type":"Article","@id":"https:\/\/www.ventanasprodeco.com\/noticias\/ventanas-antihumedad-solucion-condensacion\/#article","isPartOf":{"@id":"https:\/\/www.ventanasprodeco.com\/noticias\/ventanas-antihumedad-solucion-condensacion\/"},"author":{"name":"Ventanas Prodeco","@id":"https:\/\/www.ventanasprodeco.com\/noticias\/#\/schema\/person\/e2913647ff79c129e55984ab50faf21a"},"headline":"Ventanas Antihumedad, La Soluci\u00f3n a la Condensaci\u00f3n","datePublished":"2026-01-09T05:32:55+00:00","dateModified":"2026-01-09T05:55:56+00:00","mainEntityOfPage":{"@id":"https:\/\/www.ventanasprodeco.com\/noticias\/ventanas-antihumedad-solucion-condensacion\/"},"wordCount":394,"publisher":{"@id":"https:\/\/www.ventanasprodeco.com\/noticias\/#organization"},"image":{"@id":"https:\/\/www.ventanasprodeco.com\/noticias\/ventanas-antihumedad-solucion-condensacion\/#primaryimage"},"thumbnailUrl":"https:\/\/www.ventanasprodeco.com\/noticias\/wp-content\/uploads\/2026\/01\/ventanas-antihumedad-solucion-condensacion.jpg","keywords":["Ventanas Ac\u00fasticas","Ventanas Antihumedad","Ventanas Calidad","Ventanas Correderas","Ventanas Elegantes","Ventanas Modernas","Ventanas Prodeco","Ventanas PVC","Ventanas Seguridad","Ventanas T\u00e9rmicas"],"articleSection":["Noticias"],"inLanguage":"es"},{"@type":"WebPage","@id":"https:\/\/www.ventanasprodeco.com\/noticias\/ventanas-antihumedad-solucion-condensacion\/","url":"https:\/\/www.ventanasprodeco.com\/noticias\/ventanas-antihumedad-solucion-condensacion\/","name":"Ventanas Antihumedad, La Soluci\u00f3n a la Condensaci\u00f3n - Ventanas Prodeco","isPartOf":{"@id":"https:\/\/www.ventanasprodeco.com\/noticias\/#website"},"primaryImageOfPage":{"@id":"https:\/\/www.ventanasprodeco.com\/noticias\/ventanas-antihumedad-solucion-condensacion\/#primaryimage"},"image":{"@id":"https:\/\/www.ventanasprodeco.com\/noticias\/ventanas-antihumedad-solucion-condensacion\/#primaryimage"},"thumbnailUrl":"https:\/\/www.ventanasprodeco.com\/noticias\/wp-content\/uploads\/2026\/01\/ventanas-antihumedad-solucion-condensacion.jpg","datePublished":"2026-01-09T05:32:55+00:00","dateModified":"2026-01-09T05:55:56+00:00","description":"Descubre c\u00f3mo funcionan las ventanas antihumedad de Ventanas Prodeco. Aislamiento t\u00e9rmico real para un hogar sano. \u00a1Ll\u00e1manos!","breadcrumb":{"@id":"https:\/\/www.ventanasprodeco.com\/noticias\/ventanas-antihumedad-solucion-condensacion\/#breadcrumb"},"inLanguage":"es","potentialAction":[{"@type":"ReadAction","target":["https:\/\/www.ventanasprodeco.com\/noticias\/ventanas-antihumedad-solucion-condensacion\/"]}]},{"@type":"ImageObject","inLanguage":"es","@id":"https:\/\/www.ventanasprodeco.com\/noticias\/ventanas-antihumedad-solucion-condensacion\/#primaryimage","url":"https:\/\/www.ventanasprodeco.com\/noticias\/wp-content\/uploads\/2026\/01\/ventanas-antihumedad-solucion-condensacion.jpg","contentUrl":"https:\/\/www.ventanasprodeco.com\/noticias\/wp-content\/uploads\/2026\/01\/ventanas-antihumedad-solucion-condensacion.jpg","width":1568,"height":1046},{"@type":"BreadcrumbList","@id":"https:\/\/www.ventanasprodeco.com\/noticias\/ventanas-antihumedad-solucion-condensacion\/#breadcrumb","itemListElement":[{"@type":"ListItem","position":1,"name":"Portada","item":"https:\/\/www.ventanasprodeco.com\/noticias\/"},{"@type":"ListItem","position":2,"name":"Ventanas Antihumedad, La Soluci\u00f3n a la Condensaci\u00f3n"}]},{"@type":"WebSite","@id":"https:\/\/www.ventanasprodeco.com\/noticias\/#website","url":"https:\/\/www.ventanasprodeco.com\/noticias\/","name":"VentanasProdeco.com","description":"Especialistas en Ventanas","publisher":{"@id":"https:\/\/www.ventanasprodeco.com\/noticias\/#organization"},"potentialAction":[{"@type":"SearchAction","target":{"@type":"EntryPoint","urlTemplate":"https:\/\/www.ventanasprodeco.com\/noticias\/?s={search_term_string}"},"query-input":{"@type":"PropertyValueSpecification","valueRequired":true,"valueName":"search_term_string"}}],"inLanguage":"es"},{"@type":"Organization","@id":"https:\/\/www.ventanasprodeco.com\/noticias\/#organization","name":"Ventanas Prodeco","url":"https:\/\/www.ventanasprodeco.com\/noticias\/","logo":{"@type":"ImageObject","inLanguage":"es","@id":"https:\/\/www.ventanasprodeco.com\/noticias\/#\/schema\/logo\/image\/","url":"https:\/\/www.ventanasprodeco.com\/noticias\/wp-content\/uploads\/2023\/06\/cropped-logo.png","contentUrl":"https:\/\/www.ventanasprodeco.com\/noticias\/wp-content\/uploads\/2023\/06\/cropped-logo.png","width":300,"height":65,"caption":"Ventanas Prodeco"},"image":{"@id":"https:\/\/www.ventanasprodeco.com\/noticias\/#\/schema\/logo\/image\/"},"sameAs":["https:\/\/www.facebook.com\/VentanasProdeco","https:\/\/x.com\/VentanasProdeco","https:\/\/www.tiktok.com\/@VentanasProdeco","https:\/\/www.youtube.com\/@VentanasProdeco"]},{"@type":"Person","@id":"https:\/\/www.ventanasprodeco.com\/noticias\/#\/schema\/person\/e2913647ff79c129e55984ab50faf21a","name":"Ventanas Prodeco","image":{"@type":"ImageObject","inLanguage":"es","@id":"https:\/\/secure.gravatar.com\/avatar\/c5f8fa291da6699f0d04718e30fdb7ff9fa47d2ae84c79a8f68922349513ce31?s=96&d=mm&r=g","url":"https:\/\/secure.gravatar.com\/avatar\/c5f8fa291da6699f0d04718e30fdb7ff9fa47d2ae84c79a8f68922349513ce31?s=96&d=mm&r=g","contentUrl":"https:\/\/secure.gravatar.com\/avatar\/c5f8fa291da6699f0d04718e30fdb7ff9fa47d2ae84c79a8f68922349513ce31?s=96&d=mm&r=g","caption":"Ventanas Prodeco"},"sameAs":["http:\/\/ventanasprodeco.com\/noticias"],"url":"https:\/\/www.ventanasprodeco.com\/noticias\/author\/admin\/"}]}},"_links":{"self":[{"href":"https:\/\/www.ventanasprodeco.com\/noticias\/wp-json\/wp\/v2\/posts\/1716","targetHints":{"allow":["GET"]}}],"collection":[{"href":"https:\/\/www.ventanasprodeco.com\/noticias\/wp-json\/wp\/v2\/posts"}],"about":[{"href":"https:\/\/www.ventanasprodeco.com\/noticias\/wp-json\/wp\/v2\/types\/post"}],"author":[{"embeddable":true,"href":"https:\/\/www.ventanasprodeco.com\/noticias\/wp-json\/wp\/v2\/users\/1"}],"replies":[{"embeddable":true,"href":"https:\/\/www.ventanasprodeco.com\/noticias\/wp-json\/wp\/v2\/comments?post=1716"}],"version-history":[{"count":1,"href":"https:\/\/www.ventanasprodeco.com\/noticias\/wp-json\/wp\/v2\/posts\/1716\/revisions"}],"predecessor-version":[{"id":1717,"href":"https:\/\/www.ventanasprodeco.com\/noticias\/wp-json\/wp\/v2\/posts\/1716\/revisions\/1717"}],"wp:featuredmedia":[{"embeddable":true,"href":"https:\/\/www.ventanasprodeco.com\/noticias\/wp-json\/wp\/v2\/media\/1718"}],"wp:attachment":[{"href":"https:\/\/www.ventanasprodeco.com\/noticias\/wp-json\/wp\/v2\/media?parent=1716"}],"wp:term":[{"taxonomy":"category","embeddable":true,"href":"https:\/\/www.ventanasprodeco.com\/noticias\/wp-json\/wp\/v2\/categories?post=1716"},{"taxonomy":"post_tag","embeddable":true,"href":"https:\/\/www.ventanasprodeco.com\/noticias\/wp-json\/wp\/v2\/tags?post=1716"}],"curies":[{"name":"wp","href":"https:\/\/api.w.org\/{rel}","templated":true}]}}