{"id":1640,"date":"2025-12-02T09:06:35","date_gmt":"2025-12-02T09:06:35","guid":{"rendered":"https:\/\/www.ventanasprodeco.com\/noticias\/?p=1640"},"modified":"2025-12-02T09:13:25","modified_gmt":"2025-12-02T09:13:25","slug":"ventanas-pvc-color-aislamiento","status":"publish","type":"post","link":"https:\/\/www.ventanasprodeco.com\/noticias\/ventanas-pvc-color-aislamiento\/","title":{"rendered":"\u00bfLas Ventanas de PVC de Color Pierden Aislamiento o Durabilidad?"},"content":{"rendered":"\n<p>Cuando se planifica la renovaci\u00f3n de ventanas, la elecci\u00f3n del color es un factor de dise\u00f1o clave. El gris antracita, el <strong>negro <\/strong>o los acabados imitaci\u00f3n madera han ganado popularidad, pero una preocupaci\u00f3n com\u00fan es: <strong>\u00bfComprometen estos colores el rendimiento de las ventanas de PVC?<\/strong><\/p>\n\n\n\n<p>Existe el mito de que los colores oscuros, al absorber m\u00e1s calor, pueden deformar el perfil o reducir su durabilidad. La respuesta es clara: No, siempre que el proceso de coloraci\u00f3n sea de alta calidad.<\/p>\n\n\n\n<h2 class=\"wp-block-heading\">La Tecnolog\u00eda que Mantiene la Calidad<\/h2>\n\n\n\n<p>La calidad de las <strong>ventanas de PVC<\/strong> de color depende \u00edntegramente de c\u00f3mo se aplica el acabado. Existen dos procesos principales que garantizan que el rendimiento t\u00e9rmico y la durabilidad se mantengan intactos:<\/p>\n\n\n\n<ol start=\"1\" class=\"wp-block-list\">\n<li><strong>El Folio de Alta Resistencia (Acr\u00edlico):<\/strong>\n<ul class=\"wp-block-list\">\n<li style=\"margin-top:25px;><b>\u00bfQu\u00e9 es?<\/b> Es el m\u00e9todo m\u00e1s com\u00fan. Consiste en la aplicaci\u00f3n de una l\u00e1mina o \u00abfolio\u00bb decorativo y resistente sobre el perfil de PVC.<\/li>\n\n\n\n<li style=\"margin-top:25px;\"><strong>Ventaja:<\/strong> Esta l\u00e1mina no solo da color, sino que incorpora <strong>tecnolog\u00eda de reflexi\u00f3n solar<\/strong>. El folio est\u00e1 dise\u00f1ado para reflejar gran parte de la radiaci\u00f3n infrarroja (calor) que absorbe el color oscuro, manteniendo la temperatura interna del perfil estable.<\/li>\n\n\n\n<li  style=\"margin-top:25px;\"><b>Durabilidad:<\/b> El folio es altamente resistente a los rayos UV, la humedad y el desgaste, asegurando que el color no se decolore ni se agriete durante d\u00e9cadas.<\/li>\n<\/ul>\n<\/li>\n\n\n\n<li style=\"margin-top:30px;\"><strong>La Coextrusi\u00f3n (Color en Masa):<\/strong>\n<ul class=\"wp-block-list\">\n<li style=\"margin-top:25px;\"><b>\u00bfQu\u00e9 es?<\/b> El color se integra directamente en la capa exterior del perfil durante el proceso de extrusi\u00f3n, fusion\u00e1ndolo permanentemente con el PVC.<\/li>\n\n\n\n<li style=\"margin-top:25px;\"><b>Ventaja:<\/b> Ofrece una resistencia extrema a ara\u00f1azos y al tiempo, siendo ideal para colores como el gris o el marr\u00f3n.<\/li>\n<\/ul>\n<\/li>\n<\/ol>\n\n\n\n<h2 class=\"wp-block-heading\">La Importancia del Refuerzo Interno<\/h2>\n\n\n\n<p>Independientemente del color, un perfil de alta calidad de <strong>Ventanas Prodeco<\/strong> siempre incorpora un <strong>refuerzo de acero galvanizado<\/strong> en su interior. Este esqueleto estructural es el verdadero garante de que el marco no se deforme por los cambios de temperatura, neutralizando cualquier tensi\u00f3n adicional que pudiera generar el color oscuro.<\/p>\n\n\n\n<p>Al elegir nuestras ventanas de PVC de color, est\u00e1s invirtiendo en un producto donde la est\u00e9tica no compromete la ingenier\u00eda. Puedes elegir el color perfecto para tu fachada con la total tranquilidad de mantener el m\u00e1ximo aislamiento t\u00e9rmico y la longevidad.<\/p>\n\n<hr>\n\n<p>No comprometas el dise\u00f1o por la eficiencia. Con <strong><a href=\"\/\">Ventanas Prodeco<\/a><\/strong>, elige el color que te enamora con la garant\u00eda del m\u00e1ximo aislamiento.<\/p>\n","protected":false},"excerpt":{"rendered":"<p>Cuando se planifica la renovaci\u00f3n de ventanas, la elecci\u00f3n del color es un factor de dise\u00f1o clave. El gris antracita, el negro o los acabados imitaci\u00f3n madera han ganado popularidad, pero una preocupaci\u00f3n com\u00fan es: \u00bfComprometen estos colores el rendimiento de las ventanas de PVC? Existe el mito de que los colores oscuros, al absorber&hellip; <a class=\"more-link\" href=\"https:\/\/www.ventanasprodeco.com\/noticias\/ventanas-pvc-color-aislamiento\/\">Seguir leyendo <span class=\"screen-reader-text\">\u00bfLas Ventanas de PVC de Color Pierden Aislamiento o Durabilidad?<\/span><\/a><\/p>\n","protected":false},"author":1,"featured_media":1645,"comment_status":"closed","ping_status":"open","sticky":false,"template":"","format":"standard","meta":{"footnotes":""},"categories":[1],"tags":[6,8,10,12,13,14,9,20,15,7],"class_list":["post-1640","post","type-post","status-publish","format-standard","has-post-thumbnail","hentry","category-noticias","tag-ventanas","tag-ventanas-acusticas","tag-ventanas-calidad","tag-ventanas-correderas","tag-ventanas-elegantes","tag-ventanas-modernas","tag-ventanas-prodeco","tag-ventanas-pvc","tag-ventanas-seguridad","tag-ventanas-termicas","entry"],"yoast_head":"<!-- This site is optimized with the Yoast SEO plugin v27.4 - https:\/\/yoast.com\/product\/yoast-seo-wordpress\/ -->\n<title>\u00bfLas Ventanas de PVC de Color Pierden Aislamiento o Durabilidad? - Ventanas Prodeco<\/title>\n<meta name=\"description\" content=\"\u00bfMito o realidad? Respondemos si las ventanas de PVC de color pierden eficiencia. Descubre la tecnolog\u00eda que garantiza que el foliado no comprometa el aislamiento ni la durabilidad.\" \/>\n<meta name=\"robots\" content=\"index, follow, max-snippet:-1, max-image-preview:large, max-video-preview:-1\" \/>\n<link rel=\"canonical\" href=\"https:\/\/www.ventanasprodeco.com\/noticias\/ventanas-pvc-color-aislamiento\/\" \/>\n<meta property=\"og:locale\" content=\"es_ES\" \/>\n<meta property=\"og:type\" content=\"article\" \/>\n<meta property=\"og:title\" content=\"\u00bfLas Ventanas de PVC de Color Pierden Aislamiento o Durabilidad? - Ventanas Prodeco\" \/>\n<meta property=\"og:description\" content=\"\u00bfMito o realidad? Respondemos si las ventanas de PVC de color pierden eficiencia. Descubre la tecnolog\u00eda que garantiza que el foliado no comprometa el aislamiento ni la durabilidad.\" \/>\n<meta property=\"og:url\" content=\"https:\/\/www.ventanasprodeco.com\/noticias\/ventanas-pvc-color-aislamiento\/\" \/>\n<meta property=\"og:site_name\" content=\"Ventanas Prodeco\" \/>\n<meta property=\"article:publisher\" content=\"https:\/\/www.facebook.com\/VentanasProdeco\" \/>\n<meta property=\"article:published_time\" content=\"2025-12-02T09:06:35+00:00\" \/>\n<meta property=\"article:modified_time\" content=\"2025-12-02T09:13:25+00:00\" \/>\n<meta property=\"og:image\" content=\"https:\/\/www.ventanasprodeco.com\/noticias\/wp-content\/uploads\/2025\/12\/ventanas-pvc-color-aislamiento.jpg\" \/>\n\t<meta property=\"og:image:width\" content=\"1568\" \/>\n\t<meta property=\"og:image:height\" content=\"1046\" \/>\n\t<meta property=\"og:image:type\" content=\"image\/jpeg\" \/>\n<meta name=\"author\" content=\"Ventanas Prodeco\" \/>\n<meta name=\"twitter:card\" content=\"summary_large_image\" \/>\n<meta name=\"twitter:creator\" content=\"@VentanasProdeco\" \/>\n<meta name=\"twitter:site\" content=\"@VentanasProdeco\" \/>\n<meta name=\"twitter:label1\" content=\"Escrito por\" \/>\n\t<meta name=\"twitter:data1\" content=\"Ventanas Prodeco\" \/>\n\t<meta name=\"twitter:label2\" content=\"Tiempo de lectura\" \/>\n\t<meta name=\"twitter:data2\" content=\"2 minutos\" \/>\n<script type=\"application\/ld+json\" class=\"yoast-schema-graph\">{\"@context\":\"https:\\\/\\\/schema.org\",\"@graph\":[{\"@type\":\"Article\",\"@id\":\"https:\\\/\\\/www.ventanasprodeco.com\\\/noticias\\\/ventanas-pvc-color-aislamiento\\\/#article\",\"isPartOf\":{\"@id\":\"https:\\\/\\\/www.ventanasprodeco.com\\\/noticias\\\/ventanas-pvc-color-aislamiento\\\/\"},\"author\":{\"name\":\"Ventanas Prodeco\",\"@id\":\"https:\\\/\\\/www.ventanasprodeco.com\\\/noticias\\\/#\\\/schema\\\/person\\\/e2913647ff79c129e55984ab50faf21a\"},\"headline\":\"\u00bfLas Ventanas de PVC de Color Pierden Aislamiento o Durabilidad?\",\"datePublished\":\"2025-12-02T09:06:35+00:00\",\"dateModified\":\"2025-12-02T09:13:25+00:00\",\"mainEntityOfPage\":{\"@id\":\"https:\\\/\\\/www.ventanasprodeco.com\\\/noticias\\\/ventanas-pvc-color-aislamiento\\\/\"},\"wordCount\":147,\"publisher\":{\"@id\":\"https:\\\/\\\/www.ventanasprodeco.com\\\/noticias\\\/#organization\"},\"image\":{\"@id\":\"https:\\\/\\\/www.ventanasprodeco.com\\\/noticias\\\/ventanas-pvc-color-aislamiento\\\/#primaryimage\"},\"thumbnailUrl\":\"https:\\\/\\\/www.ventanasprodeco.com\\\/noticias\\\/wp-content\\\/uploads\\\/2025\\\/12\\\/ventanas-pvc-color-aislamiento.jpg\",\"keywords\":[\"Ventanas\",\"Ventanas Ac\u00fasticas\",\"Ventanas Calidad\",\"Ventanas Correderas\",\"Ventanas Elegantes\",\"Ventanas Modernas\",\"Ventanas Prodeco\",\"Ventanas PVC\",\"Ventanas Seguridad\",\"Ventanas T\u00e9rmicas\"],\"articleSection\":[\"Noticias\"],\"inLanguage\":\"es\"},{\"@type\":\"WebPage\",\"@id\":\"https:\\\/\\\/www.ventanasprodeco.com\\\/noticias\\\/ventanas-pvc-color-aislamiento\\\/\",\"url\":\"https:\\\/\\\/www.ventanasprodeco.com\\\/noticias\\\/ventanas-pvc-color-aislamiento\\\/\",\"name\":\"\u00bfLas Ventanas de PVC de Color Pierden Aislamiento o Durabilidad? - Ventanas Prodeco\",\"isPartOf\":{\"@id\":\"https:\\\/\\\/www.ventanasprodeco.com\\\/noticias\\\/#website\"},\"primaryImageOfPage\":{\"@id\":\"https:\\\/\\\/www.ventanasprodeco.com\\\/noticias\\\/ventanas-pvc-color-aislamiento\\\/#primaryimage\"},\"image\":{\"@id\":\"https:\\\/\\\/www.ventanasprodeco.com\\\/noticias\\\/ventanas-pvc-color-aislamiento\\\/#primaryimage\"},\"thumbnailUrl\":\"https:\\\/\\\/www.ventanasprodeco.com\\\/noticias\\\/wp-content\\\/uploads\\\/2025\\\/12\\\/ventanas-pvc-color-aislamiento.jpg\",\"datePublished\":\"2025-12-02T09:06:35+00:00\",\"dateModified\":\"2025-12-02T09:13:25+00:00\",\"description\":\"\u00bfMito o realidad? Respondemos si las ventanas de PVC de color pierden eficiencia. Descubre la tecnolog\u00eda que garantiza que el foliado no comprometa el aislamiento ni la durabilidad.\",\"breadcrumb\":{\"@id\":\"https:\\\/\\\/www.ventanasprodeco.com\\\/noticias\\\/ventanas-pvc-color-aislamiento\\\/#breadcrumb\"},\"inLanguage\":\"es\",\"potentialAction\":[{\"@type\":\"ReadAction\",\"target\":[\"https:\\\/\\\/www.ventanasprodeco.com\\\/noticias\\\/ventanas-pvc-color-aislamiento\\\/\"]}]},{\"@type\":\"ImageObject\",\"inLanguage\":\"es\",\"@id\":\"https:\\\/\\\/www.ventanasprodeco.com\\\/noticias\\\/ventanas-pvc-color-aislamiento\\\/#primaryimage\",\"url\":\"https:\\\/\\\/www.ventanasprodeco.com\\\/noticias\\\/wp-content\\\/uploads\\\/2025\\\/12\\\/ventanas-pvc-color-aislamiento.jpg\",\"contentUrl\":\"https:\\\/\\\/www.ventanasprodeco.com\\\/noticias\\\/wp-content\\\/uploads\\\/2025\\\/12\\\/ventanas-pvc-color-aislamiento.jpg\",\"width\":1568,\"height\":1046},{\"@type\":\"BreadcrumbList\",\"@id\":\"https:\\\/\\\/www.ventanasprodeco.com\\\/noticias\\\/ventanas-pvc-color-aislamiento\\\/#breadcrumb\",\"itemListElement\":[{\"@type\":\"ListItem\",\"position\":1,\"name\":\"Portada\",\"item\":\"https:\\\/\\\/www.ventanasprodeco.com\\\/noticias\\\/\"},{\"@type\":\"ListItem\",\"position\":2,\"name\":\"\u00bfLas Ventanas de PVC de Color Pierden Aislamiento o Durabilidad?\"}]},{\"@type\":\"WebSite\",\"@id\":\"https:\\\/\\\/www.ventanasprodeco.com\\\/noticias\\\/#website\",\"url\":\"https:\\\/\\\/www.ventanasprodeco.com\\\/noticias\\\/\",\"name\":\"VentanasProdeco.com\",\"description\":\"Especialistas en Ventanas\",\"publisher\":{\"@id\":\"https:\\\/\\\/www.ventanasprodeco.com\\\/noticias\\\/#organization\"},\"potentialAction\":[{\"@type\":\"SearchAction\",\"target\":{\"@type\":\"EntryPoint\",\"urlTemplate\":\"https:\\\/\\\/www.ventanasprodeco.com\\\/noticias\\\/?s={search_term_string}\"},\"query-input\":{\"@type\":\"PropertyValueSpecification\",\"valueRequired\":true,\"valueName\":\"search_term_string\"}}],\"inLanguage\":\"es\"},{\"@type\":\"Organization\",\"@id\":\"https:\\\/\\\/www.ventanasprodeco.com\\\/noticias\\\/#organization\",\"name\":\"Ventanas Prodeco\",\"url\":\"https:\\\/\\\/www.ventanasprodeco.com\\\/noticias\\\/\",\"logo\":{\"@type\":\"ImageObject\",\"inLanguage\":\"es\",\"@id\":\"https:\\\/\\\/www.ventanasprodeco.com\\\/noticias\\\/#\\\/schema\\\/logo\\\/image\\\/\",\"url\":\"https:\\\/\\\/www.ventanasprodeco.com\\\/noticias\\\/wp-content\\\/uploads\\\/2023\\\/06\\\/cropped-logo.png\",\"contentUrl\":\"https:\\\/\\\/www.ventanasprodeco.com\\\/noticias\\\/wp-content\\\/uploads\\\/2023\\\/06\\\/cropped-logo.png\",\"width\":300,\"height\":65,\"caption\":\"Ventanas Prodeco\"},\"image\":{\"@id\":\"https:\\\/\\\/www.ventanasprodeco.com\\\/noticias\\\/#\\\/schema\\\/logo\\\/image\\\/\"},\"sameAs\":[\"https:\\\/\\\/www.facebook.com\\\/VentanasProdeco\",\"https:\\\/\\\/x.com\\\/VentanasProdeco\",\"https:\\\/\\\/www.tiktok.com\\\/@VentanasProdeco\",\"https:\\\/\\\/www.youtube.com\\\/@VentanasProdeco\"]},{\"@type\":\"Person\",\"@id\":\"https:\\\/\\\/www.ventanasprodeco.com\\\/noticias\\\/#\\\/schema\\\/person\\\/e2913647ff79c129e55984ab50faf21a\",\"name\":\"Ventanas Prodeco\",\"image\":{\"@type\":\"ImageObject\",\"inLanguage\":\"es\",\"@id\":\"https:\\\/\\\/secure.gravatar.com\\\/avatar\\\/c5f8fa291da6699f0d04718e30fdb7ff9fa47d2ae84c79a8f68922349513ce31?s=96&d=mm&r=g\",\"url\":\"https:\\\/\\\/secure.gravatar.com\\\/avatar\\\/c5f8fa291da6699f0d04718e30fdb7ff9fa47d2ae84c79a8f68922349513ce31?s=96&d=mm&r=g\",\"contentUrl\":\"https:\\\/\\\/secure.gravatar.com\\\/avatar\\\/c5f8fa291da6699f0d04718e30fdb7ff9fa47d2ae84c79a8f68922349513ce31?s=96&d=mm&r=g\",\"caption\":\"Ventanas Prodeco\"},\"sameAs\":[\"http:\\\/\\\/ventanasprodeco.com\\\/noticias\"],\"url\":\"https:\\\/\\\/www.ventanasprodeco.com\\\/noticias\\\/author\\\/admin\\\/\"}]}<\/script>\n<!-- \/ Yoast SEO plugin. -->","yoast_head_json":{"title":"\u00bfLas Ventanas de PVC de Color Pierden Aislamiento o Durabilidad? - Ventanas Prodeco","description":"\u00bfMito o realidad? Respondemos si las ventanas de PVC de color pierden eficiencia. Descubre la tecnolog\u00eda que garantiza que el foliado no comprometa el aislamiento ni la durabilidad.","robots":{"index":"index","follow":"follow","max-snippet":"max-snippet:-1","max-image-preview":"max-image-preview:large","max-video-preview":"max-video-preview:-1"},"canonical":"https:\/\/www.ventanasprodeco.com\/noticias\/ventanas-pvc-color-aislamiento\/","og_locale":"es_ES","og_type":"article","og_title":"\u00bfLas Ventanas de PVC de Color Pierden Aislamiento o Durabilidad? - Ventanas Prodeco","og_description":"\u00bfMito o realidad? Respondemos si las ventanas de PVC de color pierden eficiencia. Descubre la tecnolog\u00eda que garantiza que el foliado no comprometa el aislamiento ni la durabilidad.","og_url":"https:\/\/www.ventanasprodeco.com\/noticias\/ventanas-pvc-color-aislamiento\/","og_site_name":"Ventanas Prodeco","article_publisher":"https:\/\/www.facebook.com\/VentanasProdeco","article_published_time":"2025-12-02T09:06:35+00:00","article_modified_time":"2025-12-02T09:13:25+00:00","og_image":[{"width":1568,"height":1046,"url":"https:\/\/www.ventanasprodeco.com\/noticias\/wp-content\/uploads\/2025\/12\/ventanas-pvc-color-aislamiento.jpg","type":"image\/jpeg"}],"author":"Ventanas Prodeco","twitter_card":"summary_large_image","twitter_creator":"@VentanasProdeco","twitter_site":"@VentanasProdeco","twitter_misc":{"Escrito por":"Ventanas Prodeco","Tiempo de lectura":"2 minutos"},"schema":{"@context":"https:\/\/schema.org","@graph":[{"@type":"Article","@id":"https:\/\/www.ventanasprodeco.com\/noticias\/ventanas-pvc-color-aislamiento\/#article","isPartOf":{"@id":"https:\/\/www.ventanasprodeco.com\/noticias\/ventanas-pvc-color-aislamiento\/"},"author":{"name":"Ventanas Prodeco","@id":"https:\/\/www.ventanasprodeco.com\/noticias\/#\/schema\/person\/e2913647ff79c129e55984ab50faf21a"},"headline":"\u00bfLas Ventanas de PVC de Color Pierden Aislamiento o Durabilidad?","datePublished":"2025-12-02T09:06:35+00:00","dateModified":"2025-12-02T09:13:25+00:00","mainEntityOfPage":{"@id":"https:\/\/www.ventanasprodeco.com\/noticias\/ventanas-pvc-color-aislamiento\/"},"wordCount":147,"publisher":{"@id":"https:\/\/www.ventanasprodeco.com\/noticias\/#organization"},"image":{"@id":"https:\/\/www.ventanasprodeco.com\/noticias\/ventanas-pvc-color-aislamiento\/#primaryimage"},"thumbnailUrl":"https:\/\/www.ventanasprodeco.com\/noticias\/wp-content\/uploads\/2025\/12\/ventanas-pvc-color-aislamiento.jpg","keywords":["Ventanas","Ventanas Ac\u00fasticas","Ventanas Calidad","Ventanas Correderas","Ventanas Elegantes","Ventanas Modernas","Ventanas Prodeco","Ventanas PVC","Ventanas Seguridad","Ventanas T\u00e9rmicas"],"articleSection":["Noticias"],"inLanguage":"es"},{"@type":"WebPage","@id":"https:\/\/www.ventanasprodeco.com\/noticias\/ventanas-pvc-color-aislamiento\/","url":"https:\/\/www.ventanasprodeco.com\/noticias\/ventanas-pvc-color-aislamiento\/","name":"\u00bfLas Ventanas de PVC de Color Pierden Aislamiento o Durabilidad? - Ventanas Prodeco","isPartOf":{"@id":"https:\/\/www.ventanasprodeco.com\/noticias\/#website"},"primaryImageOfPage":{"@id":"https:\/\/www.ventanasprodeco.com\/noticias\/ventanas-pvc-color-aislamiento\/#primaryimage"},"image":{"@id":"https:\/\/www.ventanasprodeco.com\/noticias\/ventanas-pvc-color-aislamiento\/#primaryimage"},"thumbnailUrl":"https:\/\/www.ventanasprodeco.com\/noticias\/wp-content\/uploads\/2025\/12\/ventanas-pvc-color-aislamiento.jpg","datePublished":"2025-12-02T09:06:35+00:00","dateModified":"2025-12-02T09:13:25+00:00","description":"\u00bfMito o realidad? Respondemos si las ventanas de PVC de color pierden eficiencia. Descubre la tecnolog\u00eda que garantiza que el foliado no comprometa el aislamiento ni la durabilidad.","breadcrumb":{"@id":"https:\/\/www.ventanasprodeco.com\/noticias\/ventanas-pvc-color-aislamiento\/#breadcrumb"},"inLanguage":"es","potentialAction":[{"@type":"ReadAction","target":["https:\/\/www.ventanasprodeco.com\/noticias\/ventanas-pvc-color-aislamiento\/"]}]},{"@type":"ImageObject","inLanguage":"es","@id":"https:\/\/www.ventanasprodeco.com\/noticias\/ventanas-pvc-color-aislamiento\/#primaryimage","url":"https:\/\/www.ventanasprodeco.com\/noticias\/wp-content\/uploads\/2025\/12\/ventanas-pvc-color-aislamiento.jpg","contentUrl":"https:\/\/www.ventanasprodeco.com\/noticias\/wp-content\/uploads\/2025\/12\/ventanas-pvc-color-aislamiento.jpg","width":1568,"height":1046},{"@type":"BreadcrumbList","@id":"https:\/\/www.ventanasprodeco.com\/noticias\/ventanas-pvc-color-aislamiento\/#breadcrumb","itemListElement":[{"@type":"ListItem","position":1,"name":"Portada","item":"https:\/\/www.ventanasprodeco.com\/noticias\/"},{"@type":"ListItem","position":2,"name":"\u00bfLas Ventanas de PVC de Color Pierden Aislamiento o Durabilidad?"}]},{"@type":"WebSite","@id":"https:\/\/www.ventanasprodeco.com\/noticias\/#website","url":"https:\/\/www.ventanasprodeco.com\/noticias\/","name":"VentanasProdeco.com","description":"Especialistas en Ventanas","publisher":{"@id":"https:\/\/www.ventanasprodeco.com\/noticias\/#organization"},"potentialAction":[{"@type":"SearchAction","target":{"@type":"EntryPoint","urlTemplate":"https:\/\/www.ventanasprodeco.com\/noticias\/?s={search_term_string}"},"query-input":{"@type":"PropertyValueSpecification","valueRequired":true,"valueName":"search_term_string"}}],"inLanguage":"es"},{"@type":"Organization","@id":"https:\/\/www.ventanasprodeco.com\/noticias\/#organization","name":"Ventanas Prodeco","url":"https:\/\/www.ventanasprodeco.com\/noticias\/","logo":{"@type":"ImageObject","inLanguage":"es","@id":"https:\/\/www.ventanasprodeco.com\/noticias\/#\/schema\/logo\/image\/","url":"https:\/\/www.ventanasprodeco.com\/noticias\/wp-content\/uploads\/2023\/06\/cropped-logo.png","contentUrl":"https:\/\/www.ventanasprodeco.com\/noticias\/wp-content\/uploads\/2023\/06\/cropped-logo.png","width":300,"height":65,"caption":"Ventanas Prodeco"},"image":{"@id":"https:\/\/www.ventanasprodeco.com\/noticias\/#\/schema\/logo\/image\/"},"sameAs":["https:\/\/www.facebook.com\/VentanasProdeco","https:\/\/x.com\/VentanasProdeco","https:\/\/www.tiktok.com\/@VentanasProdeco","https:\/\/www.youtube.com\/@VentanasProdeco"]},{"@type":"Person","@id":"https:\/\/www.ventanasprodeco.com\/noticias\/#\/schema\/person\/e2913647ff79c129e55984ab50faf21a","name":"Ventanas Prodeco","image":{"@type":"ImageObject","inLanguage":"es","@id":"https:\/\/secure.gravatar.com\/avatar\/c5f8fa291da6699f0d04718e30fdb7ff9fa47d2ae84c79a8f68922349513ce31?s=96&d=mm&r=g","url":"https:\/\/secure.gravatar.com\/avatar\/c5f8fa291da6699f0d04718e30fdb7ff9fa47d2ae84c79a8f68922349513ce31?s=96&d=mm&r=g","contentUrl":"https:\/\/secure.gravatar.com\/avatar\/c5f8fa291da6699f0d04718e30fdb7ff9fa47d2ae84c79a8f68922349513ce31?s=96&d=mm&r=g","caption":"Ventanas Prodeco"},"sameAs":["http:\/\/ventanasprodeco.com\/noticias"],"url":"https:\/\/www.ventanasprodeco.com\/noticias\/author\/admin\/"}]}},"_links":{"self":[{"href":"https:\/\/www.ventanasprodeco.com\/noticias\/wp-json\/wp\/v2\/posts\/1640","targetHints":{"allow":["GET"]}}],"collection":[{"href":"https:\/\/www.ventanasprodeco.com\/noticias\/wp-json\/wp\/v2\/posts"}],"about":[{"href":"https:\/\/www.ventanasprodeco.com\/noticias\/wp-json\/wp\/v2\/types\/post"}],"author":[{"embeddable":true,"href":"https:\/\/www.ventanasprodeco.com\/noticias\/wp-json\/wp\/v2\/users\/1"}],"replies":[{"embeddable":true,"href":"https:\/\/www.ventanasprodeco.com\/noticias\/wp-json\/wp\/v2\/comments?post=1640"}],"version-history":[{"count":0,"href":"https:\/\/www.ventanasprodeco.com\/noticias\/wp-json\/wp\/v2\/posts\/1640\/revisions"}],"wp:featuredmedia":[{"embeddable":true,"href":"https:\/\/www.ventanasprodeco.com\/noticias\/wp-json\/wp\/v2\/media\/1645"}],"wp:attachment":[{"href":"https:\/\/www.ventanasprodeco.com\/noticias\/wp-json\/wp\/v2\/media?parent=1640"}],"wp:term":[{"taxonomy":"category","embeddable":true,"href":"https:\/\/www.ventanasprodeco.com\/noticias\/wp-json\/wp\/v2\/categories?post=1640"},{"taxonomy":"post_tag","embeddable":true,"href":"https:\/\/www.ventanasprodeco.com\/noticias\/wp-json\/wp\/v2\/tags?post=1640"}],"curies":[{"name":"wp","href":"https:\/\/api.w.org\/{rel}","templated":true}]}}