{"id":1616,"date":"2025-11-25T07:27:15","date_gmt":"2025-11-25T07:27:15","guid":{"rendered":"https:\/\/www.ventanasprodeco.com\/noticias\/?p=1616"},"modified":"2025-11-25T07:56:28","modified_gmt":"2025-11-25T07:56:28","slug":"ventanas-oficinas-comercios","status":"publish","type":"post","link":"https:\/\/www.ventanasprodeco.com\/noticias\/ventanas-oficinas-comercios\/","title":{"rendered":"Ventanas Especializadas para Oficinas"},"content":{"rendered":"<p>Una oficina moderna exige mucho m\u00e1s de sus cerramientos que una vivienda. En un entorno laboral, la ventana es clave. Es un factor directo en la <strong>productividad<\/strong>, el <strong>confort<\/strong> de los empleados y, de forma cr\u00edtica, el <strong>gasto energ\u00e9tico<\/strong> de climatizaci\u00f3n.<\/p>\n<p>En <strong>Ventanas Prodeco<\/strong>, ofrecemos soluciones especializadas. Estas cumplen con las exigencias \u00fanicas de los edificios de oficinas y espacios comerciales m\u00e1s avanzados.<\/p>\n<h2 class=\"wp-block-heading\">Control Solar y Gesti\u00f3n de la Luz (Ahorre en Aire Acondicionado)<\/h2>\n<p>Las oficinas con grandes fachadas acristaladas sufren un problema constante: el calor excesivo del sol. Por lo tanto, el uso del aire acondicionado se dispara.<\/p>\n<ul class=\"wp-block-list\">\n<li><b>Vidrios de Control Solar Selectivo:<\/b> Nuestras soluciones incorporan vidrios con tratamientos especiales. Estos filtran gran parte de la radiaci\u00f3n solar infrarroja (calor) antes de que entre. Sin embargo, no oscurecen significativamente la luz natural.<\/li>\n<\/ul>\n<p><strong>Beneficio clave:<\/strong> Se reduce dr\u00e1sticamente la ganancia de calor en verano. Esto mantiene una excelente luminosidad interior y baja su factura de climatizaci\u00f3n de forma inmediata.<\/p>\n<h2 class=\"wp-block-heading\">Aislamiento Ac\u00fastico (M\u00e1s Silencio, Mayor Productividad)<\/h2>\n<p>Las oficinas urbanas sufren el ruido constante del tr\u00e1fico o las obras. Como resultado, se dificulta la concentraci\u00f3n de los equipos y se reduce directamente la productividad.<\/p>\n<ul class=\"wp-block-list\">\n<li><b>Vidrios Laminados Ac\u00fasticos:<\/b> Empleamos vidrios con composiciones asim\u00e9tricas. Estos utilizan l\u00e1minas de butiral de polivinilo (PVB) ac\u00fastico. Adem\u00e1s, este material es excelente para amortiguar las ondas sonoras, reduciendo la contaminaci\u00f3n ac\u00fastica.<\/li>\n<\/ul>\n<p><strong>Beneficio clave:<\/strong> Garantizamos un ambiente interior silencioso y apto para el trabajo. De este modo, se cumplen con los est\u00e1ndares de confort ac\u00fastico laboral m\u00e1s exigentes.<\/p>\n<h2 class=\"wp-block-heading\">Soluciones Est\u00e9ticas y de Gran Formato (Mejore su Imagen Corporativa)<\/h2>\n<p>Los edificios de oficinas suelen requerir ventanales de gran tama\u00f1o. Tambi\u00e9n necesitan un dise\u00f1o minimalista para proyectar una imagen corporativa moderna y profesional.<\/p>\n<ul class=\"wp-block-list\">\n<li><strong>Perfiles de Aluminio con Rotura de Puente T\u00e9rmico (RPT):<\/strong> El aluminio es el material predilecto por su ligereza y resistencia estructural. Es ideal para soportar grandes pa\u00f1os de vidrio. La RPT, por su parte, garantiza que esta ligereza no comprometa el aislamiento t\u00e9rmico.<\/li>\n<li style=\"margin-top:20px;\"><b>Fachadas Ligeras y Muros Cortina:<\/b> Ofrecemos sistemas que permiten integrar grandes pa\u00f1os de vidrio sin marcos visibles. El resultado es un elegante efecto de \u00abpiel de cristal\u00bb de alta eficiencia.<\/li>\n<\/ul>\n<hr>\n<p>Al elegir <strong><a href=\"\/\">Ventanas Prodeco<\/a><\/strong> para su proyecto de oficinas, no solo invierte en eficiencia energ\u00e9tica. M\u00e1s importante a\u00fan, asegura un entorno de trabajo que potencia la salud, la concentraci\u00f3n y la imagen de su negocio.<\/p>\n","protected":false},"excerpt":{"rendered":"<p>Una oficina moderna exige mucho m\u00e1s de sus cerramientos que una vivienda. En un entorno laboral, la ventana es clave. Es un factor directo en la productividad, el confort de los empleados y, de forma cr\u00edtica, el gasto energ\u00e9tico de climatizaci\u00f3n. En Ventanas Prodeco, ofrecemos soluciones especializadas. Estas cumplen con las exigencias \u00fanicas de los&hellip; <a class=\"more-link\" href=\"https:\/\/www.ventanasprodeco.com\/noticias\/ventanas-oficinas-comercios\/\">Seguir leyendo <span class=\"screen-reader-text\">Ventanas Especializadas para Oficinas<\/span><\/a><\/p>\n","protected":false},"author":1,"featured_media":1618,"comment_status":"closed","ping_status":"open","sticky":false,"template":"","format":"standard","meta":{"footnotes":""},"categories":[1],"tags":[6,8,10,12,13,14,63,9,20,15,7],"class_list":["post-1616","post","type-post","status-publish","format-standard","has-post-thumbnail","hentry","category-noticias","tag-ventanas","tag-ventanas-acusticas","tag-ventanas-calidad","tag-ventanas-correderas","tag-ventanas-elegantes","tag-ventanas-modernas","tag-ventanas-oficinas","tag-ventanas-prodeco","tag-ventanas-pvc","tag-ventanas-seguridad","tag-ventanas-termicas","entry"],"yoast_head":"<!-- This site is optimized with the Yoast SEO plugin v27.5 - https:\/\/yoast.com\/product\/yoast-seo-wordpress\/ -->\n<title>Ventanas Especializadas para Oficinas - Ventanas Prodeco<\/title>\n<meta name=\"description\" content=\"\u00bfBuscas eficiencia y confort en tu entorno laboral? Descubre las ventanas especializadas para oficinas de Ventanas Prodeco\" \/>\n<meta name=\"robots\" content=\"index, follow, max-snippet:-1, max-image-preview:large, max-video-preview:-1\" \/>\n<link rel=\"canonical\" href=\"https:\/\/www.ventanasprodeco.com\/noticias\/ventanas-oficinas-comercios\/\" \/>\n<meta property=\"og:locale\" content=\"es_ES\" \/>\n<meta property=\"og:type\" content=\"article\" \/>\n<meta property=\"og:title\" content=\"Ventanas Especializadas para Oficinas - Ventanas Prodeco\" \/>\n<meta property=\"og:description\" content=\"\u00bfBuscas eficiencia y confort en tu entorno laboral? Descubre las ventanas especializadas para oficinas de Ventanas Prodeco\" \/>\n<meta property=\"og:url\" content=\"https:\/\/www.ventanasprodeco.com\/noticias\/ventanas-oficinas-comercios\/\" \/>\n<meta property=\"og:site_name\" content=\"Ventanas Prodeco\" \/>\n<meta property=\"article:publisher\" content=\"https:\/\/www.facebook.com\/VentanasProdeco\" \/>\n<meta property=\"article:published_time\" content=\"2025-11-25T07:27:15+00:00\" \/>\n<meta property=\"article:modified_time\" content=\"2025-11-25T07:56:28+00:00\" \/>\n<meta property=\"og:image\" content=\"https:\/\/www.ventanasprodeco.com\/noticias\/wp-content\/uploads\/2025\/11\/ventanas-oficinas-comercios.jpg\" \/>\n\t<meta property=\"og:image:width\" content=\"1568\" \/>\n\t<meta property=\"og:image:height\" content=\"1046\" \/>\n\t<meta property=\"og:image:type\" content=\"image\/jpeg\" \/>\n<meta name=\"author\" content=\"Ventanas Prodeco\" \/>\n<meta name=\"twitter:card\" content=\"summary_large_image\" \/>\n<meta name=\"twitter:creator\" content=\"@VentanasProdeco\" \/>\n<meta name=\"twitter:site\" content=\"@VentanasProdeco\" \/>\n<meta name=\"twitter:label1\" content=\"Escrito por\" \/>\n\t<meta name=\"twitter:data1\" content=\"Ventanas Prodeco\" \/>\n\t<meta name=\"twitter:label2\" content=\"Tiempo de lectura\" \/>\n\t<meta name=\"twitter:data2\" content=\"2 minutos\" \/>\n<script type=\"application\/ld+json\" class=\"yoast-schema-graph\">{\"@context\":\"https:\\\/\\\/schema.org\",\"@graph\":[{\"@type\":\"Article\",\"@id\":\"https:\\\/\\\/www.ventanasprodeco.com\\\/noticias\\\/ventanas-oficinas-comercios\\\/#article\",\"isPartOf\":{\"@id\":\"https:\\\/\\\/www.ventanasprodeco.com\\\/noticias\\\/ventanas-oficinas-comercios\\\/\"},\"author\":{\"name\":\"Ventanas Prodeco\",\"@id\":\"https:\\\/\\\/www.ventanasprodeco.com\\\/noticias\\\/#\\\/schema\\\/person\\\/e2913647ff79c129e55984ab50faf21a\"},\"headline\":\"Ventanas Especializadas para Oficinas\",\"datePublished\":\"2025-11-25T07:27:15+00:00\",\"dateModified\":\"2025-11-25T07:56:28+00:00\",\"mainEntityOfPage\":{\"@id\":\"https:\\\/\\\/www.ventanasprodeco.com\\\/noticias\\\/ventanas-oficinas-comercios\\\/\"},\"wordCount\":429,\"publisher\":{\"@id\":\"https:\\\/\\\/www.ventanasprodeco.com\\\/noticias\\\/#organization\"},\"image\":{\"@id\":\"https:\\\/\\\/www.ventanasprodeco.com\\\/noticias\\\/ventanas-oficinas-comercios\\\/#primaryimage\"},\"thumbnailUrl\":\"https:\\\/\\\/www.ventanasprodeco.com\\\/noticias\\\/wp-content\\\/uploads\\\/2025\\\/11\\\/ventanas-oficinas-comercios.jpg\",\"keywords\":[\"Ventanas\",\"Ventanas Ac\u00fasticas\",\"Ventanas Calidad\",\"Ventanas Correderas\",\"Ventanas Elegantes\",\"Ventanas Modernas\",\"Ventanas Oficinas\",\"Ventanas Prodeco\",\"Ventanas PVC\",\"Ventanas Seguridad\",\"Ventanas T\u00e9rmicas\"],\"articleSection\":[\"Noticias\"],\"inLanguage\":\"es\"},{\"@type\":\"WebPage\",\"@id\":\"https:\\\/\\\/www.ventanasprodeco.com\\\/noticias\\\/ventanas-oficinas-comercios\\\/\",\"url\":\"https:\\\/\\\/www.ventanasprodeco.com\\\/noticias\\\/ventanas-oficinas-comercios\\\/\",\"name\":\"Ventanas Especializadas para Oficinas - Ventanas Prodeco\",\"isPartOf\":{\"@id\":\"https:\\\/\\\/www.ventanasprodeco.com\\\/noticias\\\/#website\"},\"primaryImageOfPage\":{\"@id\":\"https:\\\/\\\/www.ventanasprodeco.com\\\/noticias\\\/ventanas-oficinas-comercios\\\/#primaryimage\"},\"image\":{\"@id\":\"https:\\\/\\\/www.ventanasprodeco.com\\\/noticias\\\/ventanas-oficinas-comercios\\\/#primaryimage\"},\"thumbnailUrl\":\"https:\\\/\\\/www.ventanasprodeco.com\\\/noticias\\\/wp-content\\\/uploads\\\/2025\\\/11\\\/ventanas-oficinas-comercios.jpg\",\"datePublished\":\"2025-11-25T07:27:15+00:00\",\"dateModified\":\"2025-11-25T07:56:28+00:00\",\"description\":\"\u00bfBuscas eficiencia y confort en tu entorno laboral? Descubre las ventanas especializadas para oficinas de Ventanas Prodeco\",\"breadcrumb\":{\"@id\":\"https:\\\/\\\/www.ventanasprodeco.com\\\/noticias\\\/ventanas-oficinas-comercios\\\/#breadcrumb\"},\"inLanguage\":\"es\",\"potentialAction\":[{\"@type\":\"ReadAction\",\"target\":[\"https:\\\/\\\/www.ventanasprodeco.com\\\/noticias\\\/ventanas-oficinas-comercios\\\/\"]}]},{\"@type\":\"ImageObject\",\"inLanguage\":\"es\",\"@id\":\"https:\\\/\\\/www.ventanasprodeco.com\\\/noticias\\\/ventanas-oficinas-comercios\\\/#primaryimage\",\"url\":\"https:\\\/\\\/www.ventanasprodeco.com\\\/noticias\\\/wp-content\\\/uploads\\\/2025\\\/11\\\/ventanas-oficinas-comercios.jpg\",\"contentUrl\":\"https:\\\/\\\/www.ventanasprodeco.com\\\/noticias\\\/wp-content\\\/uploads\\\/2025\\\/11\\\/ventanas-oficinas-comercios.jpg\",\"width\":1568,\"height\":1046},{\"@type\":\"BreadcrumbList\",\"@id\":\"https:\\\/\\\/www.ventanasprodeco.com\\\/noticias\\\/ventanas-oficinas-comercios\\\/#breadcrumb\",\"itemListElement\":[{\"@type\":\"ListItem\",\"position\":1,\"name\":\"Portada\",\"item\":\"https:\\\/\\\/www.ventanasprodeco.com\\\/noticias\\\/\"},{\"@type\":\"ListItem\",\"position\":2,\"name\":\"Ventanas Especializadas para Oficinas\"}]},{\"@type\":\"WebSite\",\"@id\":\"https:\\\/\\\/www.ventanasprodeco.com\\\/noticias\\\/#website\",\"url\":\"https:\\\/\\\/www.ventanasprodeco.com\\\/noticias\\\/\",\"name\":\"VentanasProdeco.com\",\"description\":\"Especialistas en Ventanas\",\"publisher\":{\"@id\":\"https:\\\/\\\/www.ventanasprodeco.com\\\/noticias\\\/#organization\"},\"potentialAction\":[{\"@type\":\"SearchAction\",\"target\":{\"@type\":\"EntryPoint\",\"urlTemplate\":\"https:\\\/\\\/www.ventanasprodeco.com\\\/noticias\\\/?s={search_term_string}\"},\"query-input\":{\"@type\":\"PropertyValueSpecification\",\"valueRequired\":true,\"valueName\":\"search_term_string\"}}],\"inLanguage\":\"es\"},{\"@type\":\"Organization\",\"@id\":\"https:\\\/\\\/www.ventanasprodeco.com\\\/noticias\\\/#organization\",\"name\":\"Ventanas Prodeco\",\"url\":\"https:\\\/\\\/www.ventanasprodeco.com\\\/noticias\\\/\",\"logo\":{\"@type\":\"ImageObject\",\"inLanguage\":\"es\",\"@id\":\"https:\\\/\\\/www.ventanasprodeco.com\\\/noticias\\\/#\\\/schema\\\/logo\\\/image\\\/\",\"url\":\"https:\\\/\\\/www.ventanasprodeco.com\\\/noticias\\\/wp-content\\\/uploads\\\/2023\\\/06\\\/cropped-logo.png\",\"contentUrl\":\"https:\\\/\\\/www.ventanasprodeco.com\\\/noticias\\\/wp-content\\\/uploads\\\/2023\\\/06\\\/cropped-logo.png\",\"width\":300,\"height\":65,\"caption\":\"Ventanas Prodeco\"},\"image\":{\"@id\":\"https:\\\/\\\/www.ventanasprodeco.com\\\/noticias\\\/#\\\/schema\\\/logo\\\/image\\\/\"},\"sameAs\":[\"https:\\\/\\\/www.facebook.com\\\/VentanasProdeco\",\"https:\\\/\\\/x.com\\\/VentanasProdeco\",\"https:\\\/\\\/www.tiktok.com\\\/@VentanasProdeco\",\"https:\\\/\\\/www.youtube.com\\\/@VentanasProdeco\"]},{\"@type\":\"Person\",\"@id\":\"https:\\\/\\\/www.ventanasprodeco.com\\\/noticias\\\/#\\\/schema\\\/person\\\/e2913647ff79c129e55984ab50faf21a\",\"name\":\"Ventanas Prodeco\",\"image\":{\"@type\":\"ImageObject\",\"inLanguage\":\"es\",\"@id\":\"https:\\\/\\\/secure.gravatar.com\\\/avatar\\\/c5f8fa291da6699f0d04718e30fdb7ff9fa47d2ae84c79a8f68922349513ce31?s=96&d=mm&r=g\",\"url\":\"https:\\\/\\\/secure.gravatar.com\\\/avatar\\\/c5f8fa291da6699f0d04718e30fdb7ff9fa47d2ae84c79a8f68922349513ce31?s=96&d=mm&r=g\",\"contentUrl\":\"https:\\\/\\\/secure.gravatar.com\\\/avatar\\\/c5f8fa291da6699f0d04718e30fdb7ff9fa47d2ae84c79a8f68922349513ce31?s=96&d=mm&r=g\",\"caption\":\"Ventanas Prodeco\"},\"sameAs\":[\"http:\\\/\\\/ventanasprodeco.com\\\/noticias\"],\"url\":\"https:\\\/\\\/www.ventanasprodeco.com\\\/noticias\\\/author\\\/admin\\\/\"}]}<\/script>\n<!-- \/ Yoast SEO plugin. -->","yoast_head_json":{"title":"Ventanas Especializadas para Oficinas - Ventanas Prodeco","description":"\u00bfBuscas eficiencia y confort en tu entorno laboral? Descubre las ventanas especializadas para oficinas de Ventanas Prodeco","robots":{"index":"index","follow":"follow","max-snippet":"max-snippet:-1","max-image-preview":"max-image-preview:large","max-video-preview":"max-video-preview:-1"},"canonical":"https:\/\/www.ventanasprodeco.com\/noticias\/ventanas-oficinas-comercios\/","og_locale":"es_ES","og_type":"article","og_title":"Ventanas Especializadas para Oficinas - Ventanas Prodeco","og_description":"\u00bfBuscas eficiencia y confort en tu entorno laboral? Descubre las ventanas especializadas para oficinas de Ventanas Prodeco","og_url":"https:\/\/www.ventanasprodeco.com\/noticias\/ventanas-oficinas-comercios\/","og_site_name":"Ventanas Prodeco","article_publisher":"https:\/\/www.facebook.com\/VentanasProdeco","article_published_time":"2025-11-25T07:27:15+00:00","article_modified_time":"2025-11-25T07:56:28+00:00","og_image":[{"width":1568,"height":1046,"url":"https:\/\/www.ventanasprodeco.com\/noticias\/wp-content\/uploads\/2025\/11\/ventanas-oficinas-comercios.jpg","type":"image\/jpeg"}],"author":"Ventanas Prodeco","twitter_card":"summary_large_image","twitter_creator":"@VentanasProdeco","twitter_site":"@VentanasProdeco","twitter_misc":{"Escrito por":"Ventanas Prodeco","Tiempo de lectura":"2 minutos"},"schema":{"@context":"https:\/\/schema.org","@graph":[{"@type":"Article","@id":"https:\/\/www.ventanasprodeco.com\/noticias\/ventanas-oficinas-comercios\/#article","isPartOf":{"@id":"https:\/\/www.ventanasprodeco.com\/noticias\/ventanas-oficinas-comercios\/"},"author":{"name":"Ventanas Prodeco","@id":"https:\/\/www.ventanasprodeco.com\/noticias\/#\/schema\/person\/e2913647ff79c129e55984ab50faf21a"},"headline":"Ventanas Especializadas para Oficinas","datePublished":"2025-11-25T07:27:15+00:00","dateModified":"2025-11-25T07:56:28+00:00","mainEntityOfPage":{"@id":"https:\/\/www.ventanasprodeco.com\/noticias\/ventanas-oficinas-comercios\/"},"wordCount":429,"publisher":{"@id":"https:\/\/www.ventanasprodeco.com\/noticias\/#organization"},"image":{"@id":"https:\/\/www.ventanasprodeco.com\/noticias\/ventanas-oficinas-comercios\/#primaryimage"},"thumbnailUrl":"https:\/\/www.ventanasprodeco.com\/noticias\/wp-content\/uploads\/2025\/11\/ventanas-oficinas-comercios.jpg","keywords":["Ventanas","Ventanas Ac\u00fasticas","Ventanas Calidad","Ventanas Correderas","Ventanas Elegantes","Ventanas Modernas","Ventanas Oficinas","Ventanas Prodeco","Ventanas PVC","Ventanas Seguridad","Ventanas T\u00e9rmicas"],"articleSection":["Noticias"],"inLanguage":"es"},{"@type":"WebPage","@id":"https:\/\/www.ventanasprodeco.com\/noticias\/ventanas-oficinas-comercios\/","url":"https:\/\/www.ventanasprodeco.com\/noticias\/ventanas-oficinas-comercios\/","name":"Ventanas Especializadas para Oficinas - Ventanas Prodeco","isPartOf":{"@id":"https:\/\/www.ventanasprodeco.com\/noticias\/#website"},"primaryImageOfPage":{"@id":"https:\/\/www.ventanasprodeco.com\/noticias\/ventanas-oficinas-comercios\/#primaryimage"},"image":{"@id":"https:\/\/www.ventanasprodeco.com\/noticias\/ventanas-oficinas-comercios\/#primaryimage"},"thumbnailUrl":"https:\/\/www.ventanasprodeco.com\/noticias\/wp-content\/uploads\/2025\/11\/ventanas-oficinas-comercios.jpg","datePublished":"2025-11-25T07:27:15+00:00","dateModified":"2025-11-25T07:56:28+00:00","description":"\u00bfBuscas eficiencia y confort en tu entorno laboral? Descubre las ventanas especializadas para oficinas de Ventanas Prodeco","breadcrumb":{"@id":"https:\/\/www.ventanasprodeco.com\/noticias\/ventanas-oficinas-comercios\/#breadcrumb"},"inLanguage":"es","potentialAction":[{"@type":"ReadAction","target":["https:\/\/www.ventanasprodeco.com\/noticias\/ventanas-oficinas-comercios\/"]}]},{"@type":"ImageObject","inLanguage":"es","@id":"https:\/\/www.ventanasprodeco.com\/noticias\/ventanas-oficinas-comercios\/#primaryimage","url":"https:\/\/www.ventanasprodeco.com\/noticias\/wp-content\/uploads\/2025\/11\/ventanas-oficinas-comercios.jpg","contentUrl":"https:\/\/www.ventanasprodeco.com\/noticias\/wp-content\/uploads\/2025\/11\/ventanas-oficinas-comercios.jpg","width":1568,"height":1046},{"@type":"BreadcrumbList","@id":"https:\/\/www.ventanasprodeco.com\/noticias\/ventanas-oficinas-comercios\/#breadcrumb","itemListElement":[{"@type":"ListItem","position":1,"name":"Portada","item":"https:\/\/www.ventanasprodeco.com\/noticias\/"},{"@type":"ListItem","position":2,"name":"Ventanas Especializadas para Oficinas"}]},{"@type":"WebSite","@id":"https:\/\/www.ventanasprodeco.com\/noticias\/#website","url":"https:\/\/www.ventanasprodeco.com\/noticias\/","name":"VentanasProdeco.com","description":"Especialistas en Ventanas","publisher":{"@id":"https:\/\/www.ventanasprodeco.com\/noticias\/#organization"},"potentialAction":[{"@type":"SearchAction","target":{"@type":"EntryPoint","urlTemplate":"https:\/\/www.ventanasprodeco.com\/noticias\/?s={search_term_string}"},"query-input":{"@type":"PropertyValueSpecification","valueRequired":true,"valueName":"search_term_string"}}],"inLanguage":"es"},{"@type":"Organization","@id":"https:\/\/www.ventanasprodeco.com\/noticias\/#organization","name":"Ventanas Prodeco","url":"https:\/\/www.ventanasprodeco.com\/noticias\/","logo":{"@type":"ImageObject","inLanguage":"es","@id":"https:\/\/www.ventanasprodeco.com\/noticias\/#\/schema\/logo\/image\/","url":"https:\/\/www.ventanasprodeco.com\/noticias\/wp-content\/uploads\/2023\/06\/cropped-logo.png","contentUrl":"https:\/\/www.ventanasprodeco.com\/noticias\/wp-content\/uploads\/2023\/06\/cropped-logo.png","width":300,"height":65,"caption":"Ventanas Prodeco"},"image":{"@id":"https:\/\/www.ventanasprodeco.com\/noticias\/#\/schema\/logo\/image\/"},"sameAs":["https:\/\/www.facebook.com\/VentanasProdeco","https:\/\/x.com\/VentanasProdeco","https:\/\/www.tiktok.com\/@VentanasProdeco","https:\/\/www.youtube.com\/@VentanasProdeco"]},{"@type":"Person","@id":"https:\/\/www.ventanasprodeco.com\/noticias\/#\/schema\/person\/e2913647ff79c129e55984ab50faf21a","name":"Ventanas Prodeco","image":{"@type":"ImageObject","inLanguage":"es","@id":"https:\/\/secure.gravatar.com\/avatar\/c5f8fa291da6699f0d04718e30fdb7ff9fa47d2ae84c79a8f68922349513ce31?s=96&d=mm&r=g","url":"https:\/\/secure.gravatar.com\/avatar\/c5f8fa291da6699f0d04718e30fdb7ff9fa47d2ae84c79a8f68922349513ce31?s=96&d=mm&r=g","contentUrl":"https:\/\/secure.gravatar.com\/avatar\/c5f8fa291da6699f0d04718e30fdb7ff9fa47d2ae84c79a8f68922349513ce31?s=96&d=mm&r=g","caption":"Ventanas Prodeco"},"sameAs":["http:\/\/ventanasprodeco.com\/noticias"],"url":"https:\/\/www.ventanasprodeco.com\/noticias\/author\/admin\/"}]}},"_links":{"self":[{"href":"https:\/\/www.ventanasprodeco.com\/noticias\/wp-json\/wp\/v2\/posts\/1616","targetHints":{"allow":["GET"]}}],"collection":[{"href":"https:\/\/www.ventanasprodeco.com\/noticias\/wp-json\/wp\/v2\/posts"}],"about":[{"href":"https:\/\/www.ventanasprodeco.com\/noticias\/wp-json\/wp\/v2\/types\/post"}],"author":[{"embeddable":true,"href":"https:\/\/www.ventanasprodeco.com\/noticias\/wp-json\/wp\/v2\/users\/1"}],"replies":[{"embeddable":true,"href":"https:\/\/www.ventanasprodeco.com\/noticias\/wp-json\/wp\/v2\/comments?post=1616"}],"version-history":[{"count":0,"href":"https:\/\/www.ventanasprodeco.com\/noticias\/wp-json\/wp\/v2\/posts\/1616\/revisions"}],"wp:featuredmedia":[{"embeddable":true,"href":"https:\/\/www.ventanasprodeco.com\/noticias\/wp-json\/wp\/v2\/media\/1618"}],"wp:attachment":[{"href":"https:\/\/www.ventanasprodeco.com\/noticias\/wp-json\/wp\/v2\/media?parent=1616"}],"wp:term":[{"taxonomy":"category","embeddable":true,"href":"https:\/\/www.ventanasprodeco.com\/noticias\/wp-json\/wp\/v2\/categories?post=1616"},{"taxonomy":"post_tag","embeddable":true,"href":"https:\/\/www.ventanasprodeco.com\/noticias\/wp-json\/wp\/v2\/tags?post=1616"}],"curies":[{"name":"wp","href":"https:\/\/api.w.org\/{rel}","templated":true}]}}