{"id":1610,"date":"2025-11-21T05:45:51","date_gmt":"2025-11-21T05:45:51","guid":{"rendered":"https:\/\/www.ventanasprodeco.com\/noticias\/?p=1610"},"modified":"2025-11-21T05:45:53","modified_gmt":"2025-11-21T05:45:53","slug":"ventanas-aislantes-edificio","status":"publish","type":"post","link":"https:\/\/www.ventanasprodeco.com\/noticias\/ventanas-aislantes-edificio\/","title":{"rendered":"Ventanas Aislantes para la Eficiencia Energ\u00e9tica de los Edificios"},"content":{"rendered":"\n<p>En el contexto actual de aumento de costes energ\u00e9ticos y conciencia ambiental, la eficiencia de un edificio se ha convertido en un factor clave de valor y habitabilidad. La <strong>ventana aislante<\/strong> ya no es un extra, sino el componente m\u00e1s cr\u00edtico para alcanzar la m\u00e1xima calificaci\u00f3n en la <strong>Certificaci\u00f3n de Eficiencia Energ\u00e9tica (CEE)<\/strong> de cualquier inmueble.<\/p>\n\n\n\n<p>Seg\u00fan los expertos, hasta el 30% de las p\u00e9rdidas energ\u00e9ticas de un edificio se producen a trav\u00e9s de cerramientos antiguos o deficientes. Sustituir estas ventanas es la reforma m\u00e1s rentable para mejorar la calificaci\u00f3n energ\u00e9tica.<\/p>\n\n\n\n<h2 class=\"wp-block-heading\">El Indicador Clave: El Valor U<\/h2>\n\n\n\n<p>La eficiencia de una ventana se mide con la <strong>Transmitancia T\u00e9rmica (Valor U)<\/strong>. Este valor indica la cantidad de calor que se pierde por metro cuadrado de ventana.<\/p>\n\n\n\n<ul class=\"wp-block-list\">\n<li><strong>Menor valor U = Mayor Aislamiento = Menor Gasto.<\/strong><\/li>\n<\/ul>\n\n\n\n<p>Para mejorar la certificaci\u00f3n energ\u00e9tica de un edificio, es obligatorio instalar ventanas que cumplan con valores U muy bajos.<\/p>\n\n\n\n<h2 class=\"wp-block-heading\">Los 3 Pilares de la Ventana Aislante Prodeco<\/h2>\n\n\n\n<p>Nuestras ventanas est\u00e1n dise\u00f1adas para ofrecer el m\u00e1ximo rendimiento y garantizar la eficiencia energ\u00e9tica de tu edificio, gracias a la combinaci\u00f3n de:<\/p>\n\n\n\n<ol start=\"1\" class=\"wp-block-list\">\n<li><b>El Perfil (Marco):<\/b> Utilizamos perfiles de <b>PVC multic\u00e1mara<\/b> o <strong>Aluminio con Rotura de Puente T\u00e9rmico (RPT)<\/strong> de alta calidad. Estos perfiles crean barreras de aislamiento que evitan la conducci\u00f3n del calor (o fr\u00edo) a trav\u00e9s del marco.<\/li>\n\n\n\n<li style=\"margin-top:25px;\"><b>El Vidrio Low-E y Arg\u00f3n:<\/b> El doble (o triple) acristalamiento con <b>capa de Baja Emisividad (Low-E)<\/b> retiene el calor de la calefacci\u00f3n en invierno. Adem\u00e1s, el relleno con <b>gas Arg\u00f3n<\/b> en la c\u00e1mara interna reduce significativamente la transferencia de temperatura a trav\u00e9s del cristal.<\/li>\n\n\n\n<li style=\"margin-top:25px;\"><strong>La Instalaci\u00f3n Profesional:<\/strong> El mejor producto del mundo puede fallar si la instalaci\u00f3n crea puentes t\u00e9rmicos en la uni\u00f3n con el muro. Nuestro <b>montaje profesional<\/b> garantiza un sellado y aislamiento perfectos con espumas y selladores de alta prestaci\u00f3n.<\/li>\n<\/ol>\n\n\n\n<h2 class=\"wp-block-heading\">El Impacto en la Calificaci\u00f3n Energ\u00e9tica y las Ayudas<\/h2>\n\n\n\n<p>Las ventanas aislantes tienen un impacto directo en la Certificaci\u00f3n Energ\u00e9tica:<\/p>\n\n\n\n<ul class=\"wp-block-list\">\n<li><strong>Aumento de Clase:<\/strong> La sustituci\u00f3n de ventanas antiguas por modelos de alta eficiencia puede suponer un salto de una o dos letras en la calificaci\u00f3n (ej. de E a C), lo que revaloriza el inmueble.<\/li>\n\n\n\n<li style=\"margin-top:25px;\"><strong>Acceso a Subvenciones:<\/strong> La mayor\u00eda de las ayudas y <strong>Fondos Next Generation<\/strong> para la rehabilitaci\u00f3n energ\u00e9tica exigen una mejora certificada de la eficiencia energ\u00e9tica. Nuestras ventanas cumplen con los requisitos t\u00e9cnicos para que puedas acceder a estas subvenciones.<\/li>\n<\/ul>\n\n<hr>\n\n<p>Invertir en ventanas de <strong><a href=\"\/\">Ventanas Prodeco<\/a><\/strong> es asegurar la eficiencia energ\u00e9tica de tu edificio, garantizando un menor consumo, mayor confort y una mejor calificaci\u00f3n de tu inmueble.<\/p>\n","protected":false},"excerpt":{"rendered":"<p>En el contexto actual de aumento de costes energ\u00e9ticos y conciencia ambiental, la eficiencia de un edificio se ha convertido en un factor clave de valor y habitabilidad. La ventana aislante ya no es un extra, sino el componente m\u00e1s cr\u00edtico para alcanzar la m\u00e1xima calificaci\u00f3n en la Certificaci\u00f3n de Eficiencia Energ\u00e9tica (CEE) de cualquier&hellip; <a class=\"more-link\" href=\"https:\/\/www.ventanasprodeco.com\/noticias\/ventanas-aislantes-edificio\/\">Seguir leyendo <span class=\"screen-reader-text\">Ventanas Aislantes para la Eficiencia Energ\u00e9tica de los Edificios<\/span><\/a><\/p>\n","protected":false},"author":1,"featured_media":1614,"comment_status":"closed","ping_status":"open","sticky":false,"template":"","format":"standard","meta":{"footnotes":""},"categories":[1],"tags":[8,85,10,12,64,14,9,20,15,7],"class_list":["post-1610","post","type-post","status-publish","format-standard","has-post-thumbnail","hentry","category-noticias","tag-ventanas-acusticas","tag-ventanas-aislantes","tag-ventanas-calidad","tag-ventanas-correderas","tag-ventanas-edificios","tag-ventanas-modernas","tag-ventanas-prodeco","tag-ventanas-pvc","tag-ventanas-seguridad","tag-ventanas-termicas","entry"],"yoast_head":"<!-- This site is optimized with the Yoast SEO plugin v27.4 - https:\/\/yoast.com\/product\/yoast-seo-wordpress\/ -->\n<title>Ventanas Aislantes para la Eficiencia Energ\u00e9tica de los Edificios - Ventanas Prodeco<\/title>\n<meta name=\"description\" content=\"\u00bfBuscas mejorar la eficiencia energ\u00e9tica de tu edificio? Descubre c\u00f3mo las ventanas aislantes te ayudan a obtener la m\u00e1xima calificaci\u00f3n.\" \/>\n<meta name=\"robots\" content=\"index, follow, max-snippet:-1, max-image-preview:large, max-video-preview:-1\" \/>\n<link rel=\"canonical\" href=\"https:\/\/www.ventanasprodeco.com\/noticias\/ventanas-aislantes-edificio\/\" \/>\n<meta property=\"og:locale\" content=\"es_ES\" \/>\n<meta property=\"og:type\" content=\"article\" \/>\n<meta property=\"og:title\" content=\"Ventanas Aislantes para la Eficiencia Energ\u00e9tica de los Edificios - Ventanas Prodeco\" \/>\n<meta property=\"og:description\" content=\"\u00bfBuscas mejorar la eficiencia energ\u00e9tica de tu edificio? Descubre c\u00f3mo las ventanas aislantes te ayudan a obtener la m\u00e1xima calificaci\u00f3n.\" \/>\n<meta property=\"og:url\" content=\"https:\/\/www.ventanasprodeco.com\/noticias\/ventanas-aislantes-edificio\/\" \/>\n<meta property=\"og:site_name\" content=\"Ventanas Prodeco\" \/>\n<meta property=\"article:publisher\" content=\"https:\/\/www.facebook.com\/VentanasProdeco\" \/>\n<meta property=\"article:published_time\" content=\"2025-11-21T05:45:51+00:00\" \/>\n<meta property=\"article:modified_time\" content=\"2025-11-21T05:45:53+00:00\" \/>\n<meta property=\"og:image\" content=\"https:\/\/www.ventanasprodeco.com\/noticias\/wp-content\/uploads\/2025\/11\/ventanas-aislantes-edificio.jpg\" \/>\n\t<meta property=\"og:image:width\" content=\"1568\" \/>\n\t<meta property=\"og:image:height\" content=\"1046\" \/>\n\t<meta property=\"og:image:type\" content=\"image\/jpeg\" \/>\n<meta name=\"author\" content=\"Ventanas Prodeco\" \/>\n<meta name=\"twitter:card\" content=\"summary_large_image\" \/>\n<meta name=\"twitter:creator\" content=\"@VentanasProdeco\" \/>\n<meta name=\"twitter:site\" content=\"@VentanasProdeco\" \/>\n<meta name=\"twitter:label1\" content=\"Escrito por\" \/>\n\t<meta name=\"twitter:data1\" content=\"Ventanas Prodeco\" \/>\n\t<meta name=\"twitter:label2\" content=\"Tiempo de lectura\" \/>\n\t<meta name=\"twitter:data2\" content=\"3 minutos\" \/>\n<script type=\"application\/ld+json\" class=\"yoast-schema-graph\">{\"@context\":\"https:\\\/\\\/schema.org\",\"@graph\":[{\"@type\":\"Article\",\"@id\":\"https:\\\/\\\/www.ventanasprodeco.com\\\/noticias\\\/ventanas-aislantes-edificio\\\/#article\",\"isPartOf\":{\"@id\":\"https:\\\/\\\/www.ventanasprodeco.com\\\/noticias\\\/ventanas-aislantes-edificio\\\/\"},\"author\":{\"name\":\"Ventanas Prodeco\",\"@id\":\"https:\\\/\\\/www.ventanasprodeco.com\\\/noticias\\\/#\\\/schema\\\/person\\\/e2913647ff79c129e55984ab50faf21a\"},\"headline\":\"Ventanas Aislantes para la Eficiencia Energ\u00e9tica de los Edificios\",\"datePublished\":\"2025-11-21T05:45:51+00:00\",\"dateModified\":\"2025-11-21T05:45:53+00:00\",\"mainEntityOfPage\":{\"@id\":\"https:\\\/\\\/www.ventanasprodeco.com\\\/noticias\\\/ventanas-aislantes-edificio\\\/\"},\"wordCount\":479,\"publisher\":{\"@id\":\"https:\\\/\\\/www.ventanasprodeco.com\\\/noticias\\\/#organization\"},\"image\":{\"@id\":\"https:\\\/\\\/www.ventanasprodeco.com\\\/noticias\\\/ventanas-aislantes-edificio\\\/#primaryimage\"},\"thumbnailUrl\":\"https:\\\/\\\/www.ventanasprodeco.com\\\/noticias\\\/wp-content\\\/uploads\\\/2025\\\/11\\\/ventanas-aislantes-edificio.jpg\",\"keywords\":[\"Ventanas Ac\u00fasticas\",\"Ventanas Aislantes\",\"Ventanas Calidad\",\"Ventanas Correderas\",\"Ventanas Edificios\",\"Ventanas Modernas\",\"Ventanas Prodeco\",\"Ventanas PVC\",\"Ventanas Seguridad\",\"Ventanas T\u00e9rmicas\"],\"articleSection\":[\"Noticias\"],\"inLanguage\":\"es\"},{\"@type\":\"WebPage\",\"@id\":\"https:\\\/\\\/www.ventanasprodeco.com\\\/noticias\\\/ventanas-aislantes-edificio\\\/\",\"url\":\"https:\\\/\\\/www.ventanasprodeco.com\\\/noticias\\\/ventanas-aislantes-edificio\\\/\",\"name\":\"Ventanas Aislantes para la Eficiencia Energ\u00e9tica de los Edificios - Ventanas Prodeco\",\"isPartOf\":{\"@id\":\"https:\\\/\\\/www.ventanasprodeco.com\\\/noticias\\\/#website\"},\"primaryImageOfPage\":{\"@id\":\"https:\\\/\\\/www.ventanasprodeco.com\\\/noticias\\\/ventanas-aislantes-edificio\\\/#primaryimage\"},\"image\":{\"@id\":\"https:\\\/\\\/www.ventanasprodeco.com\\\/noticias\\\/ventanas-aislantes-edificio\\\/#primaryimage\"},\"thumbnailUrl\":\"https:\\\/\\\/www.ventanasprodeco.com\\\/noticias\\\/wp-content\\\/uploads\\\/2025\\\/11\\\/ventanas-aislantes-edificio.jpg\",\"datePublished\":\"2025-11-21T05:45:51+00:00\",\"dateModified\":\"2025-11-21T05:45:53+00:00\",\"description\":\"\u00bfBuscas mejorar la eficiencia energ\u00e9tica de tu edificio? Descubre c\u00f3mo las ventanas aislantes te ayudan a obtener la m\u00e1xima calificaci\u00f3n.\",\"breadcrumb\":{\"@id\":\"https:\\\/\\\/www.ventanasprodeco.com\\\/noticias\\\/ventanas-aislantes-edificio\\\/#breadcrumb\"},\"inLanguage\":\"es\",\"potentialAction\":[{\"@type\":\"ReadAction\",\"target\":[\"https:\\\/\\\/www.ventanasprodeco.com\\\/noticias\\\/ventanas-aislantes-edificio\\\/\"]}]},{\"@type\":\"ImageObject\",\"inLanguage\":\"es\",\"@id\":\"https:\\\/\\\/www.ventanasprodeco.com\\\/noticias\\\/ventanas-aislantes-edificio\\\/#primaryimage\",\"url\":\"https:\\\/\\\/www.ventanasprodeco.com\\\/noticias\\\/wp-content\\\/uploads\\\/2025\\\/11\\\/ventanas-aislantes-edificio.jpg\",\"contentUrl\":\"https:\\\/\\\/www.ventanasprodeco.com\\\/noticias\\\/wp-content\\\/uploads\\\/2025\\\/11\\\/ventanas-aislantes-edificio.jpg\",\"width\":1568,\"height\":1046},{\"@type\":\"BreadcrumbList\",\"@id\":\"https:\\\/\\\/www.ventanasprodeco.com\\\/noticias\\\/ventanas-aislantes-edificio\\\/#breadcrumb\",\"itemListElement\":[{\"@type\":\"ListItem\",\"position\":1,\"name\":\"Portada\",\"item\":\"https:\\\/\\\/www.ventanasprodeco.com\\\/noticias\\\/\"},{\"@type\":\"ListItem\",\"position\":2,\"name\":\"Ventanas Aislantes para la Eficiencia Energ\u00e9tica de los Edificios\"}]},{\"@type\":\"WebSite\",\"@id\":\"https:\\\/\\\/www.ventanasprodeco.com\\\/noticias\\\/#website\",\"url\":\"https:\\\/\\\/www.ventanasprodeco.com\\\/noticias\\\/\",\"name\":\"VentanasProdeco.com\",\"description\":\"Especialistas en Ventanas\",\"publisher\":{\"@id\":\"https:\\\/\\\/www.ventanasprodeco.com\\\/noticias\\\/#organization\"},\"potentialAction\":[{\"@type\":\"SearchAction\",\"target\":{\"@type\":\"EntryPoint\",\"urlTemplate\":\"https:\\\/\\\/www.ventanasprodeco.com\\\/noticias\\\/?s={search_term_string}\"},\"query-input\":{\"@type\":\"PropertyValueSpecification\",\"valueRequired\":true,\"valueName\":\"search_term_string\"}}],\"inLanguage\":\"es\"},{\"@type\":\"Organization\",\"@id\":\"https:\\\/\\\/www.ventanasprodeco.com\\\/noticias\\\/#organization\",\"name\":\"Ventanas Prodeco\",\"url\":\"https:\\\/\\\/www.ventanasprodeco.com\\\/noticias\\\/\",\"logo\":{\"@type\":\"ImageObject\",\"inLanguage\":\"es\",\"@id\":\"https:\\\/\\\/www.ventanasprodeco.com\\\/noticias\\\/#\\\/schema\\\/logo\\\/image\\\/\",\"url\":\"https:\\\/\\\/www.ventanasprodeco.com\\\/noticias\\\/wp-content\\\/uploads\\\/2023\\\/06\\\/cropped-logo.png\",\"contentUrl\":\"https:\\\/\\\/www.ventanasprodeco.com\\\/noticias\\\/wp-content\\\/uploads\\\/2023\\\/06\\\/cropped-logo.png\",\"width\":300,\"height\":65,\"caption\":\"Ventanas Prodeco\"},\"image\":{\"@id\":\"https:\\\/\\\/www.ventanasprodeco.com\\\/noticias\\\/#\\\/schema\\\/logo\\\/image\\\/\"},\"sameAs\":[\"https:\\\/\\\/www.facebook.com\\\/VentanasProdeco\",\"https:\\\/\\\/x.com\\\/VentanasProdeco\",\"https:\\\/\\\/www.tiktok.com\\\/@VentanasProdeco\",\"https:\\\/\\\/www.youtube.com\\\/@VentanasProdeco\"]},{\"@type\":\"Person\",\"@id\":\"https:\\\/\\\/www.ventanasprodeco.com\\\/noticias\\\/#\\\/schema\\\/person\\\/e2913647ff79c129e55984ab50faf21a\",\"name\":\"Ventanas Prodeco\",\"image\":{\"@type\":\"ImageObject\",\"inLanguage\":\"es\",\"@id\":\"https:\\\/\\\/secure.gravatar.com\\\/avatar\\\/c5f8fa291da6699f0d04718e30fdb7ff9fa47d2ae84c79a8f68922349513ce31?s=96&d=mm&r=g\",\"url\":\"https:\\\/\\\/secure.gravatar.com\\\/avatar\\\/c5f8fa291da6699f0d04718e30fdb7ff9fa47d2ae84c79a8f68922349513ce31?s=96&d=mm&r=g\",\"contentUrl\":\"https:\\\/\\\/secure.gravatar.com\\\/avatar\\\/c5f8fa291da6699f0d04718e30fdb7ff9fa47d2ae84c79a8f68922349513ce31?s=96&d=mm&r=g\",\"caption\":\"Ventanas Prodeco\"},\"sameAs\":[\"http:\\\/\\\/ventanasprodeco.com\\\/noticias\"],\"url\":\"https:\\\/\\\/www.ventanasprodeco.com\\\/noticias\\\/author\\\/admin\\\/\"}]}<\/script>\n<!-- \/ Yoast SEO plugin. -->","yoast_head_json":{"title":"Ventanas Aislantes para la Eficiencia Energ\u00e9tica de los Edificios - Ventanas Prodeco","description":"\u00bfBuscas mejorar la eficiencia energ\u00e9tica de tu edificio? Descubre c\u00f3mo las ventanas aislantes te ayudan a obtener la m\u00e1xima calificaci\u00f3n.","robots":{"index":"index","follow":"follow","max-snippet":"max-snippet:-1","max-image-preview":"max-image-preview:large","max-video-preview":"max-video-preview:-1"},"canonical":"https:\/\/www.ventanasprodeco.com\/noticias\/ventanas-aislantes-edificio\/","og_locale":"es_ES","og_type":"article","og_title":"Ventanas Aislantes para la Eficiencia Energ\u00e9tica de los Edificios - Ventanas Prodeco","og_description":"\u00bfBuscas mejorar la eficiencia energ\u00e9tica de tu edificio? Descubre c\u00f3mo las ventanas aislantes te ayudan a obtener la m\u00e1xima calificaci\u00f3n.","og_url":"https:\/\/www.ventanasprodeco.com\/noticias\/ventanas-aislantes-edificio\/","og_site_name":"Ventanas Prodeco","article_publisher":"https:\/\/www.facebook.com\/VentanasProdeco","article_published_time":"2025-11-21T05:45:51+00:00","article_modified_time":"2025-11-21T05:45:53+00:00","og_image":[{"width":1568,"height":1046,"url":"https:\/\/www.ventanasprodeco.com\/noticias\/wp-content\/uploads\/2025\/11\/ventanas-aislantes-edificio.jpg","type":"image\/jpeg"}],"author":"Ventanas Prodeco","twitter_card":"summary_large_image","twitter_creator":"@VentanasProdeco","twitter_site":"@VentanasProdeco","twitter_misc":{"Escrito por":"Ventanas Prodeco","Tiempo de lectura":"3 minutos"},"schema":{"@context":"https:\/\/schema.org","@graph":[{"@type":"Article","@id":"https:\/\/www.ventanasprodeco.com\/noticias\/ventanas-aislantes-edificio\/#article","isPartOf":{"@id":"https:\/\/www.ventanasprodeco.com\/noticias\/ventanas-aislantes-edificio\/"},"author":{"name":"Ventanas Prodeco","@id":"https:\/\/www.ventanasprodeco.com\/noticias\/#\/schema\/person\/e2913647ff79c129e55984ab50faf21a"},"headline":"Ventanas Aislantes para la Eficiencia Energ\u00e9tica de los Edificios","datePublished":"2025-11-21T05:45:51+00:00","dateModified":"2025-11-21T05:45:53+00:00","mainEntityOfPage":{"@id":"https:\/\/www.ventanasprodeco.com\/noticias\/ventanas-aislantes-edificio\/"},"wordCount":479,"publisher":{"@id":"https:\/\/www.ventanasprodeco.com\/noticias\/#organization"},"image":{"@id":"https:\/\/www.ventanasprodeco.com\/noticias\/ventanas-aislantes-edificio\/#primaryimage"},"thumbnailUrl":"https:\/\/www.ventanasprodeco.com\/noticias\/wp-content\/uploads\/2025\/11\/ventanas-aislantes-edificio.jpg","keywords":["Ventanas Ac\u00fasticas","Ventanas Aislantes","Ventanas Calidad","Ventanas Correderas","Ventanas Edificios","Ventanas Modernas","Ventanas Prodeco","Ventanas PVC","Ventanas Seguridad","Ventanas T\u00e9rmicas"],"articleSection":["Noticias"],"inLanguage":"es"},{"@type":"WebPage","@id":"https:\/\/www.ventanasprodeco.com\/noticias\/ventanas-aislantes-edificio\/","url":"https:\/\/www.ventanasprodeco.com\/noticias\/ventanas-aislantes-edificio\/","name":"Ventanas Aislantes para la Eficiencia Energ\u00e9tica de los Edificios - Ventanas Prodeco","isPartOf":{"@id":"https:\/\/www.ventanasprodeco.com\/noticias\/#website"},"primaryImageOfPage":{"@id":"https:\/\/www.ventanasprodeco.com\/noticias\/ventanas-aislantes-edificio\/#primaryimage"},"image":{"@id":"https:\/\/www.ventanasprodeco.com\/noticias\/ventanas-aislantes-edificio\/#primaryimage"},"thumbnailUrl":"https:\/\/www.ventanasprodeco.com\/noticias\/wp-content\/uploads\/2025\/11\/ventanas-aislantes-edificio.jpg","datePublished":"2025-11-21T05:45:51+00:00","dateModified":"2025-11-21T05:45:53+00:00","description":"\u00bfBuscas mejorar la eficiencia energ\u00e9tica de tu edificio? Descubre c\u00f3mo las ventanas aislantes te ayudan a obtener la m\u00e1xima calificaci\u00f3n.","breadcrumb":{"@id":"https:\/\/www.ventanasprodeco.com\/noticias\/ventanas-aislantes-edificio\/#breadcrumb"},"inLanguage":"es","potentialAction":[{"@type":"ReadAction","target":["https:\/\/www.ventanasprodeco.com\/noticias\/ventanas-aislantes-edificio\/"]}]},{"@type":"ImageObject","inLanguage":"es","@id":"https:\/\/www.ventanasprodeco.com\/noticias\/ventanas-aislantes-edificio\/#primaryimage","url":"https:\/\/www.ventanasprodeco.com\/noticias\/wp-content\/uploads\/2025\/11\/ventanas-aislantes-edificio.jpg","contentUrl":"https:\/\/www.ventanasprodeco.com\/noticias\/wp-content\/uploads\/2025\/11\/ventanas-aislantes-edificio.jpg","width":1568,"height":1046},{"@type":"BreadcrumbList","@id":"https:\/\/www.ventanasprodeco.com\/noticias\/ventanas-aislantes-edificio\/#breadcrumb","itemListElement":[{"@type":"ListItem","position":1,"name":"Portada","item":"https:\/\/www.ventanasprodeco.com\/noticias\/"},{"@type":"ListItem","position":2,"name":"Ventanas Aislantes para la Eficiencia Energ\u00e9tica de los Edificios"}]},{"@type":"WebSite","@id":"https:\/\/www.ventanasprodeco.com\/noticias\/#website","url":"https:\/\/www.ventanasprodeco.com\/noticias\/","name":"VentanasProdeco.com","description":"Especialistas en Ventanas","publisher":{"@id":"https:\/\/www.ventanasprodeco.com\/noticias\/#organization"},"potentialAction":[{"@type":"SearchAction","target":{"@type":"EntryPoint","urlTemplate":"https:\/\/www.ventanasprodeco.com\/noticias\/?s={search_term_string}"},"query-input":{"@type":"PropertyValueSpecification","valueRequired":true,"valueName":"search_term_string"}}],"inLanguage":"es"},{"@type":"Organization","@id":"https:\/\/www.ventanasprodeco.com\/noticias\/#organization","name":"Ventanas Prodeco","url":"https:\/\/www.ventanasprodeco.com\/noticias\/","logo":{"@type":"ImageObject","inLanguage":"es","@id":"https:\/\/www.ventanasprodeco.com\/noticias\/#\/schema\/logo\/image\/","url":"https:\/\/www.ventanasprodeco.com\/noticias\/wp-content\/uploads\/2023\/06\/cropped-logo.png","contentUrl":"https:\/\/www.ventanasprodeco.com\/noticias\/wp-content\/uploads\/2023\/06\/cropped-logo.png","width":300,"height":65,"caption":"Ventanas Prodeco"},"image":{"@id":"https:\/\/www.ventanasprodeco.com\/noticias\/#\/schema\/logo\/image\/"},"sameAs":["https:\/\/www.facebook.com\/VentanasProdeco","https:\/\/x.com\/VentanasProdeco","https:\/\/www.tiktok.com\/@VentanasProdeco","https:\/\/www.youtube.com\/@VentanasProdeco"]},{"@type":"Person","@id":"https:\/\/www.ventanasprodeco.com\/noticias\/#\/schema\/person\/e2913647ff79c129e55984ab50faf21a","name":"Ventanas Prodeco","image":{"@type":"ImageObject","inLanguage":"es","@id":"https:\/\/secure.gravatar.com\/avatar\/c5f8fa291da6699f0d04718e30fdb7ff9fa47d2ae84c79a8f68922349513ce31?s=96&d=mm&r=g","url":"https:\/\/secure.gravatar.com\/avatar\/c5f8fa291da6699f0d04718e30fdb7ff9fa47d2ae84c79a8f68922349513ce31?s=96&d=mm&r=g","contentUrl":"https:\/\/secure.gravatar.com\/avatar\/c5f8fa291da6699f0d04718e30fdb7ff9fa47d2ae84c79a8f68922349513ce31?s=96&d=mm&r=g","caption":"Ventanas Prodeco"},"sameAs":["http:\/\/ventanasprodeco.com\/noticias"],"url":"https:\/\/www.ventanasprodeco.com\/noticias\/author\/admin\/"}]}},"_links":{"self":[{"href":"https:\/\/www.ventanasprodeco.com\/noticias\/wp-json\/wp\/v2\/posts\/1610","targetHints":{"allow":["GET"]}}],"collection":[{"href":"https:\/\/www.ventanasprodeco.com\/noticias\/wp-json\/wp\/v2\/posts"}],"about":[{"href":"https:\/\/www.ventanasprodeco.com\/noticias\/wp-json\/wp\/v2\/types\/post"}],"author":[{"embeddable":true,"href":"https:\/\/www.ventanasprodeco.com\/noticias\/wp-json\/wp\/v2\/users\/1"}],"replies":[{"embeddable":true,"href":"https:\/\/www.ventanasprodeco.com\/noticias\/wp-json\/wp\/v2\/comments?post=1610"}],"version-history":[{"count":0,"href":"https:\/\/www.ventanasprodeco.com\/noticias\/wp-json\/wp\/v2\/posts\/1610\/revisions"}],"wp:featuredmedia":[{"embeddable":true,"href":"https:\/\/www.ventanasprodeco.com\/noticias\/wp-json\/wp\/v2\/media\/1614"}],"wp:attachment":[{"href":"https:\/\/www.ventanasprodeco.com\/noticias\/wp-json\/wp\/v2\/media?parent=1610"}],"wp:term":[{"taxonomy":"category","embeddable":true,"href":"https:\/\/www.ventanasprodeco.com\/noticias\/wp-json\/wp\/v2\/categories?post=1610"},{"taxonomy":"post_tag","embeddable":true,"href":"https:\/\/www.ventanasprodeco.com\/noticias\/wp-json\/wp\/v2\/tags?post=1610"}],"curies":[{"name":"wp","href":"https:\/\/api.w.org\/{rel}","templated":true}]}}