{"id":1478,"date":"2025-09-19T05:24:28","date_gmt":"2025-09-19T05:24:28","guid":{"rendered":"https:\/\/www.ventanasprodeco.com\/noticias\/?p=1478"},"modified":"2025-09-19T05:29:48","modified_gmt":"2025-09-19T05:29:48","slug":"ventanas-oficinas","status":"publish","type":"post","link":"https:\/\/www.ventanasprodeco.com\/noticias\/ventanas-oficinas\/","title":{"rendered":"Ventanas para Oficinas con Certificaci\u00f3n Energ\u00e9tica"},"content":{"rendered":"\n<p>El rendimiento de una oficina no solo se mide por la productividad de sus empleados, sino tambi\u00e9n por la eficiencia de su infraestructura. Uno de los mayores desaf\u00edos en cualquier edificio de oficinas es el control del consumo energ\u00e9tico, un gasto que a menudo se dispara por una raz\u00f3n sencilla, ventanas ineficientes.<\/p>\n\n\n\n<p>Mejorar el aislamiento de las ventanas no es solo una reforma, es una inversi\u00f3n estrat\u00e9gica que se traduce en un ahorro sustancial y una mejor calificaci\u00f3n en la <strong>certificaci\u00f3n energ\u00e9tica<\/strong> de la propiedad.<\/p>\n\n\n\n<h2 class=\"wp-block-heading\">El Impacto de las Ventanas en la Eficiencia de tu Oficina<\/h2>\n\n\n\n<p>Las ventanas antiguas o de baja calidad son el principal punto de fuga de energ\u00eda en cualquier edificio. Durante el invierno, permiten que el calor se escape, forzando a los sistemas de calefacci\u00f3n a trabajar en exceso. En verano, dejan entrar el calor exterior, sobrecargando el aire acondicionado. Este ciclo constante no solo eleva los costos, sino que tambi\u00e9n crea un ambiente de trabajo inc\u00f3modo.<\/p>\n\n\n\n<p>Una <strong>ventana certificada<\/strong> de alta eficiencia es la soluci\u00f3n, actuando como una barrera que mantiene la temperatura interior estable sin importar el clima exterior.<\/p>\n\n\n\n<h2 class=\"wp-block-heading\">La Certificaci\u00f3n Energ\u00e9tica<\/h2>\n\n\n\n<p>El certificado energ\u00e9tico es un documento oficial que valora la eficiencia de un edificio en una escala que va de la A (la m\u00e1s eficiente) a la G (la menos eficiente). Es una herramienta vital para conocer el consumo y el impacto ambiental de una propiedad.<\/p>\n\n\n\n<p>Invertir en <strong>ventanas con un alto rendimiento<\/strong> energ\u00e9tico puede elevar significativamente la calificaci\u00f3n de tu oficina. Un cambio de una ventana de baja a una de alta calificaci\u00f3n puede, por s\u00ed solo, mejorar una o dos letras en el certificado, lo que aumenta el valor del inmueble y su atractivo en el mercado.<\/p>\n\n\n\n<h2 class=\"wp-block-heading\">La Soluci\u00f3n de Ventanas Prodeco para Oficinas<\/h2>\n\n\n\n<p>En <strong>Ventanas Prodeco<\/strong>, dise\u00f1amos y fabricamos ventanas que no solo cumplen, sino que superan los est\u00e1ndares de eficiencia. Nuestras soluciones est\u00e1n pensadas para el entorno empresarial, garantizando:<\/p>\n\n\n\n<ul class=\"wp-block-list\">\n<li><strong>Perfiles de alta calidad:<\/strong> Utilizamos perfiles de PVC o de aluminio con rotura de puente t\u00e9rmico que minimizan la transferencia de calor y fr\u00edo.<\/li>\n\n\n\n<li style=\"margin-top:20px;\"><strong>Vidrios de Control Solar y Bajo Emisivos:<\/strong> Con doble o triple acristalamiento, nuestros vidrios est\u00e1n dise\u00f1ados para reflejar el calor del sol en verano y retener el calor interior en invierno.<\/li>\n\n\n\n<li style=\"margin-top:20px;\"><strong>Hermeticidad Perfecta:<\/strong> Los herrajes de cierre de alta seguridad aseguran una estanqueidad completa, eliminando las corrientes de aire y las fugas energ\u00e9ticas.<\/li>\n<\/ul>\n\n\n<hr>\n\n<p>Las ventanas de <strong><a href=\"\/\">Ventanas Prodeco<\/a><\/strong> son la inversi\u00f3n inteligente para cualquier oficina que busque reducir costos, aumentar el confort de sus empleados y mejorar su valor en el mercado.<\/p>\n","protected":false},"excerpt":{"rendered":"<p>El rendimiento de una oficina no solo se mide por la productividad de sus empleados, sino tambi\u00e9n por la eficiencia de su infraestructura. Uno de los mayores desaf\u00edos en cualquier edificio de oficinas es el control del consumo energ\u00e9tico, un gasto que a menudo se dispara por una raz\u00f3n sencilla, ventanas ineficientes. Mejorar el aislamiento&hellip; <a class=\"more-link\" href=\"https:\/\/www.ventanasprodeco.com\/noticias\/ventanas-oficinas\/\">Seguir leyendo <span class=\"screen-reader-text\">Ventanas para Oficinas con Certificaci\u00f3n Energ\u00e9tica<\/span><\/a><\/p>\n","protected":false},"author":1,"featured_media":1482,"comment_status":"closed","ping_status":"open","sticky":false,"template":"","format":"standard","meta":{"footnotes":""},"categories":[1],"tags":[6,8,10,12,13,63,9,20,15,7],"class_list":["post-1478","post","type-post","status-publish","format-standard","has-post-thumbnail","hentry","category-noticias","tag-ventanas","tag-ventanas-acusticas","tag-ventanas-calidad","tag-ventanas-correderas","tag-ventanas-elegantes","tag-ventanas-oficinas","tag-ventanas-prodeco","tag-ventanas-pvc","tag-ventanas-seguridad","tag-ventanas-termicas","entry"],"yoast_head":"<!-- This site is optimized with the Yoast SEO plugin v27.4 - https:\/\/yoast.com\/product\/yoast-seo-wordpress\/ -->\n<title>Ventanas para Oficinas con Certificaci\u00f3n Energ\u00e9tica - Ventanas Prodeco<\/title>\n<meta name=\"description\" content=\"Descubre c\u00f3mo las ventanas para oficinas con certificaci\u00f3n energ\u00e9tica de Ventanas Prodeco reducen costos y aumentan el valor de tu inmueble.\" \/>\n<meta name=\"robots\" content=\"index, follow, max-snippet:-1, max-image-preview:large, max-video-preview:-1\" \/>\n<link rel=\"canonical\" href=\"https:\/\/www.ventanasprodeco.com\/noticias\/ventanas-oficinas\/\" \/>\n<meta property=\"og:locale\" content=\"es_ES\" \/>\n<meta property=\"og:type\" content=\"article\" \/>\n<meta property=\"og:title\" content=\"Ventanas para Oficinas con Certificaci\u00f3n Energ\u00e9tica - Ventanas Prodeco\" \/>\n<meta property=\"og:description\" content=\"Descubre c\u00f3mo las ventanas para oficinas con certificaci\u00f3n energ\u00e9tica de Ventanas Prodeco reducen costos y aumentan el valor de tu inmueble.\" \/>\n<meta property=\"og:url\" content=\"https:\/\/www.ventanasprodeco.com\/noticias\/ventanas-oficinas\/\" \/>\n<meta property=\"og:site_name\" content=\"Ventanas Prodeco\" \/>\n<meta property=\"article:publisher\" content=\"https:\/\/www.facebook.com\/VentanasProdeco\" \/>\n<meta property=\"article:published_time\" content=\"2025-09-19T05:24:28+00:00\" \/>\n<meta property=\"article:modified_time\" content=\"2025-09-19T05:29:48+00:00\" \/>\n<meta property=\"og:image\" content=\"https:\/\/www.ventanasprodeco.com\/noticias\/wp-content\/uploads\/2025\/09\/ventanas-oficinas.jpg\" \/>\n\t<meta property=\"og:image:width\" content=\"1568\" \/>\n\t<meta property=\"og:image:height\" content=\"1046\" \/>\n\t<meta property=\"og:image:type\" content=\"image\/jpeg\" \/>\n<meta name=\"author\" content=\"Ventanas Prodeco\" \/>\n<meta name=\"twitter:card\" content=\"summary_large_image\" \/>\n<meta name=\"twitter:creator\" content=\"@VentanasProdeco\" \/>\n<meta name=\"twitter:site\" content=\"@VentanasProdeco\" \/>\n<meta name=\"twitter:label1\" content=\"Escrito por\" \/>\n\t<meta name=\"twitter:data1\" content=\"Ventanas Prodeco\" \/>\n\t<meta name=\"twitter:label2\" content=\"Tiempo de lectura\" \/>\n\t<meta name=\"twitter:data2\" content=\"3 minutos\" \/>\n<script type=\"application\/ld+json\" class=\"yoast-schema-graph\">{\"@context\":\"https:\\\/\\\/schema.org\",\"@graph\":[{\"@type\":\"Article\",\"@id\":\"https:\\\/\\\/www.ventanasprodeco.com\\\/noticias\\\/ventanas-oficinas\\\/#article\",\"isPartOf\":{\"@id\":\"https:\\\/\\\/www.ventanasprodeco.com\\\/noticias\\\/ventanas-oficinas\\\/\"},\"author\":{\"name\":\"Ventanas Prodeco\",\"@id\":\"https:\\\/\\\/www.ventanasprodeco.com\\\/noticias\\\/#\\\/schema\\\/person\\\/e2913647ff79c129e55984ab50faf21a\"},\"headline\":\"Ventanas para Oficinas con Certificaci\u00f3n Energ\u00e9tica\",\"datePublished\":\"2025-09-19T05:24:28+00:00\",\"dateModified\":\"2025-09-19T05:29:48+00:00\",\"mainEntityOfPage\":{\"@id\":\"https:\\\/\\\/www.ventanasprodeco.com\\\/noticias\\\/ventanas-oficinas\\\/\"},\"wordCount\":466,\"publisher\":{\"@id\":\"https:\\\/\\\/www.ventanasprodeco.com\\\/noticias\\\/#organization\"},\"image\":{\"@id\":\"https:\\\/\\\/www.ventanasprodeco.com\\\/noticias\\\/ventanas-oficinas\\\/#primaryimage\"},\"thumbnailUrl\":\"https:\\\/\\\/www.ventanasprodeco.com\\\/noticias\\\/wp-content\\\/uploads\\\/2025\\\/09\\\/ventanas-oficinas.jpg\",\"keywords\":[\"Ventanas\",\"Ventanas Ac\u00fasticas\",\"Ventanas Calidad\",\"Ventanas Correderas\",\"Ventanas Elegantes\",\"Ventanas Oficinas\",\"Ventanas Prodeco\",\"Ventanas PVC\",\"Ventanas Seguridad\",\"Ventanas T\u00e9rmicas\"],\"articleSection\":[\"Noticias\"],\"inLanguage\":\"es\"},{\"@type\":\"WebPage\",\"@id\":\"https:\\\/\\\/www.ventanasprodeco.com\\\/noticias\\\/ventanas-oficinas\\\/\",\"url\":\"https:\\\/\\\/www.ventanasprodeco.com\\\/noticias\\\/ventanas-oficinas\\\/\",\"name\":\"Ventanas para Oficinas con Certificaci\u00f3n Energ\u00e9tica - Ventanas Prodeco\",\"isPartOf\":{\"@id\":\"https:\\\/\\\/www.ventanasprodeco.com\\\/noticias\\\/#website\"},\"primaryImageOfPage\":{\"@id\":\"https:\\\/\\\/www.ventanasprodeco.com\\\/noticias\\\/ventanas-oficinas\\\/#primaryimage\"},\"image\":{\"@id\":\"https:\\\/\\\/www.ventanasprodeco.com\\\/noticias\\\/ventanas-oficinas\\\/#primaryimage\"},\"thumbnailUrl\":\"https:\\\/\\\/www.ventanasprodeco.com\\\/noticias\\\/wp-content\\\/uploads\\\/2025\\\/09\\\/ventanas-oficinas.jpg\",\"datePublished\":\"2025-09-19T05:24:28+00:00\",\"dateModified\":\"2025-09-19T05:29:48+00:00\",\"description\":\"Descubre c\u00f3mo las ventanas para oficinas con certificaci\u00f3n energ\u00e9tica de Ventanas Prodeco reducen costos y aumentan el valor de tu inmueble.\",\"breadcrumb\":{\"@id\":\"https:\\\/\\\/www.ventanasprodeco.com\\\/noticias\\\/ventanas-oficinas\\\/#breadcrumb\"},\"inLanguage\":\"es\",\"potentialAction\":[{\"@type\":\"ReadAction\",\"target\":[\"https:\\\/\\\/www.ventanasprodeco.com\\\/noticias\\\/ventanas-oficinas\\\/\"]}]},{\"@type\":\"ImageObject\",\"inLanguage\":\"es\",\"@id\":\"https:\\\/\\\/www.ventanasprodeco.com\\\/noticias\\\/ventanas-oficinas\\\/#primaryimage\",\"url\":\"https:\\\/\\\/www.ventanasprodeco.com\\\/noticias\\\/wp-content\\\/uploads\\\/2025\\\/09\\\/ventanas-oficinas.jpg\",\"contentUrl\":\"https:\\\/\\\/www.ventanasprodeco.com\\\/noticias\\\/wp-content\\\/uploads\\\/2025\\\/09\\\/ventanas-oficinas.jpg\",\"width\":1568,\"height\":1046},{\"@type\":\"BreadcrumbList\",\"@id\":\"https:\\\/\\\/www.ventanasprodeco.com\\\/noticias\\\/ventanas-oficinas\\\/#breadcrumb\",\"itemListElement\":[{\"@type\":\"ListItem\",\"position\":1,\"name\":\"Portada\",\"item\":\"https:\\\/\\\/www.ventanasprodeco.com\\\/noticias\\\/\"},{\"@type\":\"ListItem\",\"position\":2,\"name\":\"Ventanas para Oficinas con Certificaci\u00f3n Energ\u00e9tica\"}]},{\"@type\":\"WebSite\",\"@id\":\"https:\\\/\\\/www.ventanasprodeco.com\\\/noticias\\\/#website\",\"url\":\"https:\\\/\\\/www.ventanasprodeco.com\\\/noticias\\\/\",\"name\":\"VentanasProdeco.com\",\"description\":\"Especialistas en Ventanas\",\"publisher\":{\"@id\":\"https:\\\/\\\/www.ventanasprodeco.com\\\/noticias\\\/#organization\"},\"potentialAction\":[{\"@type\":\"SearchAction\",\"target\":{\"@type\":\"EntryPoint\",\"urlTemplate\":\"https:\\\/\\\/www.ventanasprodeco.com\\\/noticias\\\/?s={search_term_string}\"},\"query-input\":{\"@type\":\"PropertyValueSpecification\",\"valueRequired\":true,\"valueName\":\"search_term_string\"}}],\"inLanguage\":\"es\"},{\"@type\":\"Organization\",\"@id\":\"https:\\\/\\\/www.ventanasprodeco.com\\\/noticias\\\/#organization\",\"name\":\"Ventanas Prodeco\",\"url\":\"https:\\\/\\\/www.ventanasprodeco.com\\\/noticias\\\/\",\"logo\":{\"@type\":\"ImageObject\",\"inLanguage\":\"es\",\"@id\":\"https:\\\/\\\/www.ventanasprodeco.com\\\/noticias\\\/#\\\/schema\\\/logo\\\/image\\\/\",\"url\":\"https:\\\/\\\/www.ventanasprodeco.com\\\/noticias\\\/wp-content\\\/uploads\\\/2023\\\/06\\\/cropped-logo.png\",\"contentUrl\":\"https:\\\/\\\/www.ventanasprodeco.com\\\/noticias\\\/wp-content\\\/uploads\\\/2023\\\/06\\\/cropped-logo.png\",\"width\":300,\"height\":65,\"caption\":\"Ventanas Prodeco\"},\"image\":{\"@id\":\"https:\\\/\\\/www.ventanasprodeco.com\\\/noticias\\\/#\\\/schema\\\/logo\\\/image\\\/\"},\"sameAs\":[\"https:\\\/\\\/www.facebook.com\\\/VentanasProdeco\",\"https:\\\/\\\/x.com\\\/VentanasProdeco\",\"https:\\\/\\\/www.tiktok.com\\\/@VentanasProdeco\",\"https:\\\/\\\/www.youtube.com\\\/@VentanasProdeco\"]},{\"@type\":\"Person\",\"@id\":\"https:\\\/\\\/www.ventanasprodeco.com\\\/noticias\\\/#\\\/schema\\\/person\\\/e2913647ff79c129e55984ab50faf21a\",\"name\":\"Ventanas Prodeco\",\"image\":{\"@type\":\"ImageObject\",\"inLanguage\":\"es\",\"@id\":\"https:\\\/\\\/secure.gravatar.com\\\/avatar\\\/c5f8fa291da6699f0d04718e30fdb7ff9fa47d2ae84c79a8f68922349513ce31?s=96&d=mm&r=g\",\"url\":\"https:\\\/\\\/secure.gravatar.com\\\/avatar\\\/c5f8fa291da6699f0d04718e30fdb7ff9fa47d2ae84c79a8f68922349513ce31?s=96&d=mm&r=g\",\"contentUrl\":\"https:\\\/\\\/secure.gravatar.com\\\/avatar\\\/c5f8fa291da6699f0d04718e30fdb7ff9fa47d2ae84c79a8f68922349513ce31?s=96&d=mm&r=g\",\"caption\":\"Ventanas Prodeco\"},\"sameAs\":[\"http:\\\/\\\/ventanasprodeco.com\\\/noticias\"],\"url\":\"https:\\\/\\\/www.ventanasprodeco.com\\\/noticias\\\/author\\\/admin\\\/\"}]}<\/script>\n<!-- \/ Yoast SEO plugin. -->","yoast_head_json":{"title":"Ventanas para Oficinas con Certificaci\u00f3n Energ\u00e9tica - Ventanas Prodeco","description":"Descubre c\u00f3mo las ventanas para oficinas con certificaci\u00f3n energ\u00e9tica de Ventanas Prodeco reducen costos y aumentan el valor de tu inmueble.","robots":{"index":"index","follow":"follow","max-snippet":"max-snippet:-1","max-image-preview":"max-image-preview:large","max-video-preview":"max-video-preview:-1"},"canonical":"https:\/\/www.ventanasprodeco.com\/noticias\/ventanas-oficinas\/","og_locale":"es_ES","og_type":"article","og_title":"Ventanas para Oficinas con Certificaci\u00f3n Energ\u00e9tica - Ventanas Prodeco","og_description":"Descubre c\u00f3mo las ventanas para oficinas con certificaci\u00f3n energ\u00e9tica de Ventanas Prodeco reducen costos y aumentan el valor de tu inmueble.","og_url":"https:\/\/www.ventanasprodeco.com\/noticias\/ventanas-oficinas\/","og_site_name":"Ventanas Prodeco","article_publisher":"https:\/\/www.facebook.com\/VentanasProdeco","article_published_time":"2025-09-19T05:24:28+00:00","article_modified_time":"2025-09-19T05:29:48+00:00","og_image":[{"width":1568,"height":1046,"url":"https:\/\/www.ventanasprodeco.com\/noticias\/wp-content\/uploads\/2025\/09\/ventanas-oficinas.jpg","type":"image\/jpeg"}],"author":"Ventanas Prodeco","twitter_card":"summary_large_image","twitter_creator":"@VentanasProdeco","twitter_site":"@VentanasProdeco","twitter_misc":{"Escrito por":"Ventanas Prodeco","Tiempo de lectura":"3 minutos"},"schema":{"@context":"https:\/\/schema.org","@graph":[{"@type":"Article","@id":"https:\/\/www.ventanasprodeco.com\/noticias\/ventanas-oficinas\/#article","isPartOf":{"@id":"https:\/\/www.ventanasprodeco.com\/noticias\/ventanas-oficinas\/"},"author":{"name":"Ventanas Prodeco","@id":"https:\/\/www.ventanasprodeco.com\/noticias\/#\/schema\/person\/e2913647ff79c129e55984ab50faf21a"},"headline":"Ventanas para Oficinas con Certificaci\u00f3n Energ\u00e9tica","datePublished":"2025-09-19T05:24:28+00:00","dateModified":"2025-09-19T05:29:48+00:00","mainEntityOfPage":{"@id":"https:\/\/www.ventanasprodeco.com\/noticias\/ventanas-oficinas\/"},"wordCount":466,"publisher":{"@id":"https:\/\/www.ventanasprodeco.com\/noticias\/#organization"},"image":{"@id":"https:\/\/www.ventanasprodeco.com\/noticias\/ventanas-oficinas\/#primaryimage"},"thumbnailUrl":"https:\/\/www.ventanasprodeco.com\/noticias\/wp-content\/uploads\/2025\/09\/ventanas-oficinas.jpg","keywords":["Ventanas","Ventanas Ac\u00fasticas","Ventanas Calidad","Ventanas Correderas","Ventanas Elegantes","Ventanas Oficinas","Ventanas Prodeco","Ventanas PVC","Ventanas Seguridad","Ventanas T\u00e9rmicas"],"articleSection":["Noticias"],"inLanguage":"es"},{"@type":"WebPage","@id":"https:\/\/www.ventanasprodeco.com\/noticias\/ventanas-oficinas\/","url":"https:\/\/www.ventanasprodeco.com\/noticias\/ventanas-oficinas\/","name":"Ventanas para Oficinas con Certificaci\u00f3n Energ\u00e9tica - Ventanas Prodeco","isPartOf":{"@id":"https:\/\/www.ventanasprodeco.com\/noticias\/#website"},"primaryImageOfPage":{"@id":"https:\/\/www.ventanasprodeco.com\/noticias\/ventanas-oficinas\/#primaryimage"},"image":{"@id":"https:\/\/www.ventanasprodeco.com\/noticias\/ventanas-oficinas\/#primaryimage"},"thumbnailUrl":"https:\/\/www.ventanasprodeco.com\/noticias\/wp-content\/uploads\/2025\/09\/ventanas-oficinas.jpg","datePublished":"2025-09-19T05:24:28+00:00","dateModified":"2025-09-19T05:29:48+00:00","description":"Descubre c\u00f3mo las ventanas para oficinas con certificaci\u00f3n energ\u00e9tica de Ventanas Prodeco reducen costos y aumentan el valor de tu inmueble.","breadcrumb":{"@id":"https:\/\/www.ventanasprodeco.com\/noticias\/ventanas-oficinas\/#breadcrumb"},"inLanguage":"es","potentialAction":[{"@type":"ReadAction","target":["https:\/\/www.ventanasprodeco.com\/noticias\/ventanas-oficinas\/"]}]},{"@type":"ImageObject","inLanguage":"es","@id":"https:\/\/www.ventanasprodeco.com\/noticias\/ventanas-oficinas\/#primaryimage","url":"https:\/\/www.ventanasprodeco.com\/noticias\/wp-content\/uploads\/2025\/09\/ventanas-oficinas.jpg","contentUrl":"https:\/\/www.ventanasprodeco.com\/noticias\/wp-content\/uploads\/2025\/09\/ventanas-oficinas.jpg","width":1568,"height":1046},{"@type":"BreadcrumbList","@id":"https:\/\/www.ventanasprodeco.com\/noticias\/ventanas-oficinas\/#breadcrumb","itemListElement":[{"@type":"ListItem","position":1,"name":"Portada","item":"https:\/\/www.ventanasprodeco.com\/noticias\/"},{"@type":"ListItem","position":2,"name":"Ventanas para Oficinas con Certificaci\u00f3n Energ\u00e9tica"}]},{"@type":"WebSite","@id":"https:\/\/www.ventanasprodeco.com\/noticias\/#website","url":"https:\/\/www.ventanasprodeco.com\/noticias\/","name":"VentanasProdeco.com","description":"Especialistas en Ventanas","publisher":{"@id":"https:\/\/www.ventanasprodeco.com\/noticias\/#organization"},"potentialAction":[{"@type":"SearchAction","target":{"@type":"EntryPoint","urlTemplate":"https:\/\/www.ventanasprodeco.com\/noticias\/?s={search_term_string}"},"query-input":{"@type":"PropertyValueSpecification","valueRequired":true,"valueName":"search_term_string"}}],"inLanguage":"es"},{"@type":"Organization","@id":"https:\/\/www.ventanasprodeco.com\/noticias\/#organization","name":"Ventanas Prodeco","url":"https:\/\/www.ventanasprodeco.com\/noticias\/","logo":{"@type":"ImageObject","inLanguage":"es","@id":"https:\/\/www.ventanasprodeco.com\/noticias\/#\/schema\/logo\/image\/","url":"https:\/\/www.ventanasprodeco.com\/noticias\/wp-content\/uploads\/2023\/06\/cropped-logo.png","contentUrl":"https:\/\/www.ventanasprodeco.com\/noticias\/wp-content\/uploads\/2023\/06\/cropped-logo.png","width":300,"height":65,"caption":"Ventanas Prodeco"},"image":{"@id":"https:\/\/www.ventanasprodeco.com\/noticias\/#\/schema\/logo\/image\/"},"sameAs":["https:\/\/www.facebook.com\/VentanasProdeco","https:\/\/x.com\/VentanasProdeco","https:\/\/www.tiktok.com\/@VentanasProdeco","https:\/\/www.youtube.com\/@VentanasProdeco"]},{"@type":"Person","@id":"https:\/\/www.ventanasprodeco.com\/noticias\/#\/schema\/person\/e2913647ff79c129e55984ab50faf21a","name":"Ventanas Prodeco","image":{"@type":"ImageObject","inLanguage":"es","@id":"https:\/\/secure.gravatar.com\/avatar\/c5f8fa291da6699f0d04718e30fdb7ff9fa47d2ae84c79a8f68922349513ce31?s=96&d=mm&r=g","url":"https:\/\/secure.gravatar.com\/avatar\/c5f8fa291da6699f0d04718e30fdb7ff9fa47d2ae84c79a8f68922349513ce31?s=96&d=mm&r=g","contentUrl":"https:\/\/secure.gravatar.com\/avatar\/c5f8fa291da6699f0d04718e30fdb7ff9fa47d2ae84c79a8f68922349513ce31?s=96&d=mm&r=g","caption":"Ventanas Prodeco"},"sameAs":["http:\/\/ventanasprodeco.com\/noticias"],"url":"https:\/\/www.ventanasprodeco.com\/noticias\/author\/admin\/"}]}},"_links":{"self":[{"href":"https:\/\/www.ventanasprodeco.com\/noticias\/wp-json\/wp\/v2\/posts\/1478","targetHints":{"allow":["GET"]}}],"collection":[{"href":"https:\/\/www.ventanasprodeco.com\/noticias\/wp-json\/wp\/v2\/posts"}],"about":[{"href":"https:\/\/www.ventanasprodeco.com\/noticias\/wp-json\/wp\/v2\/types\/post"}],"author":[{"embeddable":true,"href":"https:\/\/www.ventanasprodeco.com\/noticias\/wp-json\/wp\/v2\/users\/1"}],"replies":[{"embeddable":true,"href":"https:\/\/www.ventanasprodeco.com\/noticias\/wp-json\/wp\/v2\/comments?post=1478"}],"version-history":[{"count":0,"href":"https:\/\/www.ventanasprodeco.com\/noticias\/wp-json\/wp\/v2\/posts\/1478\/revisions"}],"wp:featuredmedia":[{"embeddable":true,"href":"https:\/\/www.ventanasprodeco.com\/noticias\/wp-json\/wp\/v2\/media\/1482"}],"wp:attachment":[{"href":"https:\/\/www.ventanasprodeco.com\/noticias\/wp-json\/wp\/v2\/media?parent=1478"}],"wp:term":[{"taxonomy":"category","embeddable":true,"href":"https:\/\/www.ventanasprodeco.com\/noticias\/wp-json\/wp\/v2\/categories?post=1478"},{"taxonomy":"post_tag","embeddable":true,"href":"https:\/\/www.ventanasprodeco.com\/noticias\/wp-json\/wp\/v2\/tags?post=1478"}],"curies":[{"name":"wp","href":"https:\/\/api.w.org\/{rel}","templated":true}]}}