{"id":1426,"date":"2025-08-22T04:32:03","date_gmt":"2025-08-22T04:32:03","guid":{"rendered":"https:\/\/www.ventanasprodeco.com\/noticias\/?p=1426"},"modified":"2025-08-22T07:11:08","modified_gmt":"2025-08-22T07:11:08","slug":"ventanas-antirrobo","status":"publish","type":"post","link":"https:\/\/www.ventanasprodeco.com\/noticias\/ventanas-antirrobo\/","title":{"rendered":"Ventanas Antirrobo, La Barrera de Protecci\u00f3n de tu Hogar"},"content":{"rendered":"\n<p>Cuando pensamos en la seguridad de nuestro hogar, lo primero que nos viene a la mente es la puerta principal. Sin embargo, los ladrones son expertos en encontrar los puntos m\u00e1s d\u00e9biles, y a menudo, la entrada elegida son las <strong>ventanas<\/strong>. Una ventana convencional puede ser vulnerable, pero con la tecnolog\u00eda adecuada, puede convertirse en una barrera de protecci\u00f3n casi infranqueable.<\/p>\n\n\n\n<p>En <strong>Ventanas Prodeco<\/strong>, la seguridad es una prioridad. Por eso, dise\u00f1amos nuestras ventanas con sistemas antirrobo que te ofrecen tranquilidad y protecci\u00f3n.<\/p>\n\n\n\n<h2 class=\"wp-block-heading\">Los Herrajes de Seguridad<\/h2>\n\n\n\n<p>La mayor\u00eda de los intentos de robo con fuerza se centran en apalancar la ventana para romper el marco o el cristal. Nuestros herrajes de seguridad est\u00e1n dise\u00f1ados para resistir estos ataques.<\/p>\n\n\n\n<ul class=\"wp-block-list\">\n<li><strong>Sistemas de Cierre Multipunto:<\/strong> A diferencia de las ventanas b\u00e1sicas con un solo punto de cierre, las ventanas de Ventanas Prodeco tienen varios puntos de anclaje alrededor de la hoja. Al cerrarla, estos puntos se fijan al marco, distribuyendo la fuerza y haciendo casi imposible su apertura por la fuerza.<\/li>\n\n\n\n<li style=\"margin-top:25px;\"><strong>Pernos de Cabeza de Champi\u00f1\u00f3n:<\/strong> Este tipo de perno de seguridad se engancha en la cerradura del marco de forma que, cuando se intenta forzar, el perno se encaja m\u00e1s, impidiendo el apalancamiento y frustrando al ladr\u00f3n.<\/li>\n<\/ul>\n\n\n\n<h2 class=\"wp-block-heading\">Vidrios de Protecci\u00f3n<\/h2>\n\n\n\n<p>El cristal es una parte cr\u00edtica de la ventana, y no todos los vidrios son iguales. Para una seguridad superior, el vidrio laminado es la mejor opci\u00f3n.<\/p>\n\n\n\n<ul class=\"wp-block-list\">\n<li><strong>Vidrios Laminados:<\/strong> Estos vidrios se componen de dos o m\u00e1s l\u00e1minas de cristal unidas por una o varias capas intermedias de butiral de polivinilo (PVB). En caso de rotura, la l\u00e1mina intermedia mantiene los fragmentos de vidrio unidos, creando una red que es extremadamente dif\u00edcil de atravesar. Esto retrasa enormemente al intruso y lo disuade de seguir intent\u00e1ndolo.<\/li>\n<\/ul>\n\n\n\n<h2 class=\"wp-block-heading\">Perfiles de M\u00e1xima Resistencia<\/h2>\n\n\n\n<p>Aunque los herrajes y el vidrio son esenciales, la fortaleza del marco y la hoja son igual de importantes.<\/p>\n\n\n\n<ul class=\"wp-block-list\">\n<li><strong>Perfiles Reforzados:<\/strong> Los perfiles de PVC y aluminio de <strong>Ventanas Prodeco<\/strong> son robustos por s\u00ed mismos. Los perfiles de PVC est\u00e1n dise\u00f1ados con c\u00e1maras de aire y reforzados con acero, mientras que los perfiles de aluminio con Rotura de Puente T\u00e9rmico (RPT) son inherentemente resistentes. Ambos materiales son extremadamente dif\u00edciles de deformar o romper.<\/li>\n<\/ul>\n\n\n\n<p>Invertir en una <strong>ventana antirrobo<\/strong> es invertir en tu seguridad y la de tu familia. Te permite dormir con la tranquilidad de que tu hogar est\u00e1 protegido, sabiendo que has tomado todas las precauciones necesarias.<\/p>\n\n\n<hr>\n\n<p>Con las ventanas de <a href=\"\/\"><strong>Ventanas Prodeco<\/strong><\/a>, tu seguridad empieza en tu ventana.<\/p>\n","protected":false},"excerpt":{"rendered":"<p>Cuando pensamos en la seguridad de nuestro hogar, lo primero que nos viene a la mente es la puerta principal. Sin embargo, los ladrones son expertos en encontrar los puntos m\u00e1s d\u00e9biles, y a menudo, la entrada elegida son las ventanas. Una ventana convencional puede ser vulnerable, pero con la tecnolog\u00eda adecuada, puede convertirse en&hellip; <a class=\"more-link\" href=\"https:\/\/www.ventanasprodeco.com\/noticias\/ventanas-antirrobo\/\">Seguir leyendo <span class=\"screen-reader-text\">Ventanas Antirrobo, La Barrera de Protecci\u00f3n de tu Hogar<\/span><\/a><\/p>\n","protected":false},"author":1,"featured_media":1434,"comment_status":"closed","ping_status":"open","sticky":false,"template":"","format":"standard","meta":{"footnotes":""},"categories":[1],"tags":[6,117,10,12,13,14,9,20,15,7],"class_list":["post-1426","post","type-post","status-publish","format-standard","has-post-thumbnail","hentry","category-noticias","tag-ventanas","tag-ventanas-antirrobo","tag-ventanas-calidad","tag-ventanas-correderas","tag-ventanas-elegantes","tag-ventanas-modernas","tag-ventanas-prodeco","tag-ventanas-pvc","tag-ventanas-seguridad","tag-ventanas-termicas","entry"],"yoast_head":"<!-- This site is optimized with the Yoast SEO plugin v27.4 - https:\/\/yoast.com\/product\/yoast-seo-wordpress\/ -->\n<title>Ventanas Antirrobo, La Barrera de Protecci\u00f3n de tu Hogar - Ventanas Prodeco<\/title>\n<meta name=\"description\" content=\"Descubre c\u00f3mo los herrajes y vidrios de protecci\u00f3n de las ventanas antirrobo de Ventanas Prodeco te ofrecen la tranquilidad que necesitas.\" \/>\n<meta name=\"robots\" content=\"index, follow, max-snippet:-1, max-image-preview:large, max-video-preview:-1\" \/>\n<link rel=\"canonical\" href=\"https:\/\/www.ventanasprodeco.com\/noticias\/ventanas-antirrobo\/\" \/>\n<meta property=\"og:locale\" content=\"es_ES\" \/>\n<meta property=\"og:type\" content=\"article\" \/>\n<meta property=\"og:title\" content=\"Ventanas Antirrobo, La Barrera de Protecci\u00f3n de tu Hogar - Ventanas Prodeco\" \/>\n<meta property=\"og:description\" content=\"Descubre c\u00f3mo los herrajes y vidrios de protecci\u00f3n de las ventanas antirrobo de Ventanas Prodeco te ofrecen la tranquilidad que necesitas.\" \/>\n<meta property=\"og:url\" content=\"https:\/\/www.ventanasprodeco.com\/noticias\/ventanas-antirrobo\/\" \/>\n<meta property=\"og:site_name\" content=\"Ventanas Prodeco\" \/>\n<meta property=\"article:publisher\" content=\"https:\/\/www.facebook.com\/VentanasProdeco\" \/>\n<meta property=\"article:published_time\" content=\"2025-08-22T04:32:03+00:00\" \/>\n<meta property=\"article:modified_time\" content=\"2025-08-22T07:11:08+00:00\" \/>\n<meta property=\"og:image\" content=\"https:\/\/www.ventanasprodeco.com\/noticias\/wp-content\/uploads\/2025\/08\/ventanas-antirrobo.jpg\" \/>\n\t<meta property=\"og:image:width\" content=\"1568\" \/>\n\t<meta property=\"og:image:height\" content=\"1046\" \/>\n\t<meta property=\"og:image:type\" content=\"image\/jpeg\" \/>\n<meta name=\"author\" content=\"Ventanas Prodeco\" \/>\n<meta name=\"twitter:card\" content=\"summary_large_image\" \/>\n<meta name=\"twitter:creator\" content=\"@VentanasProdeco\" \/>\n<meta name=\"twitter:site\" content=\"@VentanasProdeco\" \/>\n<meta name=\"twitter:label1\" content=\"Escrito por\" \/>\n\t<meta name=\"twitter:data1\" content=\"Ventanas Prodeco\" \/>\n\t<meta name=\"twitter:label2\" content=\"Tiempo de lectura\" \/>\n\t<meta name=\"twitter:data2\" content=\"3 minutos\" \/>\n<script type=\"application\/ld+json\" class=\"yoast-schema-graph\">{\"@context\":\"https:\\\/\\\/schema.org\",\"@graph\":[{\"@type\":\"Article\",\"@id\":\"https:\\\/\\\/www.ventanasprodeco.com\\\/noticias\\\/ventanas-antirrobo\\\/#article\",\"isPartOf\":{\"@id\":\"https:\\\/\\\/www.ventanasprodeco.com\\\/noticias\\\/ventanas-antirrobo\\\/\"},\"author\":{\"name\":\"Ventanas Prodeco\",\"@id\":\"https:\\\/\\\/www.ventanasprodeco.com\\\/noticias\\\/#\\\/schema\\\/person\\\/e2913647ff79c129e55984ab50faf21a\"},\"headline\":\"Ventanas Antirrobo, La Barrera de Protecci\u00f3n de tu Hogar\",\"datePublished\":\"2025-08-22T04:32:03+00:00\",\"dateModified\":\"2025-08-22T07:11:08+00:00\",\"mainEntityOfPage\":{\"@id\":\"https:\\\/\\\/www.ventanasprodeco.com\\\/noticias\\\/ventanas-antirrobo\\\/\"},\"wordCount\":455,\"publisher\":{\"@id\":\"https:\\\/\\\/www.ventanasprodeco.com\\\/noticias\\\/#organization\"},\"image\":{\"@id\":\"https:\\\/\\\/www.ventanasprodeco.com\\\/noticias\\\/ventanas-antirrobo\\\/#primaryimage\"},\"thumbnailUrl\":\"https:\\\/\\\/www.ventanasprodeco.com\\\/noticias\\\/wp-content\\\/uploads\\\/2025\\\/08\\\/ventanas-antirrobo.jpg\",\"keywords\":[\"Ventanas\",\"Ventanas Antirrobo\",\"Ventanas Calidad\",\"Ventanas Correderas\",\"Ventanas Elegantes\",\"Ventanas Modernas\",\"Ventanas Prodeco\",\"Ventanas PVC\",\"Ventanas Seguridad\",\"Ventanas T\u00e9rmicas\"],\"articleSection\":[\"Noticias\"],\"inLanguage\":\"es\"},{\"@type\":\"WebPage\",\"@id\":\"https:\\\/\\\/www.ventanasprodeco.com\\\/noticias\\\/ventanas-antirrobo\\\/\",\"url\":\"https:\\\/\\\/www.ventanasprodeco.com\\\/noticias\\\/ventanas-antirrobo\\\/\",\"name\":\"Ventanas Antirrobo, La Barrera de Protecci\u00f3n de tu Hogar - Ventanas Prodeco\",\"isPartOf\":{\"@id\":\"https:\\\/\\\/www.ventanasprodeco.com\\\/noticias\\\/#website\"},\"primaryImageOfPage\":{\"@id\":\"https:\\\/\\\/www.ventanasprodeco.com\\\/noticias\\\/ventanas-antirrobo\\\/#primaryimage\"},\"image\":{\"@id\":\"https:\\\/\\\/www.ventanasprodeco.com\\\/noticias\\\/ventanas-antirrobo\\\/#primaryimage\"},\"thumbnailUrl\":\"https:\\\/\\\/www.ventanasprodeco.com\\\/noticias\\\/wp-content\\\/uploads\\\/2025\\\/08\\\/ventanas-antirrobo.jpg\",\"datePublished\":\"2025-08-22T04:32:03+00:00\",\"dateModified\":\"2025-08-22T07:11:08+00:00\",\"description\":\"Descubre c\u00f3mo los herrajes y vidrios de protecci\u00f3n de las ventanas antirrobo de Ventanas Prodeco te ofrecen la tranquilidad que necesitas.\",\"breadcrumb\":{\"@id\":\"https:\\\/\\\/www.ventanasprodeco.com\\\/noticias\\\/ventanas-antirrobo\\\/#breadcrumb\"},\"inLanguage\":\"es\",\"potentialAction\":[{\"@type\":\"ReadAction\",\"target\":[\"https:\\\/\\\/www.ventanasprodeco.com\\\/noticias\\\/ventanas-antirrobo\\\/\"]}]},{\"@type\":\"ImageObject\",\"inLanguage\":\"es\",\"@id\":\"https:\\\/\\\/www.ventanasprodeco.com\\\/noticias\\\/ventanas-antirrobo\\\/#primaryimage\",\"url\":\"https:\\\/\\\/www.ventanasprodeco.com\\\/noticias\\\/wp-content\\\/uploads\\\/2025\\\/08\\\/ventanas-antirrobo.jpg\",\"contentUrl\":\"https:\\\/\\\/www.ventanasprodeco.com\\\/noticias\\\/wp-content\\\/uploads\\\/2025\\\/08\\\/ventanas-antirrobo.jpg\",\"width\":1568,\"height\":1046},{\"@type\":\"BreadcrumbList\",\"@id\":\"https:\\\/\\\/www.ventanasprodeco.com\\\/noticias\\\/ventanas-antirrobo\\\/#breadcrumb\",\"itemListElement\":[{\"@type\":\"ListItem\",\"position\":1,\"name\":\"Portada\",\"item\":\"https:\\\/\\\/www.ventanasprodeco.com\\\/noticias\\\/\"},{\"@type\":\"ListItem\",\"position\":2,\"name\":\"Ventanas Antirrobo, La Barrera de Protecci\u00f3n de tu Hogar\"}]},{\"@type\":\"WebSite\",\"@id\":\"https:\\\/\\\/www.ventanasprodeco.com\\\/noticias\\\/#website\",\"url\":\"https:\\\/\\\/www.ventanasprodeco.com\\\/noticias\\\/\",\"name\":\"VentanasProdeco.com\",\"description\":\"Especialistas en Ventanas\",\"publisher\":{\"@id\":\"https:\\\/\\\/www.ventanasprodeco.com\\\/noticias\\\/#organization\"},\"potentialAction\":[{\"@type\":\"SearchAction\",\"target\":{\"@type\":\"EntryPoint\",\"urlTemplate\":\"https:\\\/\\\/www.ventanasprodeco.com\\\/noticias\\\/?s={search_term_string}\"},\"query-input\":{\"@type\":\"PropertyValueSpecification\",\"valueRequired\":true,\"valueName\":\"search_term_string\"}}],\"inLanguage\":\"es\"},{\"@type\":\"Organization\",\"@id\":\"https:\\\/\\\/www.ventanasprodeco.com\\\/noticias\\\/#organization\",\"name\":\"Ventanas Prodeco\",\"url\":\"https:\\\/\\\/www.ventanasprodeco.com\\\/noticias\\\/\",\"logo\":{\"@type\":\"ImageObject\",\"inLanguage\":\"es\",\"@id\":\"https:\\\/\\\/www.ventanasprodeco.com\\\/noticias\\\/#\\\/schema\\\/logo\\\/image\\\/\",\"url\":\"https:\\\/\\\/www.ventanasprodeco.com\\\/noticias\\\/wp-content\\\/uploads\\\/2023\\\/06\\\/cropped-logo.png\",\"contentUrl\":\"https:\\\/\\\/www.ventanasprodeco.com\\\/noticias\\\/wp-content\\\/uploads\\\/2023\\\/06\\\/cropped-logo.png\",\"width\":300,\"height\":65,\"caption\":\"Ventanas Prodeco\"},\"image\":{\"@id\":\"https:\\\/\\\/www.ventanasprodeco.com\\\/noticias\\\/#\\\/schema\\\/logo\\\/image\\\/\"},\"sameAs\":[\"https:\\\/\\\/www.facebook.com\\\/VentanasProdeco\",\"https:\\\/\\\/x.com\\\/VentanasProdeco\",\"https:\\\/\\\/www.tiktok.com\\\/@VentanasProdeco\",\"https:\\\/\\\/www.youtube.com\\\/@VentanasProdeco\"]},{\"@type\":\"Person\",\"@id\":\"https:\\\/\\\/www.ventanasprodeco.com\\\/noticias\\\/#\\\/schema\\\/person\\\/e2913647ff79c129e55984ab50faf21a\",\"name\":\"Ventanas Prodeco\",\"image\":{\"@type\":\"ImageObject\",\"inLanguage\":\"es\",\"@id\":\"https:\\\/\\\/secure.gravatar.com\\\/avatar\\\/c5f8fa291da6699f0d04718e30fdb7ff9fa47d2ae84c79a8f68922349513ce31?s=96&d=mm&r=g\",\"url\":\"https:\\\/\\\/secure.gravatar.com\\\/avatar\\\/c5f8fa291da6699f0d04718e30fdb7ff9fa47d2ae84c79a8f68922349513ce31?s=96&d=mm&r=g\",\"contentUrl\":\"https:\\\/\\\/secure.gravatar.com\\\/avatar\\\/c5f8fa291da6699f0d04718e30fdb7ff9fa47d2ae84c79a8f68922349513ce31?s=96&d=mm&r=g\",\"caption\":\"Ventanas Prodeco\"},\"sameAs\":[\"http:\\\/\\\/ventanasprodeco.com\\\/noticias\"],\"url\":\"https:\\\/\\\/www.ventanasprodeco.com\\\/noticias\\\/author\\\/admin\\\/\"}]}<\/script>\n<!-- \/ Yoast SEO plugin. -->","yoast_head_json":{"title":"Ventanas Antirrobo, La Barrera de Protecci\u00f3n de tu Hogar - Ventanas Prodeco","description":"Descubre c\u00f3mo los herrajes y vidrios de protecci\u00f3n de las ventanas antirrobo de Ventanas Prodeco te ofrecen la tranquilidad que necesitas.","robots":{"index":"index","follow":"follow","max-snippet":"max-snippet:-1","max-image-preview":"max-image-preview:large","max-video-preview":"max-video-preview:-1"},"canonical":"https:\/\/www.ventanasprodeco.com\/noticias\/ventanas-antirrobo\/","og_locale":"es_ES","og_type":"article","og_title":"Ventanas Antirrobo, La Barrera de Protecci\u00f3n de tu Hogar - Ventanas Prodeco","og_description":"Descubre c\u00f3mo los herrajes y vidrios de protecci\u00f3n de las ventanas antirrobo de Ventanas Prodeco te ofrecen la tranquilidad que necesitas.","og_url":"https:\/\/www.ventanasprodeco.com\/noticias\/ventanas-antirrobo\/","og_site_name":"Ventanas Prodeco","article_publisher":"https:\/\/www.facebook.com\/VentanasProdeco","article_published_time":"2025-08-22T04:32:03+00:00","article_modified_time":"2025-08-22T07:11:08+00:00","og_image":[{"width":1568,"height":1046,"url":"https:\/\/www.ventanasprodeco.com\/noticias\/wp-content\/uploads\/2025\/08\/ventanas-antirrobo.jpg","type":"image\/jpeg"}],"author":"Ventanas Prodeco","twitter_card":"summary_large_image","twitter_creator":"@VentanasProdeco","twitter_site":"@VentanasProdeco","twitter_misc":{"Escrito por":"Ventanas Prodeco","Tiempo de lectura":"3 minutos"},"schema":{"@context":"https:\/\/schema.org","@graph":[{"@type":"Article","@id":"https:\/\/www.ventanasprodeco.com\/noticias\/ventanas-antirrobo\/#article","isPartOf":{"@id":"https:\/\/www.ventanasprodeco.com\/noticias\/ventanas-antirrobo\/"},"author":{"name":"Ventanas Prodeco","@id":"https:\/\/www.ventanasprodeco.com\/noticias\/#\/schema\/person\/e2913647ff79c129e55984ab50faf21a"},"headline":"Ventanas Antirrobo, La Barrera de Protecci\u00f3n de tu Hogar","datePublished":"2025-08-22T04:32:03+00:00","dateModified":"2025-08-22T07:11:08+00:00","mainEntityOfPage":{"@id":"https:\/\/www.ventanasprodeco.com\/noticias\/ventanas-antirrobo\/"},"wordCount":455,"publisher":{"@id":"https:\/\/www.ventanasprodeco.com\/noticias\/#organization"},"image":{"@id":"https:\/\/www.ventanasprodeco.com\/noticias\/ventanas-antirrobo\/#primaryimage"},"thumbnailUrl":"https:\/\/www.ventanasprodeco.com\/noticias\/wp-content\/uploads\/2025\/08\/ventanas-antirrobo.jpg","keywords":["Ventanas","Ventanas Antirrobo","Ventanas Calidad","Ventanas Correderas","Ventanas Elegantes","Ventanas Modernas","Ventanas Prodeco","Ventanas PVC","Ventanas Seguridad","Ventanas T\u00e9rmicas"],"articleSection":["Noticias"],"inLanguage":"es"},{"@type":"WebPage","@id":"https:\/\/www.ventanasprodeco.com\/noticias\/ventanas-antirrobo\/","url":"https:\/\/www.ventanasprodeco.com\/noticias\/ventanas-antirrobo\/","name":"Ventanas Antirrobo, La Barrera de Protecci\u00f3n de tu Hogar - Ventanas Prodeco","isPartOf":{"@id":"https:\/\/www.ventanasprodeco.com\/noticias\/#website"},"primaryImageOfPage":{"@id":"https:\/\/www.ventanasprodeco.com\/noticias\/ventanas-antirrobo\/#primaryimage"},"image":{"@id":"https:\/\/www.ventanasprodeco.com\/noticias\/ventanas-antirrobo\/#primaryimage"},"thumbnailUrl":"https:\/\/www.ventanasprodeco.com\/noticias\/wp-content\/uploads\/2025\/08\/ventanas-antirrobo.jpg","datePublished":"2025-08-22T04:32:03+00:00","dateModified":"2025-08-22T07:11:08+00:00","description":"Descubre c\u00f3mo los herrajes y vidrios de protecci\u00f3n de las ventanas antirrobo de Ventanas Prodeco te ofrecen la tranquilidad que necesitas.","breadcrumb":{"@id":"https:\/\/www.ventanasprodeco.com\/noticias\/ventanas-antirrobo\/#breadcrumb"},"inLanguage":"es","potentialAction":[{"@type":"ReadAction","target":["https:\/\/www.ventanasprodeco.com\/noticias\/ventanas-antirrobo\/"]}]},{"@type":"ImageObject","inLanguage":"es","@id":"https:\/\/www.ventanasprodeco.com\/noticias\/ventanas-antirrobo\/#primaryimage","url":"https:\/\/www.ventanasprodeco.com\/noticias\/wp-content\/uploads\/2025\/08\/ventanas-antirrobo.jpg","contentUrl":"https:\/\/www.ventanasprodeco.com\/noticias\/wp-content\/uploads\/2025\/08\/ventanas-antirrobo.jpg","width":1568,"height":1046},{"@type":"BreadcrumbList","@id":"https:\/\/www.ventanasprodeco.com\/noticias\/ventanas-antirrobo\/#breadcrumb","itemListElement":[{"@type":"ListItem","position":1,"name":"Portada","item":"https:\/\/www.ventanasprodeco.com\/noticias\/"},{"@type":"ListItem","position":2,"name":"Ventanas Antirrobo, La Barrera de Protecci\u00f3n de tu Hogar"}]},{"@type":"WebSite","@id":"https:\/\/www.ventanasprodeco.com\/noticias\/#website","url":"https:\/\/www.ventanasprodeco.com\/noticias\/","name":"VentanasProdeco.com","description":"Especialistas en Ventanas","publisher":{"@id":"https:\/\/www.ventanasprodeco.com\/noticias\/#organization"},"potentialAction":[{"@type":"SearchAction","target":{"@type":"EntryPoint","urlTemplate":"https:\/\/www.ventanasprodeco.com\/noticias\/?s={search_term_string}"},"query-input":{"@type":"PropertyValueSpecification","valueRequired":true,"valueName":"search_term_string"}}],"inLanguage":"es"},{"@type":"Organization","@id":"https:\/\/www.ventanasprodeco.com\/noticias\/#organization","name":"Ventanas Prodeco","url":"https:\/\/www.ventanasprodeco.com\/noticias\/","logo":{"@type":"ImageObject","inLanguage":"es","@id":"https:\/\/www.ventanasprodeco.com\/noticias\/#\/schema\/logo\/image\/","url":"https:\/\/www.ventanasprodeco.com\/noticias\/wp-content\/uploads\/2023\/06\/cropped-logo.png","contentUrl":"https:\/\/www.ventanasprodeco.com\/noticias\/wp-content\/uploads\/2023\/06\/cropped-logo.png","width":300,"height":65,"caption":"Ventanas Prodeco"},"image":{"@id":"https:\/\/www.ventanasprodeco.com\/noticias\/#\/schema\/logo\/image\/"},"sameAs":["https:\/\/www.facebook.com\/VentanasProdeco","https:\/\/x.com\/VentanasProdeco","https:\/\/www.tiktok.com\/@VentanasProdeco","https:\/\/www.youtube.com\/@VentanasProdeco"]},{"@type":"Person","@id":"https:\/\/www.ventanasprodeco.com\/noticias\/#\/schema\/person\/e2913647ff79c129e55984ab50faf21a","name":"Ventanas Prodeco","image":{"@type":"ImageObject","inLanguage":"es","@id":"https:\/\/secure.gravatar.com\/avatar\/c5f8fa291da6699f0d04718e30fdb7ff9fa47d2ae84c79a8f68922349513ce31?s=96&d=mm&r=g","url":"https:\/\/secure.gravatar.com\/avatar\/c5f8fa291da6699f0d04718e30fdb7ff9fa47d2ae84c79a8f68922349513ce31?s=96&d=mm&r=g","contentUrl":"https:\/\/secure.gravatar.com\/avatar\/c5f8fa291da6699f0d04718e30fdb7ff9fa47d2ae84c79a8f68922349513ce31?s=96&d=mm&r=g","caption":"Ventanas Prodeco"},"sameAs":["http:\/\/ventanasprodeco.com\/noticias"],"url":"https:\/\/www.ventanasprodeco.com\/noticias\/author\/admin\/"}]}},"_links":{"self":[{"href":"https:\/\/www.ventanasprodeco.com\/noticias\/wp-json\/wp\/v2\/posts\/1426","targetHints":{"allow":["GET"]}}],"collection":[{"href":"https:\/\/www.ventanasprodeco.com\/noticias\/wp-json\/wp\/v2\/posts"}],"about":[{"href":"https:\/\/www.ventanasprodeco.com\/noticias\/wp-json\/wp\/v2\/types\/post"}],"author":[{"embeddable":true,"href":"https:\/\/www.ventanasprodeco.com\/noticias\/wp-json\/wp\/v2\/users\/1"}],"replies":[{"embeddable":true,"href":"https:\/\/www.ventanasprodeco.com\/noticias\/wp-json\/wp\/v2\/comments?post=1426"}],"version-history":[{"count":0,"href":"https:\/\/www.ventanasprodeco.com\/noticias\/wp-json\/wp\/v2\/posts\/1426\/revisions"}],"wp:featuredmedia":[{"embeddable":true,"href":"https:\/\/www.ventanasprodeco.com\/noticias\/wp-json\/wp\/v2\/media\/1434"}],"wp:attachment":[{"href":"https:\/\/www.ventanasprodeco.com\/noticias\/wp-json\/wp\/v2\/media?parent=1426"}],"wp:term":[{"taxonomy":"category","embeddable":true,"href":"https:\/\/www.ventanasprodeco.com\/noticias\/wp-json\/wp\/v2\/categories?post=1426"},{"taxonomy":"post_tag","embeddable":true,"href":"https:\/\/www.ventanasprodeco.com\/noticias\/wp-json\/wp\/v2\/tags?post=1426"}],"curies":[{"name":"wp","href":"https:\/\/api.w.org\/{rel}","templated":true}]}}