{"id":133,"date":"2023-08-11T12:52:38","date_gmt":"2023-08-11T12:52:38","guid":{"rendered":"https:\/\/ventanasprodeco.com\/noticias\/?p=133"},"modified":"2023-08-11T17:18:15","modified_gmt":"2023-08-11T17:18:15","slug":"guia-para-elegir-las-ventanas-perfectas","status":"publish","type":"post","link":"https:\/\/www.ventanasprodeco.com\/noticias\/guia-para-elegir-las-ventanas-perfectas\/","title":{"rendered":"De la A a la Z: Gu\u00eda para Elegir las Ventanas Perfectas para tu Hogar"},"content":{"rendered":"<p>Elegir las ventanas adecuadas para tu hogar es una decisi\u00f3n crucial. No solo afectan la apariencia est\u00e9tica, sino tambi\u00e9n la eficiencia energ\u00e9tica, la seguridad y el confort. En esta gu\u00eda, te llevaremos desde la A hasta la Z, explorando todos los aspectos que debes considerar al seleccionar las <strong>ventanas perfectas para tu vivienda<\/strong>.<\/p>\n<hr>\n<h2>Gu\u00eda de la A a la Z<\/h2>\n<h3>A: Aislamiento T\u00e9rmico y Ac\u00fastico<\/h3>\n<p>\u00bfNecesitas ventanas que mantengan el calor en invierno y refresquen en verano? Aseg\u00farate de optar por ventanas con buen aislamiento t\u00e9rmico.<\/p>\n<p>Si deseas un hogar tranquilo, busca ventanas que ofrezcan un alto nivel de aislamiento ac\u00fastico para reducir ruidos externos.<\/p>\n<h3>B: Beneficios de Eficiencia Energ\u00e9tica<\/h3>\n<p>Las <strong>ventanas de alta eficiencia energ\u00e9tica<\/strong> no solo reducen las facturas de energ\u00eda, sino que tambi\u00e9n minimizan la huella de carbono de tu hogar.<\/p>\n<p>Investiga sobre las clasificaciones de eficiencia energ\u00e9tica, como el etiquetado ENERGY STAR, para elegir ventanas que cumplan con los est\u00e1ndares m\u00e1s altos.<\/p>\n<h3>C: Compatibilidad con el Estilo Arquitect\u00f3nico<\/h3>\n<p>Elige ventanas que se adapten al estilo de tu hogar. Desde ventanas de guillotina cl\u00e1sicas hasta ventanas modernas de aluminio, elige un dise\u00f1o que realce la est\u00e9tica de tu vivienda.<\/p>\n<h3>D: Durabilidad y Mantenimiento<\/h3>\n<p>Opta por materiales duraderos que requieran poco mantenimiento, como <strong>ventanas de PVC o aluminio<\/strong>, para asegurarte de que tus ventanas duren a\u00f1os con un cuidado m\u00ednimo.<\/p>\n<h3>E: Elecci\u00f3n del Tipo de Apertura<\/h3>\n<p>Considera c\u00f3mo deseas que se abran tus ventanas: correderas, abatibles, de guillotina, etc. Escoge el tipo de apertura que sea conveniente y pr\u00e1ctico para tus necesidades diarias.<\/p>\n<h3>F: Funciones de Seguridad<\/h3>\n<p>Prioriza las caracter\u00edsticas de seguridad, como sistemas de cierre avanzados y vidrios reforzados, para mantener a tu familia segura.<\/p>\n<h3>G: Garant\u00eda y Servicio Postventa<\/h3>\n<p>Aseg\u00farate de que el fabricante ofrezca una garant\u00eda s\u00f3lida y un buen servicio postventa para tranquilidad a largo plazo.<\/p>\n<h3>H: Hermeticidad al Agua y al Aire<\/h3>\n<p>Las ventanas deben ser herm\u00e9ticas al agua para evitar filtraciones y al aire para mantener un clima interior constante.<\/p>\n<h3>I: Instalaci\u00f3n Profesional<\/h3>\n<p>Conf\u00eda en <strong>instaladores profesionales<\/strong> para garantizar que tus ventanas se coloquen adecuadamente, lo que optimizar\u00e1 su eficiencia y durabilidad.<\/p>\n<h3>J: Juega con la Luz Natural<\/h3>\n<p>Aprovecha la luz natural en tu hogar eligiendo ventanas que permitan la entrada de luz sin comprometer la privacidad.<\/p>\n<h3>K: Kil\u00f3metros de Garant\u00eda<\/h3>\n<p>Investiga la garant\u00eda que ofrecen las ventanas que est\u00e1s considerando. Cuanto m\u00e1s extensa, m\u00e1s confianza tendr\u00e1s en tu inversi\u00f3n.<\/p>\n<h3>L: Localizaci\u00f3n y Orientaci\u00f3n<\/h3>\n<p>Considera la ubicaci\u00f3n de tu hogar y la orientaci\u00f3n de las ventanas para maximizar la entrada de luz solar y la ventilaci\u00f3n cruzada.<\/p>\n<h3>M: Medio Ambiente<\/h3>\n<p>Elige ventanas fabricadas con materiales reciclables y de fuentes sostenibles para reducir el impacto ambiental.<\/p>\n<h3>N: Niveles de Privacidad<\/h3>\n<p>Piensa en la privacidad que deseas en cada habitaci\u00f3n al elegir ventanas. Las opciones de vidrio esmerilado, texturizado o persianas incorporadas pueden ser \u00fatiles.<\/p>\n<h3>O: Opciones de Personalizaci\u00f3n<\/h3>\n<p>Algunos fabricantes ofrecen opciones de personalizaci\u00f3n en color, acabado y accesorios para que tus ventanas se adapten perfectamente a tu estilo.<\/p>\n<h3>P: Presupuesto<\/h3>\n<p>Define tu presupuesto y busca ventanas que ofrezcan el mejor equilibrio entre calidad y costo.<\/p>\n<h3>Q: Qualidad Garantizada<\/h3>\n<p>Aseg\u00farate de que las ventanas cumplan con los est\u00e1ndares de <strong>calidad y seguridad<\/strong> aplicables.<\/p>\n<h3>R: Regulaciones Locales<\/h3>\n<p>Consulta las regulaciones locales sobre ventanas y permisos de construcci\u00f3n para garantizar que cumplas con las normativas.<\/p>\n<h3>S: Satisfacci\u00f3n del Cliente<\/h3>\n<p>Lee rese\u00f1as y testimonios de otros clientes sobre las ventanas y el servicio proporcionado por el fabricante.<\/p>\n<h3>T: Tendencias en Dise\u00f1o<\/h3>\n<p>Mantente actualizado sobre las \u00faltimas tendencias en dise\u00f1o de ventanas para agregar un toque moderno a tu hogar.<\/p>\n<h3>U: Utilizaci\u00f3n de Espacio<\/h3>\n<p>Considera c\u00f3mo se abrir\u00e1n las ventanas en relaci\u00f3n con el espacio disponible en tu hogar. Las ventanas de tipo corredizo o plegable pueden ser ideales en habitaciones con poco espacio.<\/p>\n<h3>V: Valor de Reventa<\/h3>\n<p>Las <strong>ventanas de calidad<\/strong> pueden aumentar el valor de reventa de tu hogar. Elige una opci\u00f3n que mejore la inversi\u00f3n a largo plazo.<\/p>\n<h3>W: Warrant\u00eda Extendida<\/h3>\n<p>Algunos fabricantes ofrecen garant\u00edas extendidas, lo que puede ser una inversi\u00f3n valiosa para la tranquilidad.<\/p>\n<h3>Z: Zona Clim\u00e1tica y Aislamiento<\/h3>\n<p>Considera la zona clim\u00e1tica en la que te encuentras. Las necesidades de aislamiento pueden variar seg\u00fan el clima. Las ventanas con un buen coeficiente de transferencia de calor (U-value) y caracter\u00edsticas de aislamiento adecuadas para tu regi\u00f3n son esenciales para mantener el confort t\u00e9rmico en tu hogar.<\/p>\n<hr>\n<p>Esta gu\u00eda te ayudar\u00e1 a tomar una decisi\u00f3n informada al elegir las ventanas perfectas para tu hogar. Recuerda que cada aspecto, desde la eficiencia energ\u00e9tica hasta la est\u00e9tica, contribuir\u00e1 a un hogar m\u00e1s c\u00f3modo, sostenible y valioso. \u00a1Transforma tus espacios con <a href=\"\/\">Ventanas Prodeco<\/a>!<\/p>\n","protected":false},"excerpt":{"rendered":"<p>Elegir las ventanas adecuadas para tu hogar es una decisi\u00f3n crucial. No solo afectan la apariencia est\u00e9tica, sino tambi\u00e9n la eficiencia energ\u00e9tica, la seguridad y el confort. En esta gu\u00eda, te llevaremos desde la A hasta la Z, explorando todos los aspectos que debes considerar al seleccionar las ventanas perfectas para tu vivienda. Gu\u00eda de&hellip; <a class=\"more-link\" href=\"https:\/\/www.ventanasprodeco.com\/noticias\/guia-para-elegir-las-ventanas-perfectas\/\">Seguir leyendo <span class=\"screen-reader-text\">De la A a la Z: Gu\u00eda para Elegir las Ventanas Perfectas para tu Hogar<\/span><\/a><\/p>\n","protected":false},"author":1,"featured_media":142,"comment_status":"closed","ping_status":"open","sticky":false,"template":"","format":"standard","meta":{"footnotes":""},"categories":[1],"tags":[6,11,8,10,12,13,14,9,15,7],"class_list":["post-133","post","type-post","status-publish","format-standard","has-post-thumbnail","hentry","category-noticias","tag-ventanas","tag-ventanas-abatibles","tag-ventanas-acusticas","tag-ventanas-calidad","tag-ventanas-correderas","tag-ventanas-elegantes","tag-ventanas-modernas","tag-ventanas-prodeco","tag-ventanas-seguridad","tag-ventanas-termicas","entry"],"yoast_head":"<!-- This site is optimized with the Yoast SEO plugin v27.4 - https:\/\/yoast.com\/product\/yoast-seo-wordpress\/ -->\n<title>De la A a la Z: Gu\u00eda para Elegir las Ventanas Perfectas para tu Hogar - Ventanas Prodeco<\/title>\n<meta name=\"description\" content=\"En esta gu\u00eda, te llevaremos desde la A hasta la Z, explorando todos los aspectos que debes considerar al seleccionar las ventanas perfectas\" \/>\n<meta name=\"robots\" content=\"index, follow, max-snippet:-1, max-image-preview:large, max-video-preview:-1\" \/>\n<link rel=\"canonical\" href=\"https:\/\/www.ventanasprodeco.com\/noticias\/guia-para-elegir-las-ventanas-perfectas\/\" \/>\n<meta property=\"og:locale\" content=\"es_ES\" \/>\n<meta property=\"og:type\" content=\"article\" \/>\n<meta property=\"og:title\" content=\"De la A a la Z: Gu\u00eda para Elegir las Ventanas Perfectas para tu Hogar - Ventanas Prodeco\" \/>\n<meta property=\"og:description\" content=\"En esta gu\u00eda, te llevaremos desde la A hasta la Z, explorando todos los aspectos que debes considerar al seleccionar las ventanas perfectas\" \/>\n<meta property=\"og:url\" content=\"https:\/\/www.ventanasprodeco.com\/noticias\/guia-para-elegir-las-ventanas-perfectas\/\" \/>\n<meta property=\"og:site_name\" content=\"Ventanas Prodeco\" \/>\n<meta property=\"article:publisher\" content=\"https:\/\/www.facebook.com\/VentanasProdeco\" \/>\n<meta property=\"article:published_time\" content=\"2023-08-11T12:52:38+00:00\" \/>\n<meta property=\"article:modified_time\" content=\"2023-08-11T17:18:15+00:00\" \/>\n<meta property=\"og:image\" content=\"https:\/\/www.ventanasprodeco.com\/noticias\/wp-content\/uploads\/2023\/08\/ventanas-prodeco-guia-ventanas.jpg\" \/>\n\t<meta property=\"og:image:width\" content=\"1568\" \/>\n\t<meta property=\"og:image:height\" content=\"1046\" \/>\n\t<meta property=\"og:image:type\" content=\"image\/jpeg\" \/>\n<meta name=\"author\" content=\"Ventanas Prodeco\" \/>\n<meta name=\"twitter:card\" content=\"summary_large_image\" \/>\n<meta name=\"twitter:creator\" content=\"@VentanasProdeco\" \/>\n<meta name=\"twitter:site\" content=\"@VentanasProdeco\" \/>\n<meta name=\"twitter:label1\" content=\"Escrito por\" \/>\n\t<meta name=\"twitter:data1\" content=\"Ventanas Prodeco\" \/>\n\t<meta name=\"twitter:label2\" content=\"Tiempo de lectura\" \/>\n\t<meta name=\"twitter:data2\" content=\"4 minutos\" \/>\n<script type=\"application\/ld+json\" class=\"yoast-schema-graph\">{\"@context\":\"https:\\\/\\\/schema.org\",\"@graph\":[{\"@type\":\"Article\",\"@id\":\"https:\\\/\\\/www.ventanasprodeco.com\\\/noticias\\\/guia-para-elegir-las-ventanas-perfectas\\\/#article\",\"isPartOf\":{\"@id\":\"https:\\\/\\\/www.ventanasprodeco.com\\\/noticias\\\/guia-para-elegir-las-ventanas-perfectas\\\/\"},\"author\":{\"name\":\"Ventanas Prodeco\",\"@id\":\"https:\\\/\\\/www.ventanasprodeco.com\\\/noticias\\\/#\\\/schema\\\/person\\\/e2913647ff79c129e55984ab50faf21a\"},\"headline\":\"De la A a la Z: Gu\u00eda para Elegir las Ventanas Perfectas para tu Hogar\",\"datePublished\":\"2023-08-11T12:52:38+00:00\",\"dateModified\":\"2023-08-11T17:18:15+00:00\",\"mainEntityOfPage\":{\"@id\":\"https:\\\/\\\/www.ventanasprodeco.com\\\/noticias\\\/guia-para-elegir-las-ventanas-perfectas\\\/\"},\"wordCount\":862,\"publisher\":{\"@id\":\"https:\\\/\\\/www.ventanasprodeco.com\\\/noticias\\\/#organization\"},\"image\":{\"@id\":\"https:\\\/\\\/www.ventanasprodeco.com\\\/noticias\\\/guia-para-elegir-las-ventanas-perfectas\\\/#primaryimage\"},\"thumbnailUrl\":\"https:\\\/\\\/www.ventanasprodeco.com\\\/noticias\\\/wp-content\\\/uploads\\\/2023\\\/08\\\/ventanas-prodeco-guia-ventanas.jpg\",\"keywords\":[\"Ventanas\",\"Ventanas Abatibles\",\"Ventanas Ac\u00fasticas\",\"Ventanas Calidad\",\"Ventanas Correderas\",\"Ventanas Elegantes\",\"Ventanas Modernas\",\"Ventanas Prodeco\",\"Ventanas Seguridad\",\"Ventanas T\u00e9rmicas\"],\"articleSection\":[\"Noticias\"],\"inLanguage\":\"es\"},{\"@type\":\"WebPage\",\"@id\":\"https:\\\/\\\/www.ventanasprodeco.com\\\/noticias\\\/guia-para-elegir-las-ventanas-perfectas\\\/\",\"url\":\"https:\\\/\\\/www.ventanasprodeco.com\\\/noticias\\\/guia-para-elegir-las-ventanas-perfectas\\\/\",\"name\":\"De la A a la Z: Gu\u00eda para Elegir las Ventanas Perfectas para tu Hogar - Ventanas Prodeco\",\"isPartOf\":{\"@id\":\"https:\\\/\\\/www.ventanasprodeco.com\\\/noticias\\\/#website\"},\"primaryImageOfPage\":{\"@id\":\"https:\\\/\\\/www.ventanasprodeco.com\\\/noticias\\\/guia-para-elegir-las-ventanas-perfectas\\\/#primaryimage\"},\"image\":{\"@id\":\"https:\\\/\\\/www.ventanasprodeco.com\\\/noticias\\\/guia-para-elegir-las-ventanas-perfectas\\\/#primaryimage\"},\"thumbnailUrl\":\"https:\\\/\\\/www.ventanasprodeco.com\\\/noticias\\\/wp-content\\\/uploads\\\/2023\\\/08\\\/ventanas-prodeco-guia-ventanas.jpg\",\"datePublished\":\"2023-08-11T12:52:38+00:00\",\"dateModified\":\"2023-08-11T17:18:15+00:00\",\"description\":\"En esta gu\u00eda, te llevaremos desde la A hasta la Z, explorando todos los aspectos que debes considerar al seleccionar las ventanas perfectas\",\"breadcrumb\":{\"@id\":\"https:\\\/\\\/www.ventanasprodeco.com\\\/noticias\\\/guia-para-elegir-las-ventanas-perfectas\\\/#breadcrumb\"},\"inLanguage\":\"es\",\"potentialAction\":[{\"@type\":\"ReadAction\",\"target\":[\"https:\\\/\\\/www.ventanasprodeco.com\\\/noticias\\\/guia-para-elegir-las-ventanas-perfectas\\\/\"]}]},{\"@type\":\"ImageObject\",\"inLanguage\":\"es\",\"@id\":\"https:\\\/\\\/www.ventanasprodeco.com\\\/noticias\\\/guia-para-elegir-las-ventanas-perfectas\\\/#primaryimage\",\"url\":\"https:\\\/\\\/www.ventanasprodeco.com\\\/noticias\\\/wp-content\\\/uploads\\\/2023\\\/08\\\/ventanas-prodeco-guia-ventanas.jpg\",\"contentUrl\":\"https:\\\/\\\/www.ventanasprodeco.com\\\/noticias\\\/wp-content\\\/uploads\\\/2023\\\/08\\\/ventanas-prodeco-guia-ventanas.jpg\",\"width\":1568,\"height\":1046},{\"@type\":\"BreadcrumbList\",\"@id\":\"https:\\\/\\\/www.ventanasprodeco.com\\\/noticias\\\/guia-para-elegir-las-ventanas-perfectas\\\/#breadcrumb\",\"itemListElement\":[{\"@type\":\"ListItem\",\"position\":1,\"name\":\"Portada\",\"item\":\"https:\\\/\\\/www.ventanasprodeco.com\\\/noticias\\\/\"},{\"@type\":\"ListItem\",\"position\":2,\"name\":\"De la A a la Z: Gu\u00eda para Elegir las Ventanas Perfectas para tu Hogar\"}]},{\"@type\":\"WebSite\",\"@id\":\"https:\\\/\\\/www.ventanasprodeco.com\\\/noticias\\\/#website\",\"url\":\"https:\\\/\\\/www.ventanasprodeco.com\\\/noticias\\\/\",\"name\":\"VentanasProdeco.com\",\"description\":\"Especialistas en Ventanas\",\"publisher\":{\"@id\":\"https:\\\/\\\/www.ventanasprodeco.com\\\/noticias\\\/#organization\"},\"potentialAction\":[{\"@type\":\"SearchAction\",\"target\":{\"@type\":\"EntryPoint\",\"urlTemplate\":\"https:\\\/\\\/www.ventanasprodeco.com\\\/noticias\\\/?s={search_term_string}\"},\"query-input\":{\"@type\":\"PropertyValueSpecification\",\"valueRequired\":true,\"valueName\":\"search_term_string\"}}],\"inLanguage\":\"es\"},{\"@type\":\"Organization\",\"@id\":\"https:\\\/\\\/www.ventanasprodeco.com\\\/noticias\\\/#organization\",\"name\":\"Ventanas Prodeco\",\"url\":\"https:\\\/\\\/www.ventanasprodeco.com\\\/noticias\\\/\",\"logo\":{\"@type\":\"ImageObject\",\"inLanguage\":\"es\",\"@id\":\"https:\\\/\\\/www.ventanasprodeco.com\\\/noticias\\\/#\\\/schema\\\/logo\\\/image\\\/\",\"url\":\"https:\\\/\\\/www.ventanasprodeco.com\\\/noticias\\\/wp-content\\\/uploads\\\/2023\\\/06\\\/cropped-logo.png\",\"contentUrl\":\"https:\\\/\\\/www.ventanasprodeco.com\\\/noticias\\\/wp-content\\\/uploads\\\/2023\\\/06\\\/cropped-logo.png\",\"width\":300,\"height\":65,\"caption\":\"Ventanas Prodeco\"},\"image\":{\"@id\":\"https:\\\/\\\/www.ventanasprodeco.com\\\/noticias\\\/#\\\/schema\\\/logo\\\/image\\\/\"},\"sameAs\":[\"https:\\\/\\\/www.facebook.com\\\/VentanasProdeco\",\"https:\\\/\\\/x.com\\\/VentanasProdeco\",\"https:\\\/\\\/www.tiktok.com\\\/@VentanasProdeco\",\"https:\\\/\\\/www.youtube.com\\\/@VentanasProdeco\"]},{\"@type\":\"Person\",\"@id\":\"https:\\\/\\\/www.ventanasprodeco.com\\\/noticias\\\/#\\\/schema\\\/person\\\/e2913647ff79c129e55984ab50faf21a\",\"name\":\"Ventanas Prodeco\",\"image\":{\"@type\":\"ImageObject\",\"inLanguage\":\"es\",\"@id\":\"https:\\\/\\\/secure.gravatar.com\\\/avatar\\\/c5f8fa291da6699f0d04718e30fdb7ff9fa47d2ae84c79a8f68922349513ce31?s=96&d=mm&r=g\",\"url\":\"https:\\\/\\\/secure.gravatar.com\\\/avatar\\\/c5f8fa291da6699f0d04718e30fdb7ff9fa47d2ae84c79a8f68922349513ce31?s=96&d=mm&r=g\",\"contentUrl\":\"https:\\\/\\\/secure.gravatar.com\\\/avatar\\\/c5f8fa291da6699f0d04718e30fdb7ff9fa47d2ae84c79a8f68922349513ce31?s=96&d=mm&r=g\",\"caption\":\"Ventanas Prodeco\"},\"sameAs\":[\"http:\\\/\\\/ventanasprodeco.com\\\/noticias\"],\"url\":\"https:\\\/\\\/www.ventanasprodeco.com\\\/noticias\\\/author\\\/admin\\\/\"}]}<\/script>\n<!-- \/ Yoast SEO plugin. -->","yoast_head_json":{"title":"De la A a la Z: Gu\u00eda para Elegir las Ventanas Perfectas para tu Hogar - Ventanas Prodeco","description":"En esta gu\u00eda, te llevaremos desde la A hasta la Z, explorando todos los aspectos que debes considerar al seleccionar las ventanas perfectas","robots":{"index":"index","follow":"follow","max-snippet":"max-snippet:-1","max-image-preview":"max-image-preview:large","max-video-preview":"max-video-preview:-1"},"canonical":"https:\/\/www.ventanasprodeco.com\/noticias\/guia-para-elegir-las-ventanas-perfectas\/","og_locale":"es_ES","og_type":"article","og_title":"De la A a la Z: Gu\u00eda para Elegir las Ventanas Perfectas para tu Hogar - Ventanas Prodeco","og_description":"En esta gu\u00eda, te llevaremos desde la A hasta la Z, explorando todos los aspectos que debes considerar al seleccionar las ventanas perfectas","og_url":"https:\/\/www.ventanasprodeco.com\/noticias\/guia-para-elegir-las-ventanas-perfectas\/","og_site_name":"Ventanas Prodeco","article_publisher":"https:\/\/www.facebook.com\/VentanasProdeco","article_published_time":"2023-08-11T12:52:38+00:00","article_modified_time":"2023-08-11T17:18:15+00:00","og_image":[{"width":1568,"height":1046,"url":"https:\/\/www.ventanasprodeco.com\/noticias\/wp-content\/uploads\/2023\/08\/ventanas-prodeco-guia-ventanas.jpg","type":"image\/jpeg"}],"author":"Ventanas Prodeco","twitter_card":"summary_large_image","twitter_creator":"@VentanasProdeco","twitter_site":"@VentanasProdeco","twitter_misc":{"Escrito por":"Ventanas Prodeco","Tiempo de lectura":"4 minutos"},"schema":{"@context":"https:\/\/schema.org","@graph":[{"@type":"Article","@id":"https:\/\/www.ventanasprodeco.com\/noticias\/guia-para-elegir-las-ventanas-perfectas\/#article","isPartOf":{"@id":"https:\/\/www.ventanasprodeco.com\/noticias\/guia-para-elegir-las-ventanas-perfectas\/"},"author":{"name":"Ventanas Prodeco","@id":"https:\/\/www.ventanasprodeco.com\/noticias\/#\/schema\/person\/e2913647ff79c129e55984ab50faf21a"},"headline":"De la A a la Z: Gu\u00eda para Elegir las Ventanas Perfectas para tu Hogar","datePublished":"2023-08-11T12:52:38+00:00","dateModified":"2023-08-11T17:18:15+00:00","mainEntityOfPage":{"@id":"https:\/\/www.ventanasprodeco.com\/noticias\/guia-para-elegir-las-ventanas-perfectas\/"},"wordCount":862,"publisher":{"@id":"https:\/\/www.ventanasprodeco.com\/noticias\/#organization"},"image":{"@id":"https:\/\/www.ventanasprodeco.com\/noticias\/guia-para-elegir-las-ventanas-perfectas\/#primaryimage"},"thumbnailUrl":"https:\/\/www.ventanasprodeco.com\/noticias\/wp-content\/uploads\/2023\/08\/ventanas-prodeco-guia-ventanas.jpg","keywords":["Ventanas","Ventanas Abatibles","Ventanas Ac\u00fasticas","Ventanas Calidad","Ventanas Correderas","Ventanas Elegantes","Ventanas Modernas","Ventanas Prodeco","Ventanas Seguridad","Ventanas T\u00e9rmicas"],"articleSection":["Noticias"],"inLanguage":"es"},{"@type":"WebPage","@id":"https:\/\/www.ventanasprodeco.com\/noticias\/guia-para-elegir-las-ventanas-perfectas\/","url":"https:\/\/www.ventanasprodeco.com\/noticias\/guia-para-elegir-las-ventanas-perfectas\/","name":"De la A a la Z: Gu\u00eda para Elegir las Ventanas Perfectas para tu Hogar - Ventanas Prodeco","isPartOf":{"@id":"https:\/\/www.ventanasprodeco.com\/noticias\/#website"},"primaryImageOfPage":{"@id":"https:\/\/www.ventanasprodeco.com\/noticias\/guia-para-elegir-las-ventanas-perfectas\/#primaryimage"},"image":{"@id":"https:\/\/www.ventanasprodeco.com\/noticias\/guia-para-elegir-las-ventanas-perfectas\/#primaryimage"},"thumbnailUrl":"https:\/\/www.ventanasprodeco.com\/noticias\/wp-content\/uploads\/2023\/08\/ventanas-prodeco-guia-ventanas.jpg","datePublished":"2023-08-11T12:52:38+00:00","dateModified":"2023-08-11T17:18:15+00:00","description":"En esta gu\u00eda, te llevaremos desde la A hasta la Z, explorando todos los aspectos que debes considerar al seleccionar las ventanas perfectas","breadcrumb":{"@id":"https:\/\/www.ventanasprodeco.com\/noticias\/guia-para-elegir-las-ventanas-perfectas\/#breadcrumb"},"inLanguage":"es","potentialAction":[{"@type":"ReadAction","target":["https:\/\/www.ventanasprodeco.com\/noticias\/guia-para-elegir-las-ventanas-perfectas\/"]}]},{"@type":"ImageObject","inLanguage":"es","@id":"https:\/\/www.ventanasprodeco.com\/noticias\/guia-para-elegir-las-ventanas-perfectas\/#primaryimage","url":"https:\/\/www.ventanasprodeco.com\/noticias\/wp-content\/uploads\/2023\/08\/ventanas-prodeco-guia-ventanas.jpg","contentUrl":"https:\/\/www.ventanasprodeco.com\/noticias\/wp-content\/uploads\/2023\/08\/ventanas-prodeco-guia-ventanas.jpg","width":1568,"height":1046},{"@type":"BreadcrumbList","@id":"https:\/\/www.ventanasprodeco.com\/noticias\/guia-para-elegir-las-ventanas-perfectas\/#breadcrumb","itemListElement":[{"@type":"ListItem","position":1,"name":"Portada","item":"https:\/\/www.ventanasprodeco.com\/noticias\/"},{"@type":"ListItem","position":2,"name":"De la A a la Z: Gu\u00eda para Elegir las Ventanas Perfectas para tu Hogar"}]},{"@type":"WebSite","@id":"https:\/\/www.ventanasprodeco.com\/noticias\/#website","url":"https:\/\/www.ventanasprodeco.com\/noticias\/","name":"VentanasProdeco.com","description":"Especialistas en Ventanas","publisher":{"@id":"https:\/\/www.ventanasprodeco.com\/noticias\/#organization"},"potentialAction":[{"@type":"SearchAction","target":{"@type":"EntryPoint","urlTemplate":"https:\/\/www.ventanasprodeco.com\/noticias\/?s={search_term_string}"},"query-input":{"@type":"PropertyValueSpecification","valueRequired":true,"valueName":"search_term_string"}}],"inLanguage":"es"},{"@type":"Organization","@id":"https:\/\/www.ventanasprodeco.com\/noticias\/#organization","name":"Ventanas Prodeco","url":"https:\/\/www.ventanasprodeco.com\/noticias\/","logo":{"@type":"ImageObject","inLanguage":"es","@id":"https:\/\/www.ventanasprodeco.com\/noticias\/#\/schema\/logo\/image\/","url":"https:\/\/www.ventanasprodeco.com\/noticias\/wp-content\/uploads\/2023\/06\/cropped-logo.png","contentUrl":"https:\/\/www.ventanasprodeco.com\/noticias\/wp-content\/uploads\/2023\/06\/cropped-logo.png","width":300,"height":65,"caption":"Ventanas Prodeco"},"image":{"@id":"https:\/\/www.ventanasprodeco.com\/noticias\/#\/schema\/logo\/image\/"},"sameAs":["https:\/\/www.facebook.com\/VentanasProdeco","https:\/\/x.com\/VentanasProdeco","https:\/\/www.tiktok.com\/@VentanasProdeco","https:\/\/www.youtube.com\/@VentanasProdeco"]},{"@type":"Person","@id":"https:\/\/www.ventanasprodeco.com\/noticias\/#\/schema\/person\/e2913647ff79c129e55984ab50faf21a","name":"Ventanas Prodeco","image":{"@type":"ImageObject","inLanguage":"es","@id":"https:\/\/secure.gravatar.com\/avatar\/c5f8fa291da6699f0d04718e30fdb7ff9fa47d2ae84c79a8f68922349513ce31?s=96&d=mm&r=g","url":"https:\/\/secure.gravatar.com\/avatar\/c5f8fa291da6699f0d04718e30fdb7ff9fa47d2ae84c79a8f68922349513ce31?s=96&d=mm&r=g","contentUrl":"https:\/\/secure.gravatar.com\/avatar\/c5f8fa291da6699f0d04718e30fdb7ff9fa47d2ae84c79a8f68922349513ce31?s=96&d=mm&r=g","caption":"Ventanas Prodeco"},"sameAs":["http:\/\/ventanasprodeco.com\/noticias"],"url":"https:\/\/www.ventanasprodeco.com\/noticias\/author\/admin\/"}]}},"_links":{"self":[{"href":"https:\/\/www.ventanasprodeco.com\/noticias\/wp-json\/wp\/v2\/posts\/133","targetHints":{"allow":["GET"]}}],"collection":[{"href":"https:\/\/www.ventanasprodeco.com\/noticias\/wp-json\/wp\/v2\/posts"}],"about":[{"href":"https:\/\/www.ventanasprodeco.com\/noticias\/wp-json\/wp\/v2\/types\/post"}],"author":[{"embeddable":true,"href":"https:\/\/www.ventanasprodeco.com\/noticias\/wp-json\/wp\/v2\/users\/1"}],"replies":[{"embeddable":true,"href":"https:\/\/www.ventanasprodeco.com\/noticias\/wp-json\/wp\/v2\/comments?post=133"}],"version-history":[{"count":0,"href":"https:\/\/www.ventanasprodeco.com\/noticias\/wp-json\/wp\/v2\/posts\/133\/revisions"}],"wp:featuredmedia":[{"embeddable":true,"href":"https:\/\/www.ventanasprodeco.com\/noticias\/wp-json\/wp\/v2\/media\/142"}],"wp:attachment":[{"href":"https:\/\/www.ventanasprodeco.com\/noticias\/wp-json\/wp\/v2\/media?parent=133"}],"wp:term":[{"taxonomy":"category","embeddable":true,"href":"https:\/\/www.ventanasprodeco.com\/noticias\/wp-json\/wp\/v2\/categories?post=133"},{"taxonomy":"post_tag","embeddable":true,"href":"https:\/\/www.ventanasprodeco.com\/noticias\/wp-json\/wp\/v2\/tags?post=133"}],"curies":[{"name":"wp","href":"https:\/\/api.w.org\/{rel}","templated":true}]}}