{"id":121,"date":"2023-08-09T07:50:01","date_gmt":"2023-08-09T07:50:01","guid":{"rendered":"https:\/\/ventanasprodeco.com\/noticias\/?p=121"},"modified":"2023-08-09T08:03:10","modified_gmt":"2023-08-09T08:03:10","slug":"ventanas-prodeco-con-el-medio-ambiente","status":"publish","type":"post","link":"https:\/\/www.ventanasprodeco.com\/noticias\/ventanas-prodeco-con-el-medio-ambiente\/","title":{"rendered":"Ventanas Prodeco con el Medio Ambiente"},"content":{"rendered":"<p>En un mundo donde la sostenibilidad es esencial, <a href=\"\/\" title=\"Ventanas Prodeco - Especialistas en Ventanas\">Ventanas Prodeco<\/a> se enorgullece de asumir la responsabilidad de proteger el medio ambiente. Nuestro compromiso con la sostenibilidad no solo se refleja en la calidad de nuestras ventanas, sino tambi\u00e9n en c\u00f3mo dise\u00f1amos, fabricamos y operamos para minimizar nuestro impacto en el entorno natural.<\/p>\n<h2>Ventanas con Innovaci\u00f3n Sostenible<\/h2>\n<h3>Materiales Respetuosos<\/h3>\n<p>Optamos por materiales respetuosos con el medio ambiente en nuestras ventanas, como el <b>PVC y el aluminio reciclables<\/b>, reduciendo la huella de carbono y fomentando la econom\u00eda circular.<\/p>\n<h3>Eficiencia Energ\u00e9tica<\/h3>\n<p>Nuestras ventanas est\u00e1n dise\u00f1adas para maximizar la <b>eficiencia energ\u00e9tica<\/b>, reduciendo el consumo de energ\u00eda en los hogares y contribuyendo a la reducci\u00f3n de emisiones de gases de efecto invernadero.<\/p>\n<h3>Producci\u00f3n Responsable<\/h3>\n<p>Nuestros fabricantes cuentan con tecnolog\u00eda avanzada que minimiza el desperdicio y maximiza la utilizaci\u00f3n de recursos, siguiendo pr\u00e1cticas de fabricaci\u00f3n sostenible.<\/p>\n<hr>\n<h2>Compromiso con la Comunidad<\/h2>\n<h3>Educaci\u00f3n Ambiental<\/h3>\n<p>Colaboramos con comunidades y clientes para educar sobre la importancia de la sostenibilidad y c\u00f3mo nuestras decisiones pueden tener un impacto positivo en el entorno.<\/p>\n<h3>Reciclaje y Reutilizaci\u00f3n<\/h3>\n<p>Fomentamos el <strong>reciclaje de ventanas<\/strong> y la reutilizaci\u00f3n de materiales en proyectos de renovaci\u00f3n, extendiendo la vida \u00fatil de los productos y reduciendo el desperdicio.<\/p>\n<h3>Plantaci\u00f3n de \u00c1rboles<\/h3>\n<p>Como parte de nuestra responsabilidad ambiental, participamos en programas de reforestaci\u00f3n y conservaci\u00f3n de \u00e1reas naturales.<\/p>\n<p>En <strong>Ventanas Prodeco<\/strong>, no solo construimos ventanas de calidad, sino tambi\u00e9n un futuro sostenible. Nos esforzamos por liderar el camino hacia pr\u00e1cticas m\u00e1s respetuosas con el medio ambiente en la industria de ventanas y puertas. Cada elecci\u00f3n sostenible que hacemos hoy tiene un impacto duradero en el ma\u00f1ana. \u00danete a nosotros en nuestro viaje hacia un mundo m\u00e1s verde y consciente.<\/p>\n","protected":false},"excerpt":{"rendered":"<p>En un mundo donde la sostenibilidad es esencial, Ventanas Prodeco se enorgullece de asumir la responsabilidad de proteger el medio ambiente. Nuestro compromiso con la sostenibilidad no solo se refleja en la calidad de nuestras ventanas, sino tambi\u00e9n en c\u00f3mo dise\u00f1amos, fabricamos y operamos para minimizar nuestro impacto en el entorno natural. Ventanas con Innovaci\u00f3n&hellip; <a class=\"more-link\" href=\"https:\/\/www.ventanasprodeco.com\/noticias\/ventanas-prodeco-con-el-medio-ambiente\/\">Seguir leyendo <span class=\"screen-reader-text\">Ventanas Prodeco con el Medio Ambiente<\/span><\/a><\/p>\n","protected":false},"author":1,"featured_media":132,"comment_status":"closed","ping_status":"open","sticky":false,"template":"","format":"standard","meta":{"footnotes":""},"categories":[1],"tags":[6,8,10,23,9,15,22],"class_list":["post-121","post","type-post","status-publish","format-standard","has-post-thumbnail","hentry","category-noticias","tag-ventanas","tag-ventanas-acusticas","tag-ventanas-calidad","tag-ventanas-ecologicas","tag-ventanas-prodeco","tag-ventanas-seguridad","tag-ventanas-sostenibles","entry"],"yoast_head":"<!-- This site is optimized with the Yoast SEO plugin v27.4 - https:\/\/yoast.com\/product\/yoast-seo-wordpress\/ -->\n<title>Ventanas Prodeco con el Medio Ambiente - Ventanas Prodeco<\/title>\n<meta name=\"description\" content=\"En un mundo donde la sostenibilidad es esencial, Ventanas Prodeco se enorgullece de asumir la responsabilidad de proteger el medio ambiente.\" \/>\n<meta name=\"robots\" content=\"index, follow, max-snippet:-1, max-image-preview:large, max-video-preview:-1\" \/>\n<link rel=\"canonical\" href=\"https:\/\/www.ventanasprodeco.com\/noticias\/ventanas-prodeco-con-el-medio-ambiente\/\" \/>\n<meta property=\"og:locale\" content=\"es_ES\" \/>\n<meta property=\"og:type\" content=\"article\" \/>\n<meta property=\"og:title\" content=\"Ventanas Prodeco con el Medio Ambiente - Ventanas Prodeco\" \/>\n<meta property=\"og:description\" content=\"En un mundo donde la sostenibilidad es esencial, Ventanas Prodeco se enorgullece de asumir la responsabilidad de proteger el medio ambiente.\" \/>\n<meta property=\"og:url\" content=\"https:\/\/www.ventanasprodeco.com\/noticias\/ventanas-prodeco-con-el-medio-ambiente\/\" \/>\n<meta property=\"og:site_name\" content=\"Ventanas Prodeco\" \/>\n<meta property=\"article:publisher\" content=\"https:\/\/www.facebook.com\/VentanasProdeco\" \/>\n<meta property=\"article:published_time\" content=\"2023-08-09T07:50:01+00:00\" \/>\n<meta property=\"article:modified_time\" content=\"2023-08-09T08:03:10+00:00\" \/>\n<meta property=\"og:image\" content=\"https:\/\/www.ventanasprodeco.com\/noticias\/wp-content\/uploads\/2023\/08\/compromiso-medioambiente-ventanasprodeco.jpg\" \/>\n\t<meta property=\"og:image:width\" content=\"1568\" \/>\n\t<meta property=\"og:image:height\" content=\"1046\" \/>\n\t<meta property=\"og:image:type\" content=\"image\/jpeg\" \/>\n<meta name=\"author\" content=\"Ventanas Prodeco\" \/>\n<meta name=\"twitter:card\" content=\"summary_large_image\" \/>\n<meta name=\"twitter:creator\" content=\"@VentanasProdeco\" \/>\n<meta name=\"twitter:site\" content=\"@VentanasProdeco\" \/>\n<meta name=\"twitter:label1\" content=\"Escrito por\" \/>\n\t<meta name=\"twitter:data1\" content=\"Ventanas Prodeco\" \/>\n\t<meta name=\"twitter:label2\" content=\"Tiempo de lectura\" \/>\n\t<meta name=\"twitter:data2\" content=\"2 minutos\" \/>\n<script type=\"application\/ld+json\" class=\"yoast-schema-graph\">{\"@context\":\"https:\\\/\\\/schema.org\",\"@graph\":[{\"@type\":\"Article\",\"@id\":\"https:\\\/\\\/www.ventanasprodeco.com\\\/noticias\\\/ventanas-prodeco-con-el-medio-ambiente\\\/#article\",\"isPartOf\":{\"@id\":\"https:\\\/\\\/www.ventanasprodeco.com\\\/noticias\\\/ventanas-prodeco-con-el-medio-ambiente\\\/\"},\"author\":{\"name\":\"Ventanas Prodeco\",\"@id\":\"https:\\\/\\\/www.ventanasprodeco.com\\\/noticias\\\/#\\\/schema\\\/person\\\/e2913647ff79c129e55984ab50faf21a\"},\"headline\":\"Ventanas Prodeco con el Medio Ambiente\",\"datePublished\":\"2023-08-09T07:50:01+00:00\",\"dateModified\":\"2023-08-09T08:03:10+00:00\",\"mainEntityOfPage\":{\"@id\":\"https:\\\/\\\/www.ventanasprodeco.com\\\/noticias\\\/ventanas-prodeco-con-el-medio-ambiente\\\/\"},\"wordCount\":315,\"publisher\":{\"@id\":\"https:\\\/\\\/www.ventanasprodeco.com\\\/noticias\\\/#organization\"},\"image\":{\"@id\":\"https:\\\/\\\/www.ventanasprodeco.com\\\/noticias\\\/ventanas-prodeco-con-el-medio-ambiente\\\/#primaryimage\"},\"thumbnailUrl\":\"https:\\\/\\\/www.ventanasprodeco.com\\\/noticias\\\/wp-content\\\/uploads\\\/2023\\\/08\\\/compromiso-medioambiente-ventanasprodeco.jpg\",\"keywords\":[\"Ventanas\",\"Ventanas Ac\u00fasticas\",\"Ventanas Calidad\",\"Ventanas Ecol\u00f3gicas\",\"Ventanas Prodeco\",\"Ventanas Seguridad\",\"Ventanas Sostenibles\"],\"articleSection\":[\"Noticias\"],\"inLanguage\":\"es\"},{\"@type\":\"WebPage\",\"@id\":\"https:\\\/\\\/www.ventanasprodeco.com\\\/noticias\\\/ventanas-prodeco-con-el-medio-ambiente\\\/\",\"url\":\"https:\\\/\\\/www.ventanasprodeco.com\\\/noticias\\\/ventanas-prodeco-con-el-medio-ambiente\\\/\",\"name\":\"Ventanas Prodeco con el Medio Ambiente - Ventanas Prodeco\",\"isPartOf\":{\"@id\":\"https:\\\/\\\/www.ventanasprodeco.com\\\/noticias\\\/#website\"},\"primaryImageOfPage\":{\"@id\":\"https:\\\/\\\/www.ventanasprodeco.com\\\/noticias\\\/ventanas-prodeco-con-el-medio-ambiente\\\/#primaryimage\"},\"image\":{\"@id\":\"https:\\\/\\\/www.ventanasprodeco.com\\\/noticias\\\/ventanas-prodeco-con-el-medio-ambiente\\\/#primaryimage\"},\"thumbnailUrl\":\"https:\\\/\\\/www.ventanasprodeco.com\\\/noticias\\\/wp-content\\\/uploads\\\/2023\\\/08\\\/compromiso-medioambiente-ventanasprodeco.jpg\",\"datePublished\":\"2023-08-09T07:50:01+00:00\",\"dateModified\":\"2023-08-09T08:03:10+00:00\",\"description\":\"En un mundo donde la sostenibilidad es esencial, Ventanas Prodeco se enorgullece de asumir la responsabilidad de proteger el medio ambiente.\",\"breadcrumb\":{\"@id\":\"https:\\\/\\\/www.ventanasprodeco.com\\\/noticias\\\/ventanas-prodeco-con-el-medio-ambiente\\\/#breadcrumb\"},\"inLanguage\":\"es\",\"potentialAction\":[{\"@type\":\"ReadAction\",\"target\":[\"https:\\\/\\\/www.ventanasprodeco.com\\\/noticias\\\/ventanas-prodeco-con-el-medio-ambiente\\\/\"]}]},{\"@type\":\"ImageObject\",\"inLanguage\":\"es\",\"@id\":\"https:\\\/\\\/www.ventanasprodeco.com\\\/noticias\\\/ventanas-prodeco-con-el-medio-ambiente\\\/#primaryimage\",\"url\":\"https:\\\/\\\/www.ventanasprodeco.com\\\/noticias\\\/wp-content\\\/uploads\\\/2023\\\/08\\\/compromiso-medioambiente-ventanasprodeco.jpg\",\"contentUrl\":\"https:\\\/\\\/www.ventanasprodeco.com\\\/noticias\\\/wp-content\\\/uploads\\\/2023\\\/08\\\/compromiso-medioambiente-ventanasprodeco.jpg\",\"width\":1568,\"height\":1046},{\"@type\":\"BreadcrumbList\",\"@id\":\"https:\\\/\\\/www.ventanasprodeco.com\\\/noticias\\\/ventanas-prodeco-con-el-medio-ambiente\\\/#breadcrumb\",\"itemListElement\":[{\"@type\":\"ListItem\",\"position\":1,\"name\":\"Portada\",\"item\":\"https:\\\/\\\/www.ventanasprodeco.com\\\/noticias\\\/\"},{\"@type\":\"ListItem\",\"position\":2,\"name\":\"Ventanas Prodeco con el Medio Ambiente\"}]},{\"@type\":\"WebSite\",\"@id\":\"https:\\\/\\\/www.ventanasprodeco.com\\\/noticias\\\/#website\",\"url\":\"https:\\\/\\\/www.ventanasprodeco.com\\\/noticias\\\/\",\"name\":\"VentanasProdeco.com\",\"description\":\"Especialistas en Ventanas\",\"publisher\":{\"@id\":\"https:\\\/\\\/www.ventanasprodeco.com\\\/noticias\\\/#organization\"},\"potentialAction\":[{\"@type\":\"SearchAction\",\"target\":{\"@type\":\"EntryPoint\",\"urlTemplate\":\"https:\\\/\\\/www.ventanasprodeco.com\\\/noticias\\\/?s={search_term_string}\"},\"query-input\":{\"@type\":\"PropertyValueSpecification\",\"valueRequired\":true,\"valueName\":\"search_term_string\"}}],\"inLanguage\":\"es\"},{\"@type\":\"Organization\",\"@id\":\"https:\\\/\\\/www.ventanasprodeco.com\\\/noticias\\\/#organization\",\"name\":\"Ventanas Prodeco\",\"url\":\"https:\\\/\\\/www.ventanasprodeco.com\\\/noticias\\\/\",\"logo\":{\"@type\":\"ImageObject\",\"inLanguage\":\"es\",\"@id\":\"https:\\\/\\\/www.ventanasprodeco.com\\\/noticias\\\/#\\\/schema\\\/logo\\\/image\\\/\",\"url\":\"https:\\\/\\\/www.ventanasprodeco.com\\\/noticias\\\/wp-content\\\/uploads\\\/2023\\\/06\\\/cropped-logo.png\",\"contentUrl\":\"https:\\\/\\\/www.ventanasprodeco.com\\\/noticias\\\/wp-content\\\/uploads\\\/2023\\\/06\\\/cropped-logo.png\",\"width\":300,\"height\":65,\"caption\":\"Ventanas Prodeco\"},\"image\":{\"@id\":\"https:\\\/\\\/www.ventanasprodeco.com\\\/noticias\\\/#\\\/schema\\\/logo\\\/image\\\/\"},\"sameAs\":[\"https:\\\/\\\/www.facebook.com\\\/VentanasProdeco\",\"https:\\\/\\\/x.com\\\/VentanasProdeco\",\"https:\\\/\\\/www.tiktok.com\\\/@VentanasProdeco\",\"https:\\\/\\\/www.youtube.com\\\/@VentanasProdeco\"]},{\"@type\":\"Person\",\"@id\":\"https:\\\/\\\/www.ventanasprodeco.com\\\/noticias\\\/#\\\/schema\\\/person\\\/e2913647ff79c129e55984ab50faf21a\",\"name\":\"Ventanas Prodeco\",\"image\":{\"@type\":\"ImageObject\",\"inLanguage\":\"es\",\"@id\":\"https:\\\/\\\/secure.gravatar.com\\\/avatar\\\/c5f8fa291da6699f0d04718e30fdb7ff9fa47d2ae84c79a8f68922349513ce31?s=96&d=mm&r=g\",\"url\":\"https:\\\/\\\/secure.gravatar.com\\\/avatar\\\/c5f8fa291da6699f0d04718e30fdb7ff9fa47d2ae84c79a8f68922349513ce31?s=96&d=mm&r=g\",\"contentUrl\":\"https:\\\/\\\/secure.gravatar.com\\\/avatar\\\/c5f8fa291da6699f0d04718e30fdb7ff9fa47d2ae84c79a8f68922349513ce31?s=96&d=mm&r=g\",\"caption\":\"Ventanas Prodeco\"},\"sameAs\":[\"http:\\\/\\\/ventanasprodeco.com\\\/noticias\"],\"url\":\"https:\\\/\\\/www.ventanasprodeco.com\\\/noticias\\\/author\\\/admin\\\/\"}]}<\/script>\n<!-- \/ Yoast SEO plugin. -->","yoast_head_json":{"title":"Ventanas Prodeco con el Medio Ambiente - Ventanas Prodeco","description":"En un mundo donde la sostenibilidad es esencial, Ventanas Prodeco se enorgullece de asumir la responsabilidad de proteger el medio ambiente.","robots":{"index":"index","follow":"follow","max-snippet":"max-snippet:-1","max-image-preview":"max-image-preview:large","max-video-preview":"max-video-preview:-1"},"canonical":"https:\/\/www.ventanasprodeco.com\/noticias\/ventanas-prodeco-con-el-medio-ambiente\/","og_locale":"es_ES","og_type":"article","og_title":"Ventanas Prodeco con el Medio Ambiente - Ventanas Prodeco","og_description":"En un mundo donde la sostenibilidad es esencial, Ventanas Prodeco se enorgullece de asumir la responsabilidad de proteger el medio ambiente.","og_url":"https:\/\/www.ventanasprodeco.com\/noticias\/ventanas-prodeco-con-el-medio-ambiente\/","og_site_name":"Ventanas Prodeco","article_publisher":"https:\/\/www.facebook.com\/VentanasProdeco","article_published_time":"2023-08-09T07:50:01+00:00","article_modified_time":"2023-08-09T08:03:10+00:00","og_image":[{"width":1568,"height":1046,"url":"https:\/\/www.ventanasprodeco.com\/noticias\/wp-content\/uploads\/2023\/08\/compromiso-medioambiente-ventanasprodeco.jpg","type":"image\/jpeg"}],"author":"Ventanas Prodeco","twitter_card":"summary_large_image","twitter_creator":"@VentanasProdeco","twitter_site":"@VentanasProdeco","twitter_misc":{"Escrito por":"Ventanas Prodeco","Tiempo de lectura":"2 minutos"},"schema":{"@context":"https:\/\/schema.org","@graph":[{"@type":"Article","@id":"https:\/\/www.ventanasprodeco.com\/noticias\/ventanas-prodeco-con-el-medio-ambiente\/#article","isPartOf":{"@id":"https:\/\/www.ventanasprodeco.com\/noticias\/ventanas-prodeco-con-el-medio-ambiente\/"},"author":{"name":"Ventanas Prodeco","@id":"https:\/\/www.ventanasprodeco.com\/noticias\/#\/schema\/person\/e2913647ff79c129e55984ab50faf21a"},"headline":"Ventanas Prodeco con el Medio Ambiente","datePublished":"2023-08-09T07:50:01+00:00","dateModified":"2023-08-09T08:03:10+00:00","mainEntityOfPage":{"@id":"https:\/\/www.ventanasprodeco.com\/noticias\/ventanas-prodeco-con-el-medio-ambiente\/"},"wordCount":315,"publisher":{"@id":"https:\/\/www.ventanasprodeco.com\/noticias\/#organization"},"image":{"@id":"https:\/\/www.ventanasprodeco.com\/noticias\/ventanas-prodeco-con-el-medio-ambiente\/#primaryimage"},"thumbnailUrl":"https:\/\/www.ventanasprodeco.com\/noticias\/wp-content\/uploads\/2023\/08\/compromiso-medioambiente-ventanasprodeco.jpg","keywords":["Ventanas","Ventanas Ac\u00fasticas","Ventanas Calidad","Ventanas Ecol\u00f3gicas","Ventanas Prodeco","Ventanas Seguridad","Ventanas Sostenibles"],"articleSection":["Noticias"],"inLanguage":"es"},{"@type":"WebPage","@id":"https:\/\/www.ventanasprodeco.com\/noticias\/ventanas-prodeco-con-el-medio-ambiente\/","url":"https:\/\/www.ventanasprodeco.com\/noticias\/ventanas-prodeco-con-el-medio-ambiente\/","name":"Ventanas Prodeco con el Medio Ambiente - Ventanas Prodeco","isPartOf":{"@id":"https:\/\/www.ventanasprodeco.com\/noticias\/#website"},"primaryImageOfPage":{"@id":"https:\/\/www.ventanasprodeco.com\/noticias\/ventanas-prodeco-con-el-medio-ambiente\/#primaryimage"},"image":{"@id":"https:\/\/www.ventanasprodeco.com\/noticias\/ventanas-prodeco-con-el-medio-ambiente\/#primaryimage"},"thumbnailUrl":"https:\/\/www.ventanasprodeco.com\/noticias\/wp-content\/uploads\/2023\/08\/compromiso-medioambiente-ventanasprodeco.jpg","datePublished":"2023-08-09T07:50:01+00:00","dateModified":"2023-08-09T08:03:10+00:00","description":"En un mundo donde la sostenibilidad es esencial, Ventanas Prodeco se enorgullece de asumir la responsabilidad de proteger el medio ambiente.","breadcrumb":{"@id":"https:\/\/www.ventanasprodeco.com\/noticias\/ventanas-prodeco-con-el-medio-ambiente\/#breadcrumb"},"inLanguage":"es","potentialAction":[{"@type":"ReadAction","target":["https:\/\/www.ventanasprodeco.com\/noticias\/ventanas-prodeco-con-el-medio-ambiente\/"]}]},{"@type":"ImageObject","inLanguage":"es","@id":"https:\/\/www.ventanasprodeco.com\/noticias\/ventanas-prodeco-con-el-medio-ambiente\/#primaryimage","url":"https:\/\/www.ventanasprodeco.com\/noticias\/wp-content\/uploads\/2023\/08\/compromiso-medioambiente-ventanasprodeco.jpg","contentUrl":"https:\/\/www.ventanasprodeco.com\/noticias\/wp-content\/uploads\/2023\/08\/compromiso-medioambiente-ventanasprodeco.jpg","width":1568,"height":1046},{"@type":"BreadcrumbList","@id":"https:\/\/www.ventanasprodeco.com\/noticias\/ventanas-prodeco-con-el-medio-ambiente\/#breadcrumb","itemListElement":[{"@type":"ListItem","position":1,"name":"Portada","item":"https:\/\/www.ventanasprodeco.com\/noticias\/"},{"@type":"ListItem","position":2,"name":"Ventanas Prodeco con el Medio Ambiente"}]},{"@type":"WebSite","@id":"https:\/\/www.ventanasprodeco.com\/noticias\/#website","url":"https:\/\/www.ventanasprodeco.com\/noticias\/","name":"VentanasProdeco.com","description":"Especialistas en Ventanas","publisher":{"@id":"https:\/\/www.ventanasprodeco.com\/noticias\/#organization"},"potentialAction":[{"@type":"SearchAction","target":{"@type":"EntryPoint","urlTemplate":"https:\/\/www.ventanasprodeco.com\/noticias\/?s={search_term_string}"},"query-input":{"@type":"PropertyValueSpecification","valueRequired":true,"valueName":"search_term_string"}}],"inLanguage":"es"},{"@type":"Organization","@id":"https:\/\/www.ventanasprodeco.com\/noticias\/#organization","name":"Ventanas Prodeco","url":"https:\/\/www.ventanasprodeco.com\/noticias\/","logo":{"@type":"ImageObject","inLanguage":"es","@id":"https:\/\/www.ventanasprodeco.com\/noticias\/#\/schema\/logo\/image\/","url":"https:\/\/www.ventanasprodeco.com\/noticias\/wp-content\/uploads\/2023\/06\/cropped-logo.png","contentUrl":"https:\/\/www.ventanasprodeco.com\/noticias\/wp-content\/uploads\/2023\/06\/cropped-logo.png","width":300,"height":65,"caption":"Ventanas Prodeco"},"image":{"@id":"https:\/\/www.ventanasprodeco.com\/noticias\/#\/schema\/logo\/image\/"},"sameAs":["https:\/\/www.facebook.com\/VentanasProdeco","https:\/\/x.com\/VentanasProdeco","https:\/\/www.tiktok.com\/@VentanasProdeco","https:\/\/www.youtube.com\/@VentanasProdeco"]},{"@type":"Person","@id":"https:\/\/www.ventanasprodeco.com\/noticias\/#\/schema\/person\/e2913647ff79c129e55984ab50faf21a","name":"Ventanas Prodeco","image":{"@type":"ImageObject","inLanguage":"es","@id":"https:\/\/secure.gravatar.com\/avatar\/c5f8fa291da6699f0d04718e30fdb7ff9fa47d2ae84c79a8f68922349513ce31?s=96&d=mm&r=g","url":"https:\/\/secure.gravatar.com\/avatar\/c5f8fa291da6699f0d04718e30fdb7ff9fa47d2ae84c79a8f68922349513ce31?s=96&d=mm&r=g","contentUrl":"https:\/\/secure.gravatar.com\/avatar\/c5f8fa291da6699f0d04718e30fdb7ff9fa47d2ae84c79a8f68922349513ce31?s=96&d=mm&r=g","caption":"Ventanas Prodeco"},"sameAs":["http:\/\/ventanasprodeco.com\/noticias"],"url":"https:\/\/www.ventanasprodeco.com\/noticias\/author\/admin\/"}]}},"_links":{"self":[{"href":"https:\/\/www.ventanasprodeco.com\/noticias\/wp-json\/wp\/v2\/posts\/121","targetHints":{"allow":["GET"]}}],"collection":[{"href":"https:\/\/www.ventanasprodeco.com\/noticias\/wp-json\/wp\/v2\/posts"}],"about":[{"href":"https:\/\/www.ventanasprodeco.com\/noticias\/wp-json\/wp\/v2\/types\/post"}],"author":[{"embeddable":true,"href":"https:\/\/www.ventanasprodeco.com\/noticias\/wp-json\/wp\/v2\/users\/1"}],"replies":[{"embeddable":true,"href":"https:\/\/www.ventanasprodeco.com\/noticias\/wp-json\/wp\/v2\/comments?post=121"}],"version-history":[{"count":0,"href":"https:\/\/www.ventanasprodeco.com\/noticias\/wp-json\/wp\/v2\/posts\/121\/revisions"}],"wp:featuredmedia":[{"embeddable":true,"href":"https:\/\/www.ventanasprodeco.com\/noticias\/wp-json\/wp\/v2\/media\/132"}],"wp:attachment":[{"href":"https:\/\/www.ventanasprodeco.com\/noticias\/wp-json\/wp\/v2\/media?parent=121"}],"wp:term":[{"taxonomy":"category","embeddable":true,"href":"https:\/\/www.ventanasprodeco.com\/noticias\/wp-json\/wp\/v2\/categories?post=121"},{"taxonomy":"post_tag","embeddable":true,"href":"https:\/\/www.ventanasprodeco.com\/noticias\/wp-json\/wp\/v2\/tags?post=121"}],"curies":[{"name":"wp","href":"https:\/\/api.w.org\/{rel}","templated":true}]}}