{"id":1061,"date":"2025-02-21T06:04:58","date_gmt":"2025-02-21T06:04:58","guid":{"rendered":"https:\/\/www.ventanasprodeco.com\/noticias\/?p=1061"},"modified":"2025-02-21T06:18:40","modified_gmt":"2025-02-21T06:18:40","slug":"momento-adecuado-cambiar-ventanas","status":"publish","type":"post","link":"https:\/\/www.ventanasprodeco.com\/noticias\/momento-adecuado-cambiar-ventanas\/","title":{"rendered":"\u00bfCu\u00e1ndo es el Momento Adecuado para Cambiar tus Ventanas?"},"content":{"rendered":"\n<p>Las <strong>ventanas<\/strong> son un elemento esencial en cualquier hogar, no solo por su funci\u00f3n est\u00e9tica, sino tambi\u00e9n por su papel en el aislamiento t\u00e9rmico, la seguridad y el confort. Sin embargo, con el paso del tiempo, pueden deteriorarse y perder eficiencia. Entonces, \u00bfc\u00f3mo saber cu\u00e1ndo es el momento adecuado para renovarlas?<\/p>\n\n\n\n<h2 class=\"wp-block-heading\">Aislamiento insuficiente y corrientes de aire<\/h2>\n\n\n\n<p>Si notas que en invierno el fr\u00edo se filtra f\u00e1cilmente o que en verano el calor exterior invade tu casa, es una se\u00f1al de que tus <strong>ventanas<\/strong> han perdido su capacidad de aislamiento. Esto puede deberse a juntas desgastadas, marcos en mal estado o vidrios de baja eficiencia energ\u00e9tica.<\/p>\n\n\n\n<h2 class=\"wp-block-heading\">Ruido exterior excesivo<\/h2>\n\n\n\n<p>Las ventanas antiguas o de vidrio sencillo permiten la entrada de ruido del exterior, lo que puede afectar la calidad de vida dentro de tu hogar. Si vives en una zona con tr\u00e1fico, cerca de aeropuertos o calles transitadas, unas nuevas ventanas con doble o triple acristalamiento pueden mejorar significativamente la insonorizaci\u00f3n.<\/p>\n\n\n\n<h2 class=\"wp-block-heading\">Condensaci\u00f3n en los cristales<\/h2>\n\n\n\n<p>La presencia frecuente de humedad o condensaci\u00f3n en el interior del vidrio es un indicador de que el sellado de la ventana ha fallado, lo que disminuye su eficiencia t\u00e9rmica. En estos casos, cambiar las ventanas es la mejor opci\u00f3n para evitar problemas de humedad y moho en el hogar.<\/p>\n\n\n\n<h2 class=\"wp-block-heading\">Dificultad para abrir o cerrar las ventanas<\/h2>\n\n\n\n<p>Si las <strong>ventanas<\/strong> se traban, tienen mecanismos oxidados o requieren un esfuerzo extra para abrirse y cerrarse, es una clara se\u00f1al de que necesitan ser reemplazadas. Esto no solo afecta la comodidad, sino que tambi\u00e9n puede representar un riesgo de seguridad.<\/p>\n\n\n\n<h2 class=\"wp-block-heading\">Incremento en el consumo energ\u00e9tico<\/h2>\n\n\n\n<p>Si has notado un aumento en tu factura de electricidad o gas, puede ser que tus ventanas est\u00e9n permitiendo fugas de temperatura, obligando a tu sistema de calefacci\u00f3n o aire acondicionado a trabajar m\u00e1s de lo necesario. Cambiarlas por modelos de alto rendimiento energ\u00e9tico puede ayudarte a reducir costos a largo plazo.<\/p>\n\n\n\n<h3 class=\"wp-block-heading\">Beneficios de renovar tus ventanas<\/h3>\n\n\n\n<ul class=\"wp-block-list\">\n<li style=\"margin-top:25px;\"><b>Mayor eficiencia energ\u00e9tica:<\/b> Menos consumo de calefacci\u00f3n y aire acondicionado.<\/li>\n\n\n\n<li style=\"margin-top:25px;\"><b>Mayor confort:<\/b> Aislamiento t\u00e9rmico y ac\u00fastico mejorado.<\/li>\n\n\n\n<li style=\"margin-top:25px;\"><b>Mayor seguridad:<\/b> Materiales m\u00e1s resistentes y sistemas de cierre avanzados.<\/li>\n\n\n\n<li style=\"margin-top:25px;\"><b>Revalorizaci\u00f3n de la vivienda:<\/b> Un factor clave en el mercado inmobiliario.<\/li>\n<\/ul>\n\n\n\n<p>Si identificas alguno de estos problemas en tus ventanas, es un buen momento para considerar un cambio. Invertir en nuevas ventanas no solo mejorar\u00e1 tu calidad de vida, sino que tambi\u00e9n te permitir\u00e1 ahorrar en energ\u00eda y disfrutar de un hogar m\u00e1s seguro y confortable.<\/p>\n\n<hr>\n\n<p>En <strong><a href=\"\/\">Ventanas Prodeco<\/a><\/strong> transformamos tu hogar con soluciones innovadoras, eficientes y seguras. Contacta con nosotros y descubre c\u00f3mo mejorar tu vivienda con las mejores ventanas del mercado.<\/p>\n","protected":false},"excerpt":{"rendered":"<p>Las ventanas son un elemento esencial en cualquier hogar, no solo por su funci\u00f3n est\u00e9tica, sino tambi\u00e9n por su papel en el aislamiento t\u00e9rmico, la seguridad y el confort. Sin embargo, con el paso del tiempo, pueden deteriorarse y perder eficiencia. Entonces, \u00bfc\u00f3mo saber cu\u00e1ndo es el momento adecuado para renovarlas? Aislamiento insuficiente y corrientes&hellip; <a class=\"more-link\" href=\"https:\/\/www.ventanasprodeco.com\/noticias\/momento-adecuado-cambiar-ventanas\/\">Seguir leyendo <span class=\"screen-reader-text\">\u00bfCu\u00e1ndo es el Momento Adecuado para Cambiar tus Ventanas?<\/span><\/a><\/p>\n","protected":false},"author":1,"featured_media":1065,"comment_status":"closed","ping_status":"open","sticky":false,"template":"","format":"standard","meta":{"footnotes":""},"categories":[1],"tags":[6,8,10,13,14,9,20,15,7],"class_list":["post-1061","post","type-post","status-publish","format-standard","has-post-thumbnail","hentry","category-noticias","tag-ventanas","tag-ventanas-acusticas","tag-ventanas-calidad","tag-ventanas-elegantes","tag-ventanas-modernas","tag-ventanas-prodeco","tag-ventanas-pvc","tag-ventanas-seguridad","tag-ventanas-termicas","entry"],"yoast_head":"<!-- This site is optimized with the Yoast SEO plugin v27.4 - https:\/\/yoast.com\/product\/yoast-seo-wordpress\/ -->\n<title>\u00bfCu\u00e1ndo es el Momento Adecuado para Cambiar tus Ventanas? - Ventanas Prodeco<\/title>\n<meta name=\"description\" content=\"Descubre cu\u00e1ndo es el momento ideal para cambiar tus ventanas y mejorar la eficiencia energ\u00e9tica, el confort y la seguridad de tu hogar.\" \/>\n<meta name=\"robots\" content=\"index, follow, max-snippet:-1, max-image-preview:large, max-video-preview:-1\" \/>\n<link rel=\"canonical\" href=\"https:\/\/www.ventanasprodeco.com\/noticias\/momento-adecuado-cambiar-ventanas\/\" \/>\n<meta property=\"og:locale\" content=\"es_ES\" \/>\n<meta property=\"og:type\" content=\"article\" \/>\n<meta property=\"og:title\" content=\"\u00bfCu\u00e1ndo es el Momento Adecuado para Cambiar tus Ventanas? - Ventanas Prodeco\" \/>\n<meta property=\"og:description\" content=\"Descubre cu\u00e1ndo es el momento ideal para cambiar tus ventanas y mejorar la eficiencia energ\u00e9tica, el confort y la seguridad de tu hogar.\" \/>\n<meta property=\"og:url\" content=\"https:\/\/www.ventanasprodeco.com\/noticias\/momento-adecuado-cambiar-ventanas\/\" \/>\n<meta property=\"og:site_name\" content=\"Ventanas Prodeco\" \/>\n<meta property=\"article:publisher\" content=\"https:\/\/www.facebook.com\/VentanasProdeco\" \/>\n<meta property=\"article:published_time\" content=\"2025-02-21T06:04:58+00:00\" \/>\n<meta property=\"article:modified_time\" content=\"2025-02-21T06:18:40+00:00\" \/>\n<meta property=\"og:image\" content=\"https:\/\/www.ventanasprodeco.com\/noticias\/wp-content\/uploads\/2025\/02\/momento-adecuado-cambiar-ventanas.jpg\" \/>\n\t<meta property=\"og:image:width\" content=\"1568\" \/>\n\t<meta property=\"og:image:height\" content=\"1046\" \/>\n\t<meta property=\"og:image:type\" content=\"image\/jpeg\" \/>\n<meta name=\"author\" content=\"Ventanas Prodeco\" \/>\n<meta name=\"twitter:card\" content=\"summary_large_image\" \/>\n<meta name=\"twitter:creator\" content=\"@VentanasProdeco\" \/>\n<meta name=\"twitter:site\" content=\"@VentanasProdeco\" \/>\n<meta name=\"twitter:label1\" content=\"Escrito por\" \/>\n\t<meta name=\"twitter:data1\" content=\"Ventanas Prodeco\" \/>\n\t<meta name=\"twitter:label2\" content=\"Tiempo de lectura\" \/>\n\t<meta name=\"twitter:data2\" content=\"3 minutos\" \/>\n<script type=\"application\/ld+json\" class=\"yoast-schema-graph\">{\"@context\":\"https:\\\/\\\/schema.org\",\"@graph\":[{\"@type\":\"Article\",\"@id\":\"https:\\\/\\\/www.ventanasprodeco.com\\\/noticias\\\/momento-adecuado-cambiar-ventanas\\\/#article\",\"isPartOf\":{\"@id\":\"https:\\\/\\\/www.ventanasprodeco.com\\\/noticias\\\/momento-adecuado-cambiar-ventanas\\\/\"},\"author\":{\"name\":\"Ventanas Prodeco\",\"@id\":\"https:\\\/\\\/www.ventanasprodeco.com\\\/noticias\\\/#\\\/schema\\\/person\\\/e2913647ff79c129e55984ab50faf21a\"},\"headline\":\"\u00bfCu\u00e1ndo es el Momento Adecuado para Cambiar tus Ventanas?\",\"datePublished\":\"2025-02-21T06:04:58+00:00\",\"dateModified\":\"2025-02-21T06:18:40+00:00\",\"mainEntityOfPage\":{\"@id\":\"https:\\\/\\\/www.ventanasprodeco.com\\\/noticias\\\/momento-adecuado-cambiar-ventanas\\\/\"},\"wordCount\":478,\"publisher\":{\"@id\":\"https:\\\/\\\/www.ventanasprodeco.com\\\/noticias\\\/#organization\"},\"image\":{\"@id\":\"https:\\\/\\\/www.ventanasprodeco.com\\\/noticias\\\/momento-adecuado-cambiar-ventanas\\\/#primaryimage\"},\"thumbnailUrl\":\"https:\\\/\\\/www.ventanasprodeco.com\\\/noticias\\\/wp-content\\\/uploads\\\/2025\\\/02\\\/momento-adecuado-cambiar-ventanas.jpg\",\"keywords\":[\"Ventanas\",\"Ventanas Ac\u00fasticas\",\"Ventanas Calidad\",\"Ventanas Elegantes\",\"Ventanas Modernas\",\"Ventanas Prodeco\",\"Ventanas PVC\",\"Ventanas Seguridad\",\"Ventanas T\u00e9rmicas\"],\"articleSection\":[\"Noticias\"],\"inLanguage\":\"es\"},{\"@type\":\"WebPage\",\"@id\":\"https:\\\/\\\/www.ventanasprodeco.com\\\/noticias\\\/momento-adecuado-cambiar-ventanas\\\/\",\"url\":\"https:\\\/\\\/www.ventanasprodeco.com\\\/noticias\\\/momento-adecuado-cambiar-ventanas\\\/\",\"name\":\"\u00bfCu\u00e1ndo es el Momento Adecuado para Cambiar tus Ventanas? - Ventanas Prodeco\",\"isPartOf\":{\"@id\":\"https:\\\/\\\/www.ventanasprodeco.com\\\/noticias\\\/#website\"},\"primaryImageOfPage\":{\"@id\":\"https:\\\/\\\/www.ventanasprodeco.com\\\/noticias\\\/momento-adecuado-cambiar-ventanas\\\/#primaryimage\"},\"image\":{\"@id\":\"https:\\\/\\\/www.ventanasprodeco.com\\\/noticias\\\/momento-adecuado-cambiar-ventanas\\\/#primaryimage\"},\"thumbnailUrl\":\"https:\\\/\\\/www.ventanasprodeco.com\\\/noticias\\\/wp-content\\\/uploads\\\/2025\\\/02\\\/momento-adecuado-cambiar-ventanas.jpg\",\"datePublished\":\"2025-02-21T06:04:58+00:00\",\"dateModified\":\"2025-02-21T06:18:40+00:00\",\"description\":\"Descubre cu\u00e1ndo es el momento ideal para cambiar tus ventanas y mejorar la eficiencia energ\u00e9tica, el confort y la seguridad de tu hogar.\",\"breadcrumb\":{\"@id\":\"https:\\\/\\\/www.ventanasprodeco.com\\\/noticias\\\/momento-adecuado-cambiar-ventanas\\\/#breadcrumb\"},\"inLanguage\":\"es\",\"potentialAction\":[{\"@type\":\"ReadAction\",\"target\":[\"https:\\\/\\\/www.ventanasprodeco.com\\\/noticias\\\/momento-adecuado-cambiar-ventanas\\\/\"]}]},{\"@type\":\"ImageObject\",\"inLanguage\":\"es\",\"@id\":\"https:\\\/\\\/www.ventanasprodeco.com\\\/noticias\\\/momento-adecuado-cambiar-ventanas\\\/#primaryimage\",\"url\":\"https:\\\/\\\/www.ventanasprodeco.com\\\/noticias\\\/wp-content\\\/uploads\\\/2025\\\/02\\\/momento-adecuado-cambiar-ventanas.jpg\",\"contentUrl\":\"https:\\\/\\\/www.ventanasprodeco.com\\\/noticias\\\/wp-content\\\/uploads\\\/2025\\\/02\\\/momento-adecuado-cambiar-ventanas.jpg\",\"width\":1568,\"height\":1046},{\"@type\":\"BreadcrumbList\",\"@id\":\"https:\\\/\\\/www.ventanasprodeco.com\\\/noticias\\\/momento-adecuado-cambiar-ventanas\\\/#breadcrumb\",\"itemListElement\":[{\"@type\":\"ListItem\",\"position\":1,\"name\":\"Portada\",\"item\":\"https:\\\/\\\/www.ventanasprodeco.com\\\/noticias\\\/\"},{\"@type\":\"ListItem\",\"position\":2,\"name\":\"\u00bfCu\u00e1ndo es el Momento Adecuado para Cambiar tus Ventanas?\"}]},{\"@type\":\"WebSite\",\"@id\":\"https:\\\/\\\/www.ventanasprodeco.com\\\/noticias\\\/#website\",\"url\":\"https:\\\/\\\/www.ventanasprodeco.com\\\/noticias\\\/\",\"name\":\"VentanasProdeco.com\",\"description\":\"Especialistas en Ventanas\",\"publisher\":{\"@id\":\"https:\\\/\\\/www.ventanasprodeco.com\\\/noticias\\\/#organization\"},\"potentialAction\":[{\"@type\":\"SearchAction\",\"target\":{\"@type\":\"EntryPoint\",\"urlTemplate\":\"https:\\\/\\\/www.ventanasprodeco.com\\\/noticias\\\/?s={search_term_string}\"},\"query-input\":{\"@type\":\"PropertyValueSpecification\",\"valueRequired\":true,\"valueName\":\"search_term_string\"}}],\"inLanguage\":\"es\"},{\"@type\":\"Organization\",\"@id\":\"https:\\\/\\\/www.ventanasprodeco.com\\\/noticias\\\/#organization\",\"name\":\"Ventanas Prodeco\",\"url\":\"https:\\\/\\\/www.ventanasprodeco.com\\\/noticias\\\/\",\"logo\":{\"@type\":\"ImageObject\",\"inLanguage\":\"es\",\"@id\":\"https:\\\/\\\/www.ventanasprodeco.com\\\/noticias\\\/#\\\/schema\\\/logo\\\/image\\\/\",\"url\":\"https:\\\/\\\/www.ventanasprodeco.com\\\/noticias\\\/wp-content\\\/uploads\\\/2023\\\/06\\\/cropped-logo.png\",\"contentUrl\":\"https:\\\/\\\/www.ventanasprodeco.com\\\/noticias\\\/wp-content\\\/uploads\\\/2023\\\/06\\\/cropped-logo.png\",\"width\":300,\"height\":65,\"caption\":\"Ventanas Prodeco\"},\"image\":{\"@id\":\"https:\\\/\\\/www.ventanasprodeco.com\\\/noticias\\\/#\\\/schema\\\/logo\\\/image\\\/\"},\"sameAs\":[\"https:\\\/\\\/www.facebook.com\\\/VentanasProdeco\",\"https:\\\/\\\/x.com\\\/VentanasProdeco\",\"https:\\\/\\\/www.tiktok.com\\\/@VentanasProdeco\",\"https:\\\/\\\/www.youtube.com\\\/@VentanasProdeco\"]},{\"@type\":\"Person\",\"@id\":\"https:\\\/\\\/www.ventanasprodeco.com\\\/noticias\\\/#\\\/schema\\\/person\\\/e2913647ff79c129e55984ab50faf21a\",\"name\":\"Ventanas Prodeco\",\"image\":{\"@type\":\"ImageObject\",\"inLanguage\":\"es\",\"@id\":\"https:\\\/\\\/secure.gravatar.com\\\/avatar\\\/c5f8fa291da6699f0d04718e30fdb7ff9fa47d2ae84c79a8f68922349513ce31?s=96&d=mm&r=g\",\"url\":\"https:\\\/\\\/secure.gravatar.com\\\/avatar\\\/c5f8fa291da6699f0d04718e30fdb7ff9fa47d2ae84c79a8f68922349513ce31?s=96&d=mm&r=g\",\"contentUrl\":\"https:\\\/\\\/secure.gravatar.com\\\/avatar\\\/c5f8fa291da6699f0d04718e30fdb7ff9fa47d2ae84c79a8f68922349513ce31?s=96&d=mm&r=g\",\"caption\":\"Ventanas Prodeco\"},\"sameAs\":[\"http:\\\/\\\/ventanasprodeco.com\\\/noticias\"],\"url\":\"https:\\\/\\\/www.ventanasprodeco.com\\\/noticias\\\/author\\\/admin\\\/\"}]}<\/script>\n<!-- \/ Yoast SEO plugin. -->","yoast_head_json":{"title":"\u00bfCu\u00e1ndo es el Momento Adecuado para Cambiar tus Ventanas? - Ventanas Prodeco","description":"Descubre cu\u00e1ndo es el momento ideal para cambiar tus ventanas y mejorar la eficiencia energ\u00e9tica, el confort y la seguridad de tu hogar.","robots":{"index":"index","follow":"follow","max-snippet":"max-snippet:-1","max-image-preview":"max-image-preview:large","max-video-preview":"max-video-preview:-1"},"canonical":"https:\/\/www.ventanasprodeco.com\/noticias\/momento-adecuado-cambiar-ventanas\/","og_locale":"es_ES","og_type":"article","og_title":"\u00bfCu\u00e1ndo es el Momento Adecuado para Cambiar tus Ventanas? - Ventanas Prodeco","og_description":"Descubre cu\u00e1ndo es el momento ideal para cambiar tus ventanas y mejorar la eficiencia energ\u00e9tica, el confort y la seguridad de tu hogar.","og_url":"https:\/\/www.ventanasprodeco.com\/noticias\/momento-adecuado-cambiar-ventanas\/","og_site_name":"Ventanas Prodeco","article_publisher":"https:\/\/www.facebook.com\/VentanasProdeco","article_published_time":"2025-02-21T06:04:58+00:00","article_modified_time":"2025-02-21T06:18:40+00:00","og_image":[{"width":1568,"height":1046,"url":"https:\/\/www.ventanasprodeco.com\/noticias\/wp-content\/uploads\/2025\/02\/momento-adecuado-cambiar-ventanas.jpg","type":"image\/jpeg"}],"author":"Ventanas Prodeco","twitter_card":"summary_large_image","twitter_creator":"@VentanasProdeco","twitter_site":"@VentanasProdeco","twitter_misc":{"Escrito por":"Ventanas Prodeco","Tiempo de lectura":"3 minutos"},"schema":{"@context":"https:\/\/schema.org","@graph":[{"@type":"Article","@id":"https:\/\/www.ventanasprodeco.com\/noticias\/momento-adecuado-cambiar-ventanas\/#article","isPartOf":{"@id":"https:\/\/www.ventanasprodeco.com\/noticias\/momento-adecuado-cambiar-ventanas\/"},"author":{"name":"Ventanas Prodeco","@id":"https:\/\/www.ventanasprodeco.com\/noticias\/#\/schema\/person\/e2913647ff79c129e55984ab50faf21a"},"headline":"\u00bfCu\u00e1ndo es el Momento Adecuado para Cambiar tus Ventanas?","datePublished":"2025-02-21T06:04:58+00:00","dateModified":"2025-02-21T06:18:40+00:00","mainEntityOfPage":{"@id":"https:\/\/www.ventanasprodeco.com\/noticias\/momento-adecuado-cambiar-ventanas\/"},"wordCount":478,"publisher":{"@id":"https:\/\/www.ventanasprodeco.com\/noticias\/#organization"},"image":{"@id":"https:\/\/www.ventanasprodeco.com\/noticias\/momento-adecuado-cambiar-ventanas\/#primaryimage"},"thumbnailUrl":"https:\/\/www.ventanasprodeco.com\/noticias\/wp-content\/uploads\/2025\/02\/momento-adecuado-cambiar-ventanas.jpg","keywords":["Ventanas","Ventanas Ac\u00fasticas","Ventanas Calidad","Ventanas Elegantes","Ventanas Modernas","Ventanas Prodeco","Ventanas PVC","Ventanas Seguridad","Ventanas T\u00e9rmicas"],"articleSection":["Noticias"],"inLanguage":"es"},{"@type":"WebPage","@id":"https:\/\/www.ventanasprodeco.com\/noticias\/momento-adecuado-cambiar-ventanas\/","url":"https:\/\/www.ventanasprodeco.com\/noticias\/momento-adecuado-cambiar-ventanas\/","name":"\u00bfCu\u00e1ndo es el Momento Adecuado para Cambiar tus Ventanas? - Ventanas Prodeco","isPartOf":{"@id":"https:\/\/www.ventanasprodeco.com\/noticias\/#website"},"primaryImageOfPage":{"@id":"https:\/\/www.ventanasprodeco.com\/noticias\/momento-adecuado-cambiar-ventanas\/#primaryimage"},"image":{"@id":"https:\/\/www.ventanasprodeco.com\/noticias\/momento-adecuado-cambiar-ventanas\/#primaryimage"},"thumbnailUrl":"https:\/\/www.ventanasprodeco.com\/noticias\/wp-content\/uploads\/2025\/02\/momento-adecuado-cambiar-ventanas.jpg","datePublished":"2025-02-21T06:04:58+00:00","dateModified":"2025-02-21T06:18:40+00:00","description":"Descubre cu\u00e1ndo es el momento ideal para cambiar tus ventanas y mejorar la eficiencia energ\u00e9tica, el confort y la seguridad de tu hogar.","breadcrumb":{"@id":"https:\/\/www.ventanasprodeco.com\/noticias\/momento-adecuado-cambiar-ventanas\/#breadcrumb"},"inLanguage":"es","potentialAction":[{"@type":"ReadAction","target":["https:\/\/www.ventanasprodeco.com\/noticias\/momento-adecuado-cambiar-ventanas\/"]}]},{"@type":"ImageObject","inLanguage":"es","@id":"https:\/\/www.ventanasprodeco.com\/noticias\/momento-adecuado-cambiar-ventanas\/#primaryimage","url":"https:\/\/www.ventanasprodeco.com\/noticias\/wp-content\/uploads\/2025\/02\/momento-adecuado-cambiar-ventanas.jpg","contentUrl":"https:\/\/www.ventanasprodeco.com\/noticias\/wp-content\/uploads\/2025\/02\/momento-adecuado-cambiar-ventanas.jpg","width":1568,"height":1046},{"@type":"BreadcrumbList","@id":"https:\/\/www.ventanasprodeco.com\/noticias\/momento-adecuado-cambiar-ventanas\/#breadcrumb","itemListElement":[{"@type":"ListItem","position":1,"name":"Portada","item":"https:\/\/www.ventanasprodeco.com\/noticias\/"},{"@type":"ListItem","position":2,"name":"\u00bfCu\u00e1ndo es el Momento Adecuado para Cambiar tus Ventanas?"}]},{"@type":"WebSite","@id":"https:\/\/www.ventanasprodeco.com\/noticias\/#website","url":"https:\/\/www.ventanasprodeco.com\/noticias\/","name":"VentanasProdeco.com","description":"Especialistas en Ventanas","publisher":{"@id":"https:\/\/www.ventanasprodeco.com\/noticias\/#organization"},"potentialAction":[{"@type":"SearchAction","target":{"@type":"EntryPoint","urlTemplate":"https:\/\/www.ventanasprodeco.com\/noticias\/?s={search_term_string}"},"query-input":{"@type":"PropertyValueSpecification","valueRequired":true,"valueName":"search_term_string"}}],"inLanguage":"es"},{"@type":"Organization","@id":"https:\/\/www.ventanasprodeco.com\/noticias\/#organization","name":"Ventanas Prodeco","url":"https:\/\/www.ventanasprodeco.com\/noticias\/","logo":{"@type":"ImageObject","inLanguage":"es","@id":"https:\/\/www.ventanasprodeco.com\/noticias\/#\/schema\/logo\/image\/","url":"https:\/\/www.ventanasprodeco.com\/noticias\/wp-content\/uploads\/2023\/06\/cropped-logo.png","contentUrl":"https:\/\/www.ventanasprodeco.com\/noticias\/wp-content\/uploads\/2023\/06\/cropped-logo.png","width":300,"height":65,"caption":"Ventanas Prodeco"},"image":{"@id":"https:\/\/www.ventanasprodeco.com\/noticias\/#\/schema\/logo\/image\/"},"sameAs":["https:\/\/www.facebook.com\/VentanasProdeco","https:\/\/x.com\/VentanasProdeco","https:\/\/www.tiktok.com\/@VentanasProdeco","https:\/\/www.youtube.com\/@VentanasProdeco"]},{"@type":"Person","@id":"https:\/\/www.ventanasprodeco.com\/noticias\/#\/schema\/person\/e2913647ff79c129e55984ab50faf21a","name":"Ventanas Prodeco","image":{"@type":"ImageObject","inLanguage":"es","@id":"https:\/\/secure.gravatar.com\/avatar\/c5f8fa291da6699f0d04718e30fdb7ff9fa47d2ae84c79a8f68922349513ce31?s=96&d=mm&r=g","url":"https:\/\/secure.gravatar.com\/avatar\/c5f8fa291da6699f0d04718e30fdb7ff9fa47d2ae84c79a8f68922349513ce31?s=96&d=mm&r=g","contentUrl":"https:\/\/secure.gravatar.com\/avatar\/c5f8fa291da6699f0d04718e30fdb7ff9fa47d2ae84c79a8f68922349513ce31?s=96&d=mm&r=g","caption":"Ventanas Prodeco"},"sameAs":["http:\/\/ventanasprodeco.com\/noticias"],"url":"https:\/\/www.ventanasprodeco.com\/noticias\/author\/admin\/"}]}},"_links":{"self":[{"href":"https:\/\/www.ventanasprodeco.com\/noticias\/wp-json\/wp\/v2\/posts\/1061","targetHints":{"allow":["GET"]}}],"collection":[{"href":"https:\/\/www.ventanasprodeco.com\/noticias\/wp-json\/wp\/v2\/posts"}],"about":[{"href":"https:\/\/www.ventanasprodeco.com\/noticias\/wp-json\/wp\/v2\/types\/post"}],"author":[{"embeddable":true,"href":"https:\/\/www.ventanasprodeco.com\/noticias\/wp-json\/wp\/v2\/users\/1"}],"replies":[{"embeddable":true,"href":"https:\/\/www.ventanasprodeco.com\/noticias\/wp-json\/wp\/v2\/comments?post=1061"}],"version-history":[{"count":0,"href":"https:\/\/www.ventanasprodeco.com\/noticias\/wp-json\/wp\/v2\/posts\/1061\/revisions"}],"wp:featuredmedia":[{"embeddable":true,"href":"https:\/\/www.ventanasprodeco.com\/noticias\/wp-json\/wp\/v2\/media\/1065"}],"wp:attachment":[{"href":"https:\/\/www.ventanasprodeco.com\/noticias\/wp-json\/wp\/v2\/media?parent=1061"}],"wp:term":[{"taxonomy":"category","embeddable":true,"href":"https:\/\/www.ventanasprodeco.com\/noticias\/wp-json\/wp\/v2\/categories?post=1061"},{"taxonomy":"post_tag","embeddable":true,"href":"https:\/\/www.ventanasprodeco.com\/noticias\/wp-json\/wp\/v2\/tags?post=1061"}],"curies":[{"name":"wp","href":"https:\/\/api.w.org\/{rel}","templated":true}]}}